{"id":23837,"date":"2019-03-30T11:01:29","date_gmt":"2019-03-30T09:01:29","guid":{"rendered":"http:\/\/www.psib-psoe.org\/mallorca\/els-socialistes-de-mallorca-es-preparen-per-fer-historia-aquesta-primavera-i-aturar-la-dreta-que-vol-fer-nos-retrocedir-en-drets-i-llibertats\/"},"modified":"2019-12-09T11:24:27","modified_gmt":"2019-12-09T09:24:27","slug":"els-socialistes-de-mallorca-es-preparen-per-fer-historia-aquesta-primavera-i-aturar-la-dreta-que-vol-fer-nos-retrocedir-en-drets-i-llibertats","status":"publish","type":"post","link":"https:\/\/www.psib-psoe.org\/mallorca\/els-socialistes-de-mallorca-es-preparen-per-fer-historia-aquesta-primavera-i-aturar-la-dreta-que-vol-fer-nos-retrocedir-en-drets-i-llibertats\/","title":{"rendered":"Els Socialistes de Mallorca es preparen per \u201cfer hist\u00f2ria aquesta primavera i aturar la dreta que vol fer-nos retrocedir en drets i llibertats\u201d"},"content":{"rendered":"<div class=\"row wpb_row row-fluid img_noticia\">\n<div class=\"wpb_column columns small-12 medium-12 thb-dark-column\">\n<div class=\"vc_column-inner \">\n<div class=\"wpb_wrapper\">\n<div class=\"wpb_single_image wpb_content_element vc_align_center vc_custom_1560243837719\">\n<figure class=\"wpb_wrapper vc_figure\">\n<div class=\"vc_single_image-wrapper vc_box_border_grey\"><img loading=\"lazy\" decoding=\"async\" class=\"vc_single_image-img attachment-full\" src=\"http:\/\/www.psib-psoe.org\/wp-content\/uploads\/acte-municipalisme-conferencia-politica-mallorca-2019.jpeg\" alt=\"\" width=\"1000\" height=\"696\" \/><\/div>\n<\/figure>\n<\/div>\n<\/div>\n<\/div>\n<\/div>\n<\/div>\n<div class=\"row wpb_row row-fluid intro full-width-row vc_custom_1558336094678\">\n<div class=\"col_izq wpb_column columns small-12 medium-12 thb-dark-column\">\n<div class=\"vc_column-inner \">\n<div class=\"wpb_wrapper\">\n<div class=\"wpb_text_column wpb_content_element \">\n<div class=\"wpb_wrapper\">\n<p><em><u>Al voltant de 80 regidors, regidores, batles i batlesses de l\u2019illa han participat en un acte de municipalisme en el marc de la Confer\u00e8ncia Pol\u00edtica Insular al qual ha assistit Catalina Cladera<\/u><\/em><\/p>\n<\/div>\n<\/div>\n<\/div>\n<\/div>\n<\/div>\n<\/div>\n<div class=\"row wpb_row row-fluid full-width-row\">\n<div class=\"col_izq wpb_column columns small-12 medium-6 thb-dark-column\">\n<div class=\"vc_column-inner \">\n<div class=\"wpb_wrapper\">\n<div class=\"wpb_text_column wpb_content_element \">\n<div class=\"wpb_wrapper\">\n<p>La Federaci\u00f3 Socialista de Mallorca ha reunit avui demat\u00ed una vuitantena de batles, batlesses, regidors i regidores de l\u2019illa en un acte en qu\u00e8 s\u2019han compartit experi\u00e8ncies i propostes de pol\u00edtica municipal en un acte emmarcat en la Confer\u00e8ncia Pol\u00edtica Insular al qual ha assistit Catalina Cladera, candidata del PSIB-PSOE al Consell de Mallorca.<\/p>\n<p>Cladera ha destacat \u201cel poder municipalista del PSIB-PSOE\u201d i ha insistit en el fet que, precisament, aquest municipalisme \u201c\u00e9s la base i la for\u00e7a dels socialistes\u201d, ja que \u00e9s als ajuntaments on es fan \u201cpol\u00edtiques m\u00e9s properes als ciutadans i el que nosaltres pretenem \u00e9s configurar municipis m\u00e9s propers, m\u00e9s sostenibles, m\u00e9s socials, m\u00e9s oberts i m\u00e9s democr\u00e0tics\u201d.<\/p>\n<p>En aquest sentit, la candidata socialista ha explicat que, avui dia, \u201cels socialistes gestionam els interessos de 3 de cada 4 habitants de Mallorca\u201d, concretament amb 13 batlies, 120 regidors i regidores i participant en el govern de 25 ajuntaments de Mallorca.<\/p>\n<\/div>\n<\/div>\n<\/div>\n<\/div>\n<\/div>\n<div class=\"col_dcha wpb_column columns small-12 medium-6 thb-dark-column\">\n<div class=\"vc_column-inner \">\n<div class=\"wpb_wrapper\">\n<div class=\"wpb_text_column wpb_content_element \">\n<div class=\"wpb_wrapper\">\n<p>Cladera tamb\u00e9 s\u2019ha mostrat confiada en el fet que a les eleccions del 26 de maig \u201cla base municipalista dels socialistes creixer\u00e0\u201d i ha dit que els estan preparats per \u201cfer hist\u00f2ria aquesta primavera aturar la dreta que vol fer-nos retrocedir en els aven\u00e7os aconseguits en drets, llibertats i benestar social\u201d.<\/p>\n<p>En l\u2019acte d\u2019avui s\u2019han abordat alguns dels temes que m\u00e9s preocupen els ve\u00efns i ve\u00efnes de qualsevol municipi de l\u2019illa, com s\u00f3n l\u2019educaci\u00f3, la sanitat, les pol\u00edtiques per als joves, l\u2019habitatge o l\u2019atenci\u00f3 domicili\u00e0ria per a gent gran. \u201cAvui volem compartir experi\u00e8ncies i fer propostes que seran la base del programa electoral per a les eleccions del 26 de maig\u201d.<\/p>\n<\/div>\n<\/div>\n<\/div>\n<\/div>\n<\/div>\n<\/div>\n<p>Source: Portada<\/p>\n","protected":false},"excerpt":{"rendered":"<p>Al voltant de 80 regidors, regidores, batles i batlesses de l\u2019illa han participat en un acte de municipalisme en el marc de la Confer\u00e8ncia Pol\u00edtica Insular al qual ha assistit Catalina Cladera La Federaci\u00f3 Socialista de Mallorca ha reunit avui demat\u00ed una vuitantena de batles, batlesses, regidors i regidores de l\u2019illa en un acte en&hellip;<\/p>\n","protected":false},"author":1,"featured_media":24005,"comment_status":"closed","ping_status":"open","sticky":false,"template":"","format":"standard","meta":{"footnotes":""},"categories":[2,90],"tags":[],"class_list":["post-23837","post","type-post","status-publish","format-standard","has-post-thumbnail","hentry","category-federacio-de-mallorca","category-municipis"],"_links":{"self":[{"href":"https:\/\/www.psib-psoe.org\/mallorca\/wp-json\/wp\/v2\/posts\/23837"}],"collection":[{"href":"https:\/\/www.psib-psoe.org\/mallorca\/wp-json\/wp\/v2\/posts"}],"about":[{"href":"https:\/\/www.psib-psoe.org\/mallorca\/wp-json\/wp\/v2\/types\/post"}],"author":[{"embeddable":true,"href":"https:\/\/www.psib-psoe.org\/mallorca\/wp-json\/wp\/v2\/users\/1"}],"replies":[{"embeddable":true,"href":"https:\/\/www.psib-psoe.org\/mallorca\/wp-json\/wp\/v2\/comments?post=23837"}],"version-history":[{"count":0,"href":"https:\/\/www.psib-psoe.org\/mallorca\/wp-json\/wp\/v2\/posts\/23837\/revisions"}],"wp:featuredmedia":[{"embeddable":true,"href":"https:\/\/www.psib-psoe.org\/mallorca\/wp-json\/wp\/v2\/media\/24005"}],"wp:attachment":[{"href":"https:\/\/www.psib-psoe.org\/mallorca\/wp-json\/wp\/v2\/media?parent=23837"}],"wp:term":[{"taxonomy":"category","embeddable":true,"href":"https:\/\/www.psib-psoe.org\/mallorca\/wp-json\/wp\/v2\/categories?post=23837"},{"taxonomy":"post_tag","embeddable":true,"href":"https:\/\/www.psib-psoe.org\/mallorca\/wp-json\/wp\/v2\/tags?post=23837"}],"curies":[{"name":"wp","href":"https:\/\/api.w.org\/{rel}","templated":true}]}}