{"id":23844,"date":"2019-04-27T11:47:55","date_gmt":"2019-04-27T09:47:55","guid":{"rendered":"http:\/\/www.psib-psoe.org\/mallorca\/bonet-posa-lampliacio-del-parc-nacional-de-cabrera-com-a-exemple-del-compromis-amb-lentorn-que-nomes-es-protegeix-quan-governam-els-socialistes\/"},"modified":"2019-12-05T13:37:46","modified_gmt":"2019-12-05T11:37:46","slug":"bonet-posa-lampliacio-del-parc-nacional-de-cabrera-com-a-exemple-del-compromis-amb-lentorn-que-nomes-es-protegeix-quan-governam-els-socialistes","status":"publish","type":"post","link":"https:\/\/www.psib-psoe.org\/mallorca\/bonet-posa-lampliacio-del-parc-nacional-de-cabrera-com-a-exemple-del-compromis-amb-lentorn-que-nomes-es-protegeix-quan-governam-els-socialistes\/","title":{"rendered":"Bonet posa l\u2019ampliaci\u00f3 del Parc Nacional de Cabrera com a exemple \u201cdel comprom\u00eds amb l\u2019entorn, que nom\u00e9s es protegeix quan governam els socialistes\u201d"},"content":{"rendered":"<div class=\"wpb-content-wrapper\">[vc_row][vc_column][vc_single_image image=&#8221;24352&#8243;][vc_column_text]\n<div class=\"row wpb_row row-fluid img_noticia\">\n<div class=\"wpb_column columns small-12 medium-12 thb-dark-column\">\n<div class=\"vc_column-inner \">\n<div class=\"wpb_wrapper\"><\/div>\n<\/div>\n<\/div>\n<\/div>\n<div class=\"row wpb_row row-fluid intro full-width-row vc_custom_1558336094678\">\n<div class=\"col_izq wpb_column columns small-12 medium-12 thb-dark-column\">\n<div class=\"vc_column-inner \">\n<div class=\"wpb_wrapper\"><\/div>\n<\/div>\n<\/div>\n<\/div>\n<div class=\"row wpb_row row-fluid full-width-row\">\n<div class=\"col_izq wpb_column columns small-12 medium-6 thb-dark-column\">\n<div class=\"vc_column-inner \">\n<div class=\"wpb_wrapper\">\n<div class=\"wpb_text_column wpb_content_element \">\n<div class=\"wpb_wrapper\">\n<p>Els socialistes han celebrat una trobada amb militants i simpatitzants a la Col\u00f2nia de Sant Jordi, coincidint amb la celebraci\u00f3 pr\u00f2ximament del 28\u00e8 aniversari del Parc Nacional mar\u00edtim i terrestre de Cabrera.<\/p>\n<p>Un aniversari que arriba amb l\u2019ampliaci\u00f3, recentment, del parc nacional, que s\u2019ha convertit amb els Governs de Pedro S\u00e1nchez i de Francina Armengol en el parc mar\u00edtim i terrestre m\u00e9s gran de tota la mediterr\u00e0nia occidental. Un fet que pel candidat del PSIB-PSOE al Senat per Mallorca, Cosme Bonet, \u00e9s mostra \u201cdel comprom\u00eds socialista amb el medi ambient, amb la sostenibilitat i amb el nostre entorn natural, el qual \u00e9s fonamental mantenir pels que residim aqu\u00ed i tamb\u00e9 per mantenir les illes com a destinaci\u00f3 tur\u00edstica de primer ordre\u201d.<\/p>\n<p>El candidat socialista ha recordat que una vegada m\u00e9s \u201cla protecci\u00f3 del territori i el medi ambient va unit a la gesti\u00f3 d\u2019un govern socialista\u201d, i ha criticat que amb l\u2019ampliaci\u00f3 del parc de Cabrera \u201cs\u2019ha fet realitat un projecte que el PP tenia paralitzat\u201d.<\/p>\n<\/div>\n<\/div>\n<\/div>\n<\/div>\n<\/div>\n<div class=\"col_dcha wpb_column columns small-12 medium-6 thb-dark-column\">\n<div class=\"vc_column-inner \">\n<div class=\"wpb_wrapper\">\n<div class=\"wpb_text_column wpb_content_element \">\n<div class=\"wpb_wrapper\">\n<p>En aquest sentit, Bonet ha criticat que \u201cla dreta i el medi ambient s\u00f3n dos conceptes que no casen b\u00e9, la dreta mai ha tengut inter\u00e8s en la protecci\u00f3 del medi ambient, perqu\u00e8 sempre que s\u2019han fet passes endavant en la seva protecci\u00f3 ha estat amb un govern socialista\u201d.<\/p>\n<p>A m\u00e9s de l\u2019ampliaci\u00f3 del Parc Nacional de Cabrera, Bonet ha posat altres exemples com la Llei de Residus o la Llei del Canvi Clim\u00e0tic, \u201cque com va dir el president Pedro S\u00e1nchez s\u00f3n exemples del que ell vol traslladar al conjunt de l\u2019Estat\u201d.<\/p>\n<p>En aquest mateix sentit s\u2019ha pronunciat la candidata socialista al Consell de Mallorca, Catalina Cladera, qui ha avan\u00e7at que la sostenibilitat \u201cser\u00e0 un dels eixos del nostre programa electoral i del futur cap a on volem anar\u201d, despr\u00e9s de posar les bases aquesta legislatura amb la Llei del Canvi Clim\u00e0tic i la de residus.<\/p>\n<p>En concret, la candidata socialista ha explicat que des del Consell de Mallorca \u201capostarem de forma decidida per implantar la Llei del Canvi Clim\u00e0tic amb un programa ambici\u00f3s d\u2019energies renovables a Mallorca, amb l\u2019objectiu que el 2028 el 50% de l\u2019energia que es produeixi a Mallorca ja sigui de fonts renovables\u201d.<\/p>\n<p>Finalment, Cladera tamb\u00e9 s\u2019ha comprom\u00e8s a fomentar l\u2019economia circular i a reduir la generaci\u00f3 de residus.<\/p>\n<\/div>\n<\/div>\n<\/div>\n<\/div>\n<\/div>\n<\/div>\n<p>Source: Actualitat Consell de Mallorca[\/vc_column_text][\/vc_column][\/vc_row]\n<\/div>","protected":false},"excerpt":{"rendered":"<p>[vc_row][vc_column][vc_single_image image=&#8221;24352&#8243;][vc_column_text] Els socialistes han celebrat una trobada amb militants i simpatitzants a la Col\u00f2nia de Sant Jordi, coincidint amb la celebraci\u00f3 pr\u00f2ximament del 28\u00e8 aniversari del Parc Nacional mar\u00edtim i terrestre de Cabrera. Un aniversari que arriba amb l\u2019ampliaci\u00f3, recentment, del parc nacional, que s\u2019ha convertit amb els Governs de Pedro S\u00e1nchez i de&hellip;<\/p>\n","protected":false},"author":1,"featured_media":24352,"comment_status":"closed","ping_status":"open","sticky":false,"template":"","format":"standard","meta":{"footnotes":""},"categories":[2,90],"tags":[],"class_list":["post-23844","post","type-post","status-publish","format-standard","has-post-thumbnail","hentry","category-federacio-de-mallorca","category-municipis"],"_links":{"self":[{"href":"https:\/\/www.psib-psoe.org\/mallorca\/wp-json\/wp\/v2\/posts\/23844"}],"collection":[{"href":"https:\/\/www.psib-psoe.org\/mallorca\/wp-json\/wp\/v2\/posts"}],"about":[{"href":"https:\/\/www.psib-psoe.org\/mallorca\/wp-json\/wp\/v2\/types\/post"}],"author":[{"embeddable":true,"href":"https:\/\/www.psib-psoe.org\/mallorca\/wp-json\/wp\/v2\/users\/1"}],"replies":[{"embeddable":true,"href":"https:\/\/www.psib-psoe.org\/mallorca\/wp-json\/wp\/v2\/comments?post=23844"}],"version-history":[{"count":0,"href":"https:\/\/www.psib-psoe.org\/mallorca\/wp-json\/wp\/v2\/posts\/23844\/revisions"}],"wp:featuredmedia":[{"embeddable":true,"href":"https:\/\/www.psib-psoe.org\/mallorca\/wp-json\/wp\/v2\/media\/24352"}],"wp:attachment":[{"href":"https:\/\/www.psib-psoe.org\/mallorca\/wp-json\/wp\/v2\/media?parent=23844"}],"wp:term":[{"taxonomy":"category","embeddable":true,"href":"https:\/\/www.psib-psoe.org\/mallorca\/wp-json\/wp\/v2\/categories?post=23844"},{"taxonomy":"post_tag","embeddable":true,"href":"https:\/\/www.psib-psoe.org\/mallorca\/wp-json\/wp\/v2\/tags?post=23844"}],"curies":[{"name":"wp","href":"https:\/\/api.w.org\/{rel}","templated":true}]}}