{"id":23845,"date":"2019-03-28T13:32:57","date_gmt":"2019-03-28T11:32:57","guid":{"rendered":"http:\/\/www.psib-psoe.org\/mallorca\/el-psib-psoe-defensa-que-al-consell-de-mallorca-hem-passat-duna-zona-zero-a-una-institucio-millor-que-lluita-per-una-societat-mes-justa-lliure-i-igualitaria\/"},"modified":"2019-12-09T11:29:46","modified_gmt":"2019-12-09T09:29:46","slug":"el-psib-psoe-defensa-que-al-consell-de-mallorca-hem-passat-duna-zona-zero-a-una-institucio-millor-que-lluita-per-una-societat-mes-justa-lliure-i-igualitaria","status":"publish","type":"post","link":"https:\/\/www.psib-psoe.org\/mallorca\/el-psib-psoe-defensa-que-al-consell-de-mallorca-hem-passat-duna-zona-zero-a-una-institucio-millor-que-lluita-per-una-societat-mes-justa-lliure-i-igualitaria\/","title":{"rendered":"El PSIB-PSOE defensa que al Consell de Mallorca hem passat \u201cd\u2019una zona zero a una instituci\u00f3 millor que lluita per una societat m\u00e9s justa, lliure i igualit\u00e0ria\u201d"},"content":{"rendered":"<div class=\"wpb-content-wrapper\">[vc_row][vc_column][vc_single_image image=&#8221;24373&#8243;][vc_column_text]\n<div class=\"row wpb_row row-fluid img_noticia\">\n<div class=\"wpb_column columns small-12 medium-12 thb-dark-column\">\n<div class=\"vc_column-inner \">\n<div class=\"wpb_wrapper\"><\/div>\n<\/div>\n<\/div>\n<\/div>\n<div class=\"row wpb_row row-fluid intro full-width-row vc_custom_1558336094678\">\n<div class=\"col_izq wpb_column columns small-12 medium-12 thb-dark-column\">\n<div class=\"vc_column-inner \">\n<div class=\"wpb_wrapper\"><\/div>\n<\/div>\n<\/div>\n<\/div>\n<div class=\"row wpb_row row-fluid full-width-row\">\n<div class=\"col_izq wpb_column columns small-12 medium-6 thb-dark-column\">\n<div class=\"vc_column-inner \">\n<div class=\"wpb_wrapper\">\n<div class=\"wpb_text_column wpb_content_element \">\n<div class=\"wpb_wrapper\">\n<p>El Grup Socialista ha fet un balan\u00e7 molt positiu de la legislatura durant el Debat de Pol\u00edtica General del Consell de Mallorca. El portaveu, Miquel \u00c0ngel Coll, ha explicat que \u201cel 2015 vam trobar una gran zona zero: zero places creades per a la depend\u00e8ncia, zero reformes d\u2019infraestructures socials, zero compet\u00e8ncies assumides, zero inversi\u00f3 i zero il\u00b7lusi\u00f3 per canviar absolutament res\u201d.<\/p>\n<p>Un fet que, tal com ha defensat Coll, ha quedat enrere per \u201cengegar un canvi de paradigma\u201d, perqu\u00e8 \u201chem passat de fiar-ho tot a l\u2019aventura, d\u2019esperar que deix\u00e0s de bufar el vent en contra, a actuar, fent cr\u00e9ixer les institucions, lluitant per una societat m\u00e9s justa, m\u00e9s lliure i m\u00e9s igualit\u00e0ria, redistribuint la riquesa perqu\u00e8 aquells que ho passin pitjor tenguin una nova oportunitat\u201d.<\/p>\n<p>El portaveu socialista ha emfatitzat en primer lloc la bona gesti\u00f3 econ\u00f2mica de l\u2019equip de govern, que el PP ha qualificat de desastre. \u201cResulta que \u00e9s un desastre que el 2019 tenguem el Consell sanejat, que tenguem el deute a m\u00ednims hist\u00f2rics o que haguem resolt el tema de les bestretes\u201d.<\/p>\n<\/div>\n<\/div>\n<\/div>\n<\/div>\n<\/div>\n<div class=\"col_dcha wpb_column columns small-12 medium-6 thb-dark-column\">\n<div class=\"vc_column-inner \">\n<div class=\"wpb_wrapper\">\n<div class=\"wpb_text_column wpb_content_element \">\n<div class=\"wpb_wrapper\">\n<p>En qualsevol cas, pel portaveu socialista, un dels fets m\u00e9s destacables de la legislatura \u00e9s la forta aposta pel benestar social, ja que \u201cdespr\u00e9s de quatre anys en qu\u00e8 no es va crear ni una sola pla\u00e7a d\u2019atenci\u00f3 a la depend\u00e8ncia, aquesta legislatura n\u2019haurem creat i projectat 380\u201d. Per aix\u00f2, Coll ha criticat que \u201cnosaltres tenim la foto impossible de la dreta la passada legislatura: inaugurant noves infraestructures socials, perqu\u00e8 hem aconseguit el que ells no van fer en el seu mandat\u201d.<\/p>\n<p>Coll tamb\u00e9 ha destacat altres objectius de legislatura aconseguits, com \u201cposar punt als projectes fara\u00f2nics de carreteres, donar soluci\u00f3 als nous reptes com ordenar la q\u00fcesti\u00f3 del lloguer vacacional, resoldre les injust\u00edcies posant fi al peatge m\u00e9s car d\u2019Espanya al T\u00fanel de S\u00f3ller i posant ordre en el s\u00f2l r\u00fastic, passant de 5 a 31 municipis adherits a l\u2019Ag\u00e8ncia de Defensa del Territori.<\/p>\n<p>Finalment, el portaveu socialista no ha volgut passar per alt que \u201caquest tamb\u00e9 \u00e9s un Consell millor pels ajuntaments de l\u2019illa, ja que en quatre anys hauran rebut m\u00e9s de 80 milions d\u2019euros, una xifra r\u00e8cord\u201d.<\/p>\n<p>Coll, ha tancat la seva intervenci\u00f3 en el Debat de Pol\u00edtica General del Consell de Mallorca remarcant que \u201cestam preparats i entrenats per continuar fent pol\u00edtiques de progr\u00e9s des dels governs de les institucions d\u2019aquesta comunitat\u201d.<\/p>\n<\/div>\n<\/div>\n<\/div>\n<\/div>\n<\/div>\n<\/div>\n<p>Source: Actualitat Consell de Mallorca[\/vc_column_text][\/vc_column][\/vc_row]\n<\/div>","protected":false},"excerpt":{"rendered":"<p>[vc_row][vc_column][vc_single_image image=&#8221;24373&#8243;][vc_column_text] El Grup Socialista ha fet un balan\u00e7 molt positiu de la legislatura durant el Debat de Pol\u00edtica General del Consell de Mallorca. El portaveu, Miquel \u00c0ngel Coll, ha explicat que \u201cel 2015 vam trobar una gran zona zero: zero places creades per a la depend\u00e8ncia, zero reformes d\u2019infraestructures socials, zero compet\u00e8ncies assumides, zero&hellip;<\/p>\n","protected":false},"author":1,"featured_media":24373,"comment_status":"closed","ping_status":"open","sticky":false,"template":"","format":"standard","meta":{"footnotes":""},"categories":[89],"tags":[],"class_list":["post-23845","post","type-post","status-publish","format-standard","has-post-thumbnail","hentry","category-consell-de-mallorca"],"_links":{"self":[{"href":"https:\/\/www.psib-psoe.org\/mallorca\/wp-json\/wp\/v2\/posts\/23845"}],"collection":[{"href":"https:\/\/www.psib-psoe.org\/mallorca\/wp-json\/wp\/v2\/posts"}],"about":[{"href":"https:\/\/www.psib-psoe.org\/mallorca\/wp-json\/wp\/v2\/types\/post"}],"author":[{"embeddable":true,"href":"https:\/\/www.psib-psoe.org\/mallorca\/wp-json\/wp\/v2\/users\/1"}],"replies":[{"embeddable":true,"href":"https:\/\/www.psib-psoe.org\/mallorca\/wp-json\/wp\/v2\/comments?post=23845"}],"version-history":[{"count":0,"href":"https:\/\/www.psib-psoe.org\/mallorca\/wp-json\/wp\/v2\/posts\/23845\/revisions"}],"wp:featuredmedia":[{"embeddable":true,"href":"https:\/\/www.psib-psoe.org\/mallorca\/wp-json\/wp\/v2\/media\/24373"}],"wp:attachment":[{"href":"https:\/\/www.psib-psoe.org\/mallorca\/wp-json\/wp\/v2\/media?parent=23845"}],"wp:term":[{"taxonomy":"category","embeddable":true,"href":"https:\/\/www.psib-psoe.org\/mallorca\/wp-json\/wp\/v2\/categories?post=23845"},{"taxonomy":"post_tag","embeddable":true,"href":"https:\/\/www.psib-psoe.org\/mallorca\/wp-json\/wp\/v2\/tags?post=23845"}],"curies":[{"name":"wp","href":"https:\/\/api.w.org\/{rel}","templated":true}]}}