{"id":23886,"date":"2019-04-14T11:16:26","date_gmt":"2019-04-14T09:16:26","guid":{"rendered":"http:\/\/www.psib-psoe.org\/mallorca\/francina-armengol-demana-per-al-28-dabril-i-el-26-de-maig-el-vot-de-lesperanca-perque-cada-vegada-que-obrim-una-fossa-tancam-una-ferida\/"},"modified":"2019-12-09T11:08:53","modified_gmt":"2019-12-09T09:08:53","slug":"francina-armengol-demana-per-al-28-dabril-i-el-26-de-maig-el-vot-de-lesperanca-perque-cada-vegada-que-obrim-una-fossa-tancam-una-ferida","status":"publish","type":"post","link":"https:\/\/www.psib-psoe.org\/mallorca\/francina-armengol-demana-per-al-28-dabril-i-el-26-de-maig-el-vot-de-lesperanca-perque-cada-vegada-que-obrim-una-fossa-tancam-una-ferida\/","title":{"rendered":"Francina Armengol demana per al 28 d\u2019abril i el 26 de maig \u201cel vot de l\u2019esperan\u00e7a, perqu\u00e8 cada vegada que obrim una fossa, tancam una ferida\u201d"},"content":{"rendered":"<div class=\"row wpb_row row-fluid img_noticia\">\n<div class=\"wpb_column columns small-12 medium-12 thb-dark-column\">\n<div class=\"vc_column-inner \">\n<div class=\"wpb_wrapper\">\n<div class=\"wpb_single_image wpb_content_element vc_align_center vc_custom_1560158462391\">\n<figure class=\"wpb_wrapper vc_figure\">\n<div class=\"vc_single_image-wrapper vc_box_border_grey\"><img loading=\"lazy\" decoding=\"async\" class=\"vc_single_image-img attachment-full\" src=\"http:\/\/www.psib-psoe.org\/wp-content\/uploads\/francina-armengol-presentacio-rafel-aulet-candidat-maria-de-la-salut-abril-2019.jpeg\" alt=\"\" width=\"1000\" height=\"750\" \/><\/div>\n<\/figure>\n<\/div>\n<\/div>\n<\/div>\n<\/div>\n<\/div>\n<div class=\"row wpb_row row-fluid intro full-width-row vc_custom_1558336094678\">\n<div class=\"col_izq wpb_column columns small-12 medium-12 thb-dark-column\">\n<div class=\"vc_column-inner \">\n<div class=\"wpb_wrapper\">\n<div class=\"wpb_text_column wpb_content_element \">\n<div class=\"wpb_wrapper\">\n<p><em><u>La candidata al Govern i el candidat al Congr\u00e9s dels Diputats, Pere Joan Pons, han acompanyat Rafel Aulet en la seva presentaci\u00f3 com a candidat socialista a la batlia de Maria de la Salut i al qual han donat suport m\u00e9s de 150 persones<\/u><\/em><\/p>\n<\/div>\n<\/div>\n<\/div>\n<\/div>\n<\/div>\n<\/div>\n<div class=\"row wpb_row row-fluid full-width-row\">\n<div class=\"col_izq wpb_column columns small-12 medium-6 thb-dark-column\">\n<div class=\"vc_column-inner \">\n<div class=\"wpb_wrapper\">\n<div class=\"wpb_text_column wpb_content_element \">\n<div class=\"wpb_wrapper\">\n<p>M\u00e9s de 150 persones han assistit a l\u2019acte de presentaci\u00f3 de Rafel Aulet com a candidat a la batlia de Maria de la Salut, al qual han acompanyat la candidata al Govern de les Illes Balears, Francina Armengol, i el candidat socialista al Congr\u00e9s dels Diputats, Pere Joan Pons.<\/p>\n<p>El candidat al Congr\u00e9s dels Diputats, Pere Joan Pons, ha comen\u00e7at la seva intervenci\u00f3 fent una comparativa entre els 7 anys \u201cde la G\u00fcrtel\u201d respecte dels 10 mesos de Pedro S\u00e1nchez, \u201cnit i dia\u201d en la manera de fer pol\u00edtica, ha dit.<\/p>\n<p>\u201cEls 10 mesos de govern de S\u00e1nchez han demostrat que les Illes Balears hem estat un laboratori de pol\u00edtiques que s\u2019han d\u2019exportar a Espanya\u201d i ha posat d\u2019exemple les mesures encaminades a \u201clluitar contra la precarietat laboral i el canvi clim\u00e0tic, i tamb\u00e9 per millorar les pensions i els salaris\u201d.<\/p>\n<p>En aquest sentit, Pons ha insistit en el fet que les enquestes no guanyen eleccions, per aix\u00f2 ha demanat que el vot el 28 d\u2019abril \u201cha de ser socialista, perqu\u00e8 no passi com a Andalusia i governi a Espanya l\u2019alternativa conformada per la pitjor dreta que hi pot haver\u201d.<\/p>\n<p>\u201cEns jugam mirar cap al progr\u00e9s i fer una Espanya m\u00e9s moderna i sostenible o una Espanya que vagi cap enrere\u201d, ha insistit Pons, qui tamb\u00e9 ha destacat que \u201cvivim una situaci\u00f3 que ens definir\u00e0 com a ciutadans\u201d.<\/p>\n<p>Per la seva banda, la candidata al Govern de les Illes Balears, Francina Armengol, ha recordat que el Partit Socialista \u201ct\u00e9 140 anys per alguna cosa\u201d, que \u00e9s situar sempre les persones en el centre de les pol\u00edtiques.<\/p>\n<\/div>\n<\/div>\n<\/div>\n<\/div>\n<\/div>\n<div class=\"col_dcha wpb_column columns small-12 medium-6 thb-dark-column\">\n<div class=\"vc_column-inner \">\n<div class=\"wpb_wrapper\">\n<div class=\"wpb_text_column wpb_content_element \">\n<div class=\"wpb_wrapper\">\n<p>Respecte d\u2019aix\u00f2, Armengol ha demanat \u201ctornar a ser presidenta per seguir avan\u00e7ant en educaci\u00f3 p\u00fablica, en lluita contra el canvi clim\u00e0tic, i per seguir recuperant la mem\u00f2ria\u201d.<\/p>\n<p>En aquest sentit, la candidata socialista ha destacat la feina feta al Govern amb mesures com les lleis de Fosses i de Mem\u00f2ria Democr\u00e0tica aprovades aquesta legislatura i que han perm\u00e8s que \u201ccada fossa oberta sigui una ferida tancada\u201d, alhora que ha recordat \u201cque no \u00e9s suficient\u201d i que per aix\u00f2 el 28 d\u2019abril i el 26 de maig \u201cel vot ha de ser el de l\u2019esperan\u00e7a, el del Partit Socialista\u201d.<\/p>\n<p>Armengol ha dit de Rafel Aulet \u201cque ser\u00e0 un gran batle per a Maria de la Salut\u201d, qui, com ella, est\u00e0 en pol\u00edtica \u201cper canviar la societat que vivim i, a m\u00e9s de ser una bona persona, sap el que necessita el seu poble\u201d.<\/p>\n<p>Rafel Aulet, per la seva banda, ha anunciat que l\u2019Agrupaci\u00f3 Socialista de Maria de la Salut proposa fer un \u201crac\u00f3 de la mem\u00f2ria al cementiri municipal en homenatge als mariandos que foren represaliats per la dictadura\u201d, com tamb\u00e9 l\u2019impuls d\u2019un centre de dia al municipi, en l\u00ednia amb les pol\u00edtiques socials i de servei al ciutad\u00e0 dels socialistes.<\/p>\n<p>A l\u2019acte tamb\u00e9 ha assistit la secret\u00e0ria general dels Socialistes de Mallorca, Mercedes Garrido, qui ha posat de relleu \u201cla for\u00e7a m\u00e9s gran que mai\u201d dels socialistes com demostra la gent que \u00e9s avui aqu\u00ed\u201d i ha acabat per dir que \u00e9s aquesta for\u00e7a \u201cla que hem d\u2019emprar\u201d el 28 d\u2019abril i el 26 de maig anant a votar \u201cper evitar els que volen tornar a la dictadura\u201d.<\/p>\n<\/div>\n<\/div>\n<\/div>\n<\/div>\n<\/div>\n<\/div>\n<p>Source: Actualitat Municipis<\/p>\n","protected":false},"excerpt":{"rendered":"<p>La candidata al Govern i el candidat al Congr\u00e9s dels Diputats, Pere Joan Pons, han acompanyat Rafel Aulet en la seva presentaci\u00f3 com a candidat socialista a la batlia de Maria de la Salut i al qual han donat suport m\u00e9s de 150 persones M\u00e9s de 150 persones han assistit a l\u2019acte de presentaci\u00f3 de&hellip;<\/p>\n","protected":false},"author":1,"featured_media":23887,"comment_status":"closed","ping_status":"open","sticky":false,"template":"","format":"standard","meta":{"footnotes":""},"categories":[2,90],"tags":[],"class_list":["post-23886","post","type-post","status-publish","format-standard","has-post-thumbnail","hentry","category-federacio-de-mallorca","category-municipis"],"_links":{"self":[{"href":"https:\/\/www.psib-psoe.org\/mallorca\/wp-json\/wp\/v2\/posts\/23886"}],"collection":[{"href":"https:\/\/www.psib-psoe.org\/mallorca\/wp-json\/wp\/v2\/posts"}],"about":[{"href":"https:\/\/www.psib-psoe.org\/mallorca\/wp-json\/wp\/v2\/types\/post"}],"author":[{"embeddable":true,"href":"https:\/\/www.psib-psoe.org\/mallorca\/wp-json\/wp\/v2\/users\/1"}],"replies":[{"embeddable":true,"href":"https:\/\/www.psib-psoe.org\/mallorca\/wp-json\/wp\/v2\/comments?post=23886"}],"version-history":[{"count":0,"href":"https:\/\/www.psib-psoe.org\/mallorca\/wp-json\/wp\/v2\/posts\/23886\/revisions"}],"wp:featuredmedia":[{"embeddable":true,"href":"https:\/\/www.psib-psoe.org\/mallorca\/wp-json\/wp\/v2\/media\/23887"}],"wp:attachment":[{"href":"https:\/\/www.psib-psoe.org\/mallorca\/wp-json\/wp\/v2\/media?parent=23886"}],"wp:term":[{"taxonomy":"category","embeddable":true,"href":"https:\/\/www.psib-psoe.org\/mallorca\/wp-json\/wp\/v2\/categories?post=23886"},{"taxonomy":"post_tag","embeddable":true,"href":"https:\/\/www.psib-psoe.org\/mallorca\/wp-json\/wp\/v2\/tags?post=23886"}],"curies":[{"name":"wp","href":"https:\/\/api.w.org\/{rel}","templated":true}]}}