{"id":23894,"date":"2019-06-11T19:17:19","date_gmt":"2019-06-11T17:17:19","guid":{"rendered":"http:\/\/www.psib-psoe.org\/mallorca\/psib-psoe-bloc-i-el-pi-reediten-pacte-de-govern-a-felanitx-on-xisco-duarte-sera-batle-els-dos-darrers-anys-de-legislatura\/"},"modified":"2020-01-08T14:42:26","modified_gmt":"2020-01-08T12:42:26","slug":"psib-psoe-bloc-i-el-pi-reediten-pacte-de-govern-a-felanitx-on-xisco-duarte-sera-batle-els-dos-darrers-anys-de-legislatura","status":"publish","type":"post","link":"https:\/\/www.psib-psoe.org\/mallorca\/psib-psoe-bloc-i-el-pi-reediten-pacte-de-govern-a-felanitx-on-xisco-duarte-sera-batle-els-dos-darrers-anys-de-legislatura\/","title":{"rendered":"PSIB-PSOE, Bloc i El Pi reediten pacte de govern a Felanitx, on Xisco Duarte ser\u00e0 batle els dos darrers anys de legislatura"},"content":{"rendered":"<div class=\"row wpb_row row-fluid img_noticia\">\n<div class=\"wpb_column columns small-12 medium-12 thb-dark-column\">\n<div class=\"vc_column-inner \">\n<div class=\"wpb_wrapper\">\n<div class=\"wpb_single_image wpb_content_element vc_align_center vc_custom_1560273322030\">\n<figure class=\"wpb_wrapper vc_figure\">\n<div class=\"vc_single_image-wrapper vc_box_border_grey\"><img loading=\"lazy\" decoding=\"async\" class=\"vc_single_image-img attachment-full\" src=\"http:\/\/www.psib-psoe.org\/wp-content\/uploads\/Xisco-Duarte-pacte-felanitx-2019.jpg\" alt=\"\" width=\"1000\" height=\"857\" \/><\/div>\n<\/figure>\n<\/div>\n<\/div>\n<\/div>\n<\/div>\n<\/div>\n<div class=\"row wpb_row row-fluid intro full-width-row vc_custom_1558336094678\">\n<div class=\"col_izq wpb_column columns small-12 medium-12 thb-dark-column\">\n<div class=\"vc_column-inner \">\n<div class=\"wpb_wrapper\">\n<div class=\"wpb_text_column wpb_content_element \">\n<div class=\"wpb_wrapper\">\n<p><em><u>Amb aquest acord, Felanitx d\u00f3na continu\u00eftat al pacte i a les pol\u00edtiques iniciades el 2015, permetent als socialistes recuperar la batlia del municipi a la segona meitat de la legislatura<\/u><\/em><\/p>\n<\/div>\n<\/div>\n<\/div>\n<\/div>\n<\/div>\n<\/div>\n<div class=\"row wpb_row row-fluid full-width-row\">\n<div class=\"col_izq wpb_column columns small-12 medium-6 thb-dark-column\">\n<div class=\"vc_column-inner \">\n<div class=\"wpb_wrapper\">\n<div class=\"wpb_text_column wpb_content_element \">\n<div class=\"wpb_wrapper\">\n<p>Els Socialistes de Felanitx han reeditat pacte de govern amb el Bloc i el Pi, a partir dels resultats de les eleccions del 26 de maig que van atorgar quatre regidors als socialistes, tres al Bloc per Felanitx i dos al Pi.<\/p>\n<p>Segons l\u2019acord signat per les tres formacions pol\u00edtiques, Felanitx tornar\u00e0 a tenir batle socialista els dos darrers anys de la legislatura, amb Xisco Duarte, mentre que els primers 24 mesos seran per al candidat del Pi, Jaume Monserrat.<\/p>\n<p>Les prioritats pol\u00edtiques\u00a0 per al nou govern municipal seran, entre d\u2019altres, el desenvolupament de la segona fase de l\u2019Hospici, l\u2019adquisici\u00f3 dels terrenys necessaris per a la nova escola, la redacci\u00f3 i aprovaci\u00f3 del Pla General d\u2019Ordenaci\u00f3 Urban\u00edstica, la reforma de l\u2019Auditori, l\u2019ampliaci\u00f3 de les instal\u00b7lacions fotovoltaiques del municipi o la millora de la xarxa d\u2019aigua potable municipal.<\/p>\n<\/div>\n<\/div>\n<\/div>\n<\/div>\n<\/div>\n<div class=\"col_dcha wpb_column columns small-12 medium-6 thb-dark-column\">\n<div class=\"vc_column-inner \">\n<div class=\"wpb_wrapper\">\n<div class=\"wpb_text_column wpb_content_element \">\n<div class=\"wpb_wrapper\">\n<p>Pel que fa a les \u00e0rees de gesti\u00f3, Duarte s\u2019encarregar\u00e0 de Cultura, Patrimoni, Fires i Mercats, Mercat Municipal, Comunicaci\u00f3 i Transpar\u00e8ncia i Activitats, Gr\u00e0cia Gonz\u00e1lez d\u2019Urbanisme, Salut i Benestar, Joan Aznar d\u2019Esports, Infraestructures i Manteniment i Damiana Massut\u00ed de Festes i Joventut.<\/p>\n<p>Amb la signatura d\u2019aquest acord, els Socialistes de Felanitx han expressat la seva satisfacci\u00f3 per donar continu\u00eftat a un pacte de govern que des del 2015 ha posat en marxa el municipi i per donar estabilitat a la legislatura 2019-2023 donant compliment al mandat expressat a les urnes per la ciutadania del municipi.<\/p>\n<\/div>\n<\/div>\n<\/div>\n<\/div>\n<\/div>\n<\/div>\n<p>Source: Actualitat Fedaraci\u00f3 Mallorca<\/p>\n","protected":false},"excerpt":{"rendered":"<p>Amb aquest acord, Felanitx d\u00f3na continu\u00eftat al pacte i a les pol\u00edtiques iniciades el 2015, permetent als socialistes recuperar la batlia del municipi a la segona meitat de la legislatura Els Socialistes de Felanitx han reeditat pacte de govern amb el Bloc i el Pi, a partir dels resultats de les eleccions del 26 de&hellip;<\/p>\n","protected":false},"author":1,"featured_media":23895,"comment_status":"closed","ping_status":"open","sticky":false,"template":"","format":"standard","meta":{"footnotes":""},"categories":[90],"tags":[],"class_list":["post-23894","post","type-post","status-publish","format-standard","has-post-thumbnail","hentry","category-municipis"],"_links":{"self":[{"href":"https:\/\/www.psib-psoe.org\/mallorca\/wp-json\/wp\/v2\/posts\/23894"}],"collection":[{"href":"https:\/\/www.psib-psoe.org\/mallorca\/wp-json\/wp\/v2\/posts"}],"about":[{"href":"https:\/\/www.psib-psoe.org\/mallorca\/wp-json\/wp\/v2\/types\/post"}],"author":[{"embeddable":true,"href":"https:\/\/www.psib-psoe.org\/mallorca\/wp-json\/wp\/v2\/users\/1"}],"replies":[{"embeddable":true,"href":"https:\/\/www.psib-psoe.org\/mallorca\/wp-json\/wp\/v2\/comments?post=23894"}],"version-history":[{"count":0,"href":"https:\/\/www.psib-psoe.org\/mallorca\/wp-json\/wp\/v2\/posts\/23894\/revisions"}],"wp:featuredmedia":[{"embeddable":true,"href":"https:\/\/www.psib-psoe.org\/mallorca\/wp-json\/wp\/v2\/media\/23895"}],"wp:attachment":[{"href":"https:\/\/www.psib-psoe.org\/mallorca\/wp-json\/wp\/v2\/media?parent=23894"}],"wp:term":[{"taxonomy":"category","embeddable":true,"href":"https:\/\/www.psib-psoe.org\/mallorca\/wp-json\/wp\/v2\/categories?post=23894"},{"taxonomy":"post_tag","embeddable":true,"href":"https:\/\/www.psib-psoe.org\/mallorca\/wp-json\/wp\/v2\/tags?post=23894"}],"curies":[{"name":"wp","href":"https:\/\/api.w.org\/{rel}","templated":true}]}}