{"id":23903,"date":"2019-04-13T12:33:10","date_gmt":"2019-04-13T10:33:10","guid":{"rendered":"http:\/\/www.psib-psoe.org\/mallorca\/el-psib-psoe-demana-el-vot-perque-nomes-es-pot-progressar-si-somplen-les-urnes-de-vots-roses-i-punys\/"},"modified":"2019-12-09T11:08:56","modified_gmt":"2019-12-09T09:08:56","slug":"el-psib-psoe-demana-el-vot-perque-nomes-es-pot-progressar-si-somplen-les-urnes-de-vots-roses-i-punys","status":"publish","type":"post","link":"https:\/\/www.psib-psoe.org\/mallorca\/el-psib-psoe-demana-el-vot-perque-nomes-es-pot-progressar-si-somplen-les-urnes-de-vots-roses-i-punys\/","title":{"rendered":"El PSIB-PSOE demana el vot \u201cperqu\u00e8 nom\u00e9s es pot progressar si s\u2019omplen les urnes de vots, roses i punys\u201d"},"content":{"rendered":"<div class=\"row wpb_row row-fluid img_noticia\">\n<div class=\"wpb_column columns small-12 medium-12 thb-dark-column\">\n<div class=\"vc_column-inner \">\n<div class=\"wpb_wrapper\">\n<div class=\"wpb_single_image wpb_content_element vc_align_center vc_custom_1560162904562\">\n<figure class=\"wpb_wrapper vc_figure\">\n<div class=\"vc_single_image-wrapper vc_box_border_grey\"><img loading=\"lazy\" decoding=\"async\" class=\"vc_single_image-img attachment-full\" src=\"http:\/\/www.psib-psoe.org\/wp-content\/uploads\/francina-armengol-dolores-delgado-catalina-cladera-dinar-lloseta-abril-2019.jpeg\" alt=\"\" width=\"1000\" height=\"750\" \/><\/div>\n<\/figure>\n<\/div>\n<\/div>\n<\/div>\n<\/div>\n<\/div>\n<div class=\"row wpb_row row-fluid intro full-width-row vc_custom_1558336094678\">\n<div class=\"col_izq wpb_column columns small-12 medium-12 thb-dark-column\">\n<div class=\"vc_column-inner \">\n<div class=\"wpb_wrapper\">\n<div class=\"wpb_text_column wpb_content_element \">\n<div class=\"wpb_wrapper\">\n<p><em><u>Armengol ha destacat en un acte multitudinari a Lloseta que \u201cel tancament de Cemex no suposar\u00e0 cap ruptura\u201d per al municipi gr\u00e0cies a la feina de la ministra Reyes Maroto i el batle Chema Mu\u00f1oz, \u201cqui ha estat sempre al costat dels treballadors i treballadores\u201d<\/u><\/em><\/p>\n<\/div>\n<\/div>\n<\/div>\n<\/div>\n<\/div>\n<\/div>\n<div class=\"row wpb_row row-fluid full-width-row\">\n<div class=\"col_izq wpb_column columns small-12 medium-6 thb-dark-column\">\n<div class=\"vc_column-inner \">\n<div class=\"wpb_wrapper\">\n<div class=\"wpb_text_column wpb_content_element \">\n<div class=\"wpb_wrapper\">\n<p>El Partit Socialista corrobora el bon moment en qu\u00e8 es troba de cara a les eleccions generals del 28 d\u2019abril i les auton\u00f2miques, municipals i europees del 26 de maig en un dinar amb la milit\u00e0ncia a Lloseta al qual han assistit 400 persones i en el que la candidata al Govern, Francina Armengol, ha dit que \u201cens jugam seguir avan\u00e7ant o tornar 40 anys enrere\u201d i que els i les socialistes \u201cno volem que Lloseta, Mallorca ni Espanya es pintin de blanc i negre\u201d.<\/p>\n<p>La candidata socialista ha destacat la feina feta tant pel Govern de les Illes Balears com pel Govern d\u2019Espanya per solucionar el problema a qu\u00e8 s\u2019enfrontava la cimentera llosetina. \u201cEl tancament de Cemex no suposar\u00e0 cap ruptura per a Lloseta\u201d, ha destacat Armengol, qui ha dit aix\u00f2 \u00e9s aix\u00ed \u201cgr\u00e0cies a la feina de la ministra d\u2019ind\u00fastria, Reyes Maroto, i de Chema Mu\u00f1oz, qui ha estat sempre al costat dels treballadors i treballadores\u201d.<\/p>\n<p>Aix\u00ed mateix, la candidata a revalidar la presid\u00e8ncia del govern ha demanat el vot pel Partit Socialista perqu\u00e8 \u201cres est\u00e0 fet\u201d. \u201cA Lloseta sempre heu fet molta feina, per\u00f2 ara vos en deman un poc m\u00e9s\u201d, perqu\u00e8 nom\u00e9s es pot progressar si s\u2019omplen \u201cles urnes de vots, roses i punys\u201d.<\/p>\n<\/div>\n<\/div>\n<\/div>\n<\/div>\n<\/div>\n<div class=\"col_dcha wpb_column columns small-12 medium-6 thb-dark-column\">\n<div class=\"vc_column-inner \">\n<div class=\"wpb_wrapper\">\n<div class=\"wpb_text_column wpb_content_element \">\n<div class=\"wpb_wrapper\">\n<p>Per la seva banda, la ministra de Just\u00edcia, Dolores Delgado, ha qualificat aquests comicis com a \u201chist\u00f2rics\u201d, pel que suposen per a la democr\u00e0cia i perqu\u00e8 el Partit Socialista surt a fer hist\u00f2ria. \u201cHem de sortir i votar, perqu\u00e8 tenim dues possibilitats: una de present i futur i una altra de passat i obscuritat\u201d, ha asseverat.<\/p>\n<p>Delgado tamb\u00e9 ha posat de relleu que l\u2019avan\u00e7 social est\u00e0 en joc aquesta primavera i que \u201cl\u2019esperit socialista \u00e9s el que fa avan\u00e7ar\u201d, perqu\u00e8 \u201cnosaltres s\u00ed que treballam per la gent i l\u2019inter\u00e8s general\u201d, ha exposat la ministra.<\/p>\n<p>En aquest sentit, Delgado ha posat d\u2019exemple els governs de Pedro S\u00e1nchez i Francina Armengol, els quals \u201csense deixar ning\u00fa enrere\u201d, en contraposici\u00f3 a la dreta \u201cque nom\u00e9s treballa per les seves coses, no per la gent\u201d. Finalment, Delgado ha acabat demanant el vot socialista \u201cperqu\u00e8 som els que fem feina pel b\u00e9 com\u00fa\u201d.<\/p>\n<\/div>\n<\/div>\n<\/div>\n<\/div>\n<\/div>\n<\/div>\n<p>Source: Federaci\u00f3 de Mallorca &#8211; Municipis<\/p>\n","protected":false},"excerpt":{"rendered":"<p>Armengol ha destacat en un acte multitudinari a Lloseta que \u201cel tancament de Cemex no suposar\u00e0 cap ruptura\u201d per al municipi gr\u00e0cies a la feina de la ministra Reyes Maroto i el batle Chema Mu\u00f1oz, \u201cqui ha estat sempre al costat dels treballadors i treballadores\u201d El Partit Socialista corrobora el bon moment en qu\u00e8 es&hellip;<\/p>\n","protected":false},"author":1,"featured_media":23904,"comment_status":"closed","ping_status":"open","sticky":false,"template":"","format":"standard","meta":{"footnotes":""},"categories":[2,90],"tags":[],"class_list":["post-23903","post","type-post","status-publish","format-standard","has-post-thumbnail","hentry","category-federacio-de-mallorca","category-municipis"],"_links":{"self":[{"href":"https:\/\/www.psib-psoe.org\/mallorca\/wp-json\/wp\/v2\/posts\/23903"}],"collection":[{"href":"https:\/\/www.psib-psoe.org\/mallorca\/wp-json\/wp\/v2\/posts"}],"about":[{"href":"https:\/\/www.psib-psoe.org\/mallorca\/wp-json\/wp\/v2\/types\/post"}],"author":[{"embeddable":true,"href":"https:\/\/www.psib-psoe.org\/mallorca\/wp-json\/wp\/v2\/users\/1"}],"replies":[{"embeddable":true,"href":"https:\/\/www.psib-psoe.org\/mallorca\/wp-json\/wp\/v2\/comments?post=23903"}],"version-history":[{"count":0,"href":"https:\/\/www.psib-psoe.org\/mallorca\/wp-json\/wp\/v2\/posts\/23903\/revisions"}],"wp:featuredmedia":[{"embeddable":true,"href":"https:\/\/www.psib-psoe.org\/mallorca\/wp-json\/wp\/v2\/media\/23904"}],"wp:attachment":[{"href":"https:\/\/www.psib-psoe.org\/mallorca\/wp-json\/wp\/v2\/media?parent=23903"}],"wp:term":[{"taxonomy":"category","embeddable":true,"href":"https:\/\/www.psib-psoe.org\/mallorca\/wp-json\/wp\/v2\/categories?post=23903"},{"taxonomy":"post_tag","embeddable":true,"href":"https:\/\/www.psib-psoe.org\/mallorca\/wp-json\/wp\/v2\/tags?post=23903"}],"curies":[{"name":"wp","href":"https:\/\/api.w.org\/{rel}","templated":true}]}}