{"id":23906,"date":"2019-05-04T21:08:31","date_gmt":"2019-05-04T19:08:31","guid":{"rendered":"http:\/\/www.psib-psoe.org\/mallorca\/pere-joan-pons-demana-a-campanet-mobilitzacio-mobilitzacio-i-mes-mobilitzacio-perque-el-26-de-maig-es-repeteixi-la-victoria-socialista-del-28a\/"},"modified":"2019-12-05T13:10:38","modified_gmt":"2019-12-05T11:10:38","slug":"pere-joan-pons-demana-a-campanet-mobilitzacio-mobilitzacio-i-mes-mobilitzacio-perque-el-26-de-maig-es-repeteixi-la-victoria-socialista-del-28a","status":"publish","type":"post","link":"https:\/\/www.psib-psoe.org\/mallorca\/pere-joan-pons-demana-a-campanet-mobilitzacio-mobilitzacio-i-mes-mobilitzacio-perque-el-26-de-maig-es-repeteixi-la-victoria-socialista-del-28a\/","title":{"rendered":"Pere Joan Pons demana a Campanet \u201cmobilitzaci\u00f3, mobilitzaci\u00f3 i m\u00e9s mobilitzaci\u00f3\u201d perqu\u00e8 el 26 de maig es repeteixi la vict\u00f2ria socialista del 28A"},"content":{"rendered":"<div class=\"row wpb_row row-fluid img_noticia\">\n<div class=\"wpb_column columns small-12 medium-12 thb-dark-column\">\n<div class=\"vc_column-inner \">\n<div class=\"wpb_wrapper\">\n<div class=\"wpb_single_image wpb_content_element vc_align_center vc_custom_1559300708127\">\n<figure class=\"wpb_wrapper vc_figure\">\n<div class=\"vc_single_image-wrapper vc_box_border_grey\"><img loading=\"lazy\" decoding=\"async\" class=\"vc_single_image-img attachment-full\" src=\"http:\/\/www.psib-psoe.org\/wp-content\/uploads\/fc60bb93-ea84-46b0-bbd3-6344e70c52af.jpg\" alt=\"\" width=\"1000\" height=\"750\" \/><\/div>\n<\/figure>\n<\/div>\n<\/div>\n<\/div>\n<\/div>\n<\/div>\n<div class=\"row wpb_row row-fluid intro full-width-row vc_custom_1558336094678\">\n<div class=\"col_izq wpb_column columns small-12 medium-12 thb-dark-column\">\n<div class=\"vc_column-inner \">\n<div class=\"wpb_wrapper\">\n<div class=\"wpb_text_column wpb_content_element \">\n<div class=\"wpb_wrapper\">\n<p><span style=\"text-decoration: underline;\"><em>Els socialistes de Campanet presenten la seva candidatura \u201cper aconseguir un poble que funcioni per iniciativa, i no per in\u00e8rcia\u201d davant m\u00e9s de 150 persones<\/em> <\/span><\/p>\n<\/div>\n<\/div>\n<\/div>\n<\/div>\n<\/div>\n<\/div>\n<div class=\"row wpb_row row-fluid full-width-row\">\n<div class=\"col_izq wpb_column columns small-12 medium-6 thb-dark-column\">\n<div class=\"vc_column-inner \">\n<div class=\"wpb_wrapper\">\n<div class=\"wpb_text_column wpb_content_element \">\n<div class=\"wpb_wrapper\">\n<p>Els socialistes de Campanet han presentat la seva candidatura, encap\u00e7alada per Rosa Maria Bestard, en un acte amb m\u00e9s de 150 persones que no s\u2019han volgut perdre l\u2019actual Conseller d\u2019Educaci\u00f3, Mart\u00ed March, i el diputat electe Pere Joan Pons Sanpietro, que ocupa el lloc d\u2019honor a la llista de Campanet.<\/p>\n<p>Precisament, Pons ha demanat \u201cmobilitzaci\u00f3, mobilitzaci\u00f3 i m\u00e9s mobilitzaci\u00f3\u201d el 26 de maig \u201cper fer possible que Rosa Bestard sigui batlessa a Campanet, Catalina Cladera sigui presidenta del Consell de Mallorca, i les pol\u00edtiques d\u2019Armengol tenguin continu\u00eftat 4 anys m\u00e9s\u201d.<\/p>\n<p>Pons ha assenyalat que \u201cla vict\u00f2ria de Pedro S\u00e1nchez no servir\u00e0 de res si a Balears el govern socialista no t\u00e9 una continu\u00eftat\u201d, recordant que a Balears \u201cel govern de Francina Armengol ha recuperat la pau i els drets socials, i ha estat pioner en pol\u00edtiques que despr\u00e9s, immediatament, s\u2019han aplicat a Madrid aquests 10 mesos de govern socialista\u201d.<\/p>\n<p>Per tots aquests motius, el diputat socialista ha demanat que \u201cno ens confiem pensant que la vict\u00f2ria hist\u00f2rica del 28 d\u2019abril es traslladar\u00e0 autom\u00e0ticament al 26 de maig\u201d, i ha advertit que \u201cno ens fiem d\u2019aquesta dreta que ara es diu moderada\u201d, ja que \u201csi sumen per governar, no hem de tenir cap dubte que pactaran amb l\u2019ultradreta el 26 de maig\u201d.<\/p>\n<\/div>\n<\/div>\n<\/div>\n<\/div>\n<\/div>\n<div class=\"col_dcha wpb_column columns small-12 medium-6 thb-dark-column\">\n<div class=\"vc_column-inner \">\n<div class=\"wpb_wrapper\">\n<div class=\"wpb_text_column wpb_content_element \">\n<div class=\"wpb_wrapper\">\n<p><strong>Un projecte per a cada edat a Campanet<\/strong><\/p>\n<p>Per la seva banda, la candidata socialista a la batlia de Campanet, Rosa Bestard, ha presentat la candidatura que l\u2019acompanya per a les eleccions del 26 de maig, assegurant que \u201ctenim un equip renovat i jove amb moltes ganes de fer de Campanet el poble que volem tots\u201d.<\/p>\n<p>Bestard ha assegurat que \u201ctots els membres de la candidatura coneixem perfectament el poble, sabem qu\u00e8 hi fa falta i qu\u00e8 s\u2019ha de millorar, i farem feina incansablement per un Campanet que funcioni per iniciativa i no per in\u00e8rcia\u201d.<\/p>\n<p>Per aix\u00f2, Bestard ha presentat \u201cun projecte capa\u00e7 de donar resposta a cada persona, a cada moment de la seva vida\u201d, que t\u00e9 com a punts b\u00e0sics \u201cl\u2019educaci\u00f3, la mobilitat, la igualtat d\u2019oportunitats i el manteniment, que \u00e9s el gran oblidat del poble\u201d.<\/p>\n<\/div>\n<\/div>\n<\/div>\n<\/div>\n<\/div>\n<\/div>\n<p>Source: Actualitat Fedaraci\u00f3 Mallorca<\/p>\n","protected":false},"excerpt":{"rendered":"<p>Els socialistes de Campanet presenten la seva candidatura \u201cper aconseguir un poble que funcioni per iniciativa, i no per in\u00e8rcia\u201d davant m\u00e9s de 150 persones Els socialistes de Campanet han presentat la seva candidatura, encap\u00e7alada per Rosa Maria Bestard, en un acte amb m\u00e9s de 150 persones que no s\u2019han volgut perdre l\u2019actual Conseller d\u2019Educaci\u00f3,&hellip;<\/p>\n","protected":false},"author":1,"featured_media":23907,"comment_status":"closed","ping_status":"open","sticky":false,"template":"","format":"standard","meta":{"footnotes":""},"categories":[90],"tags":[],"class_list":["post-23906","post","type-post","status-publish","format-standard","has-post-thumbnail","hentry","category-municipis"],"_links":{"self":[{"href":"https:\/\/www.psib-psoe.org\/mallorca\/wp-json\/wp\/v2\/posts\/23906"}],"collection":[{"href":"https:\/\/www.psib-psoe.org\/mallorca\/wp-json\/wp\/v2\/posts"}],"about":[{"href":"https:\/\/www.psib-psoe.org\/mallorca\/wp-json\/wp\/v2\/types\/post"}],"author":[{"embeddable":true,"href":"https:\/\/www.psib-psoe.org\/mallorca\/wp-json\/wp\/v2\/users\/1"}],"replies":[{"embeddable":true,"href":"https:\/\/www.psib-psoe.org\/mallorca\/wp-json\/wp\/v2\/comments?post=23906"}],"version-history":[{"count":0,"href":"https:\/\/www.psib-psoe.org\/mallorca\/wp-json\/wp\/v2\/posts\/23906\/revisions"}],"wp:featuredmedia":[{"embeddable":true,"href":"https:\/\/www.psib-psoe.org\/mallorca\/wp-json\/wp\/v2\/media\/23907"}],"wp:attachment":[{"href":"https:\/\/www.psib-psoe.org\/mallorca\/wp-json\/wp\/v2\/media?parent=23906"}],"wp:term":[{"taxonomy":"category","embeddable":true,"href":"https:\/\/www.psib-psoe.org\/mallorca\/wp-json\/wp\/v2\/categories?post=23906"},{"taxonomy":"post_tag","embeddable":true,"href":"https:\/\/www.psib-psoe.org\/mallorca\/wp-json\/wp\/v2\/tags?post=23906"}],"curies":[{"name":"wp","href":"https:\/\/api.w.org\/{rel}","templated":true}]}}