{"id":23912,"date":"2019-04-03T13:20:30","date_gmt":"2019-04-03T11:20:30","guid":{"rendered":"http:\/\/www.psib-psoe.org\/mallorca\/lagrupacio-socialista-de-maria-de-salut-denuncia-que-lequip-de-govern-incompleix-els-acords-assolits-en-plenari\/"},"modified":"2019-12-09T11:17:13","modified_gmt":"2019-12-09T09:17:13","slug":"lagrupacio-socialista-de-maria-de-salut-denuncia-que-lequip-de-govern-incompleix-els-acords-assolits-en-plenari","status":"publish","type":"post","link":"https:\/\/www.psib-psoe.org\/mallorca\/lagrupacio-socialista-de-maria-de-salut-denuncia-que-lequip-de-govern-incompleix-els-acords-assolits-en-plenari\/","title":{"rendered":"L\u2019Agrupaci\u00f3 Socialista de Maria de Salut denuncia que l\u2019equip de govern incompleix els acords assolits en plenari"},"content":{"rendered":"<div class=\"row wpb_row row-fluid img_noticia\">\n<div class=\"wpb_column columns small-12 medium-12 thb-dark-column\">\n<div class=\"vc_column-inner \">\n<div class=\"wpb_wrapper\">\n<div class=\"wpb_single_image wpb_content_element vc_align_center vc_custom_1560165719765\">\n<figure class=\"wpb_wrapper vc_figure\">\n<div class=\"vc_single_image-wrapper vc_box_border_grey\"><img loading=\"lazy\" decoding=\"async\" class=\"vc_single_image-img attachment-full\" src=\"http:\/\/www.psib-psoe.org\/wp-content\/uploads\/agrupacio-socialista-maria-de-la-salut.jpeg\" alt=\"\" width=\"1000\" height=\"486\" \/><\/div>\n<\/figure>\n<\/div>\n<\/div>\n<\/div>\n<\/div>\n<\/div>\n<div class=\"row wpb_row row-fluid intro full-width-row vc_custom_1558336094678\">\n<div class=\"col_izq wpb_column columns small-12 medium-12 thb-dark-column\">\n<div class=\"vc_column-inner \">\n<div class=\"wpb_wrapper\">\n<div class=\"wpb_text_column wpb_content_element \">\n<div class=\"wpb_wrapper\">\n<p><em><u>Fa m\u00e9s de tres anys que el ple de l\u2019ajuntament va aprovar dues mocions presentades pels socialistes i que avui dia encara no han estat executades: el registre d\u2019entrades i sortides i l\u2019acc\u00e9s als comptes bancaris<\/u><\/em><\/p>\n<\/div>\n<\/div>\n<\/div>\n<\/div>\n<\/div>\n<\/div>\n<div class=\"row wpb_row row-fluid full-width-row\">\n<div class=\"col_izq wpb_column columns small-12 medium-6 thb-dark-column\">\n<div class=\"vc_column-inner \">\n<div class=\"wpb_wrapper\">\n<div class=\"wpb_text_column wpb_content_element \">\n<div class=\"wpb_wrapper\">\n<p>L\u2019Agrupaci\u00f3 Socialista de Maria de la Salut denuncia que l\u2019equip de govern fa tres anys que incompleix dos acords aprovats per unanimitat en el ple de dia 14 de mar\u00e7 de 2016. Les dues mocions aprovades, que varen ser presentades pels socialistes, sol\u00b7licitaven a l\u2019Ajuntament un llistat setmanal del registre d\u2019entrades i sortides i l\u2019acc\u00e9s a l\u2019estat de comptes bancaris del consistori.<\/p>\n<p>Rafel Aulet, candidat del PSIB-PSOE a la batlia de Maria de la Salut, denuncia que l\u2019actual batle i equip de govern es \u201cvaren comprometre a ser transparents, i fins i tot en varen fer bandera en la campanya anterior, per\u00f2 el cert \u00e9s que no hem tornat a saber res del seu comprom\u00eds\u201d.<\/p>\n<p>El candidat socialista recorda que, a m\u00e9s del comprom\u00eds adquirit en el ple de mar\u00e7 de 2016, l\u2019equip de govern es va tornar a comprometre verbalment fa un any, de nou a petici\u00f3 dels socialistes, \u201cper\u00f2 de llavors en\u00e7\u00e0, no n\u2019hem sabut res i sense saber-ne els motius reals\u201d.<\/p>\n<\/div>\n<\/div>\n<\/div>\n<\/div>\n<\/div>\n<div class=\"col_dcha wpb_column columns small-12 medium-6 thb-dark-column\">\n<div class=\"vc_column-inner \">\n<div class=\"wpb_wrapper\">\n<div class=\"wpb_text_column wpb_content_element \">\n<div class=\"wpb_wrapper\">\n<p>Segons denuncia Aulet, l\u2019equip de govern s\u2019empara en la llei de protecci\u00f3 de dades, per\u00f2 el fet \u00e9s que els socialistes no demanen en cap cas que es facin p\u00fabliques dades personals, sin\u00f3 \u00fanicament \u201cun llistat del registre d\u2019entrada i sortida de documents, sense els titulars; el que demanam no contrav\u00e9 la llei\u201d.<\/p>\n<p>De fet, Aulet es demana \u201csi ara la llei de protecci\u00f3 de dades \u00e9s un problema, ja que no ho va ser el 2016 quan es varen aprovar les dues\u201d.<\/p>\n<\/div>\n<\/div>\n<\/div>\n<\/div>\n<\/div>\n<\/div>\n<p>Source: Actualitat Fedaraci\u00f3 Mallorca<\/p>\n","protected":false},"excerpt":{"rendered":"<p>Fa m\u00e9s de tres anys que el ple de l\u2019ajuntament va aprovar dues mocions presentades pels socialistes i que avui dia encara no han estat executades: el registre d\u2019entrades i sortides i l\u2019acc\u00e9s als comptes bancaris L\u2019Agrupaci\u00f3 Socialista de Maria de la Salut denuncia que l\u2019equip de govern fa tres anys que incompleix dos acords&hellip;<\/p>\n","protected":false},"author":1,"featured_media":23913,"comment_status":"closed","ping_status":"open","sticky":false,"template":"","format":"standard","meta":{"footnotes":""},"categories":[90],"tags":[],"class_list":["post-23912","post","type-post","status-publish","format-standard","has-post-thumbnail","hentry","category-municipis"],"_links":{"self":[{"href":"https:\/\/www.psib-psoe.org\/mallorca\/wp-json\/wp\/v2\/posts\/23912"}],"collection":[{"href":"https:\/\/www.psib-psoe.org\/mallorca\/wp-json\/wp\/v2\/posts"}],"about":[{"href":"https:\/\/www.psib-psoe.org\/mallorca\/wp-json\/wp\/v2\/types\/post"}],"author":[{"embeddable":true,"href":"https:\/\/www.psib-psoe.org\/mallorca\/wp-json\/wp\/v2\/users\/1"}],"replies":[{"embeddable":true,"href":"https:\/\/www.psib-psoe.org\/mallorca\/wp-json\/wp\/v2\/comments?post=23912"}],"version-history":[{"count":0,"href":"https:\/\/www.psib-psoe.org\/mallorca\/wp-json\/wp\/v2\/posts\/23912\/revisions"}],"wp:featuredmedia":[{"embeddable":true,"href":"https:\/\/www.psib-psoe.org\/mallorca\/wp-json\/wp\/v2\/media\/23913"}],"wp:attachment":[{"href":"https:\/\/www.psib-psoe.org\/mallorca\/wp-json\/wp\/v2\/media?parent=23912"}],"wp:term":[{"taxonomy":"category","embeddable":true,"href":"https:\/\/www.psib-psoe.org\/mallorca\/wp-json\/wp\/v2\/categories?post=23912"},{"taxonomy":"post_tag","embeddable":true,"href":"https:\/\/www.psib-psoe.org\/mallorca\/wp-json\/wp\/v2\/tags?post=23912"}],"curies":[{"name":"wp","href":"https:\/\/api.w.org\/{rel}","templated":true}]}}