{"id":23919,"date":"2019-06-12T12:03:53","date_gmt":"2019-06-12T10:03:53","guid":{"rendered":"http:\/\/www.psib-psoe.org\/mallorca\/mes-i-psib-psoe-signen-un-acord-de-governabilitat-a-lajuntament-de-montuiri\/"},"modified":"2020-01-08T14:42:18","modified_gmt":"2020-01-08T12:42:18","slug":"mes-i-psib-psoe-signen-un-acord-de-governabilitat-a-lajuntament-de-montuiri","status":"publish","type":"post","link":"https:\/\/www.psib-psoe.org\/mallorca\/mes-i-psib-psoe-signen-un-acord-de-governabilitat-a-lajuntament-de-montuiri\/","title":{"rendered":"M\u00c9S i PSIB-PSOE signen un acord de governabilitat a l\u2019Ajuntament de Montu\u00efri"},"content":{"rendered":"<div class=\"row wpb_row row-fluid img_noticia\">\n<div class=\"wpb_column columns small-12 medium-12 thb-dark-column\">\n<div class=\"vc_column-inner \">\n<div class=\"wpb_wrapper\">\n<div class=\"wpb_single_image wpb_content_element vc_align_center vc_custom_1560333735083\">\n<figure class=\"wpb_wrapper vc_figure\">\n<div class=\"vc_single_image-wrapper vc_box_border_grey\"><img loading=\"lazy\" decoding=\"async\" class=\"vc_single_image-img attachment-full\" src=\"http:\/\/www.psib-psoe.org\/wp-content\/uploads\/Toni-Miralles-pacte-Montu\u00efri-2019.jpg\" alt=\"\" width=\"960\" height=\"960\" \/><\/div>\n<\/figure>\n<\/div>\n<\/div>\n<\/div>\n<\/div>\n<\/div>\n<div class=\"row wpb_row row-fluid intro full-width-row vc_custom_1558336094678\">\n<div class=\"col_izq wpb_column columns small-12 medium-12 thb-dark-column\">\n<div class=\"vc_column-inner \">\n<div class=\"wpb_wrapper\">\n<div class=\"wpb_text_column wpb_content_element \">\n<div class=\"wpb_wrapper\">\n<p><em><u>Amb aquest acord, l\u2019actual batle Joan Verger (M\u00c9S per Montu\u00efri) reeditar\u00e0 la batlia del municipi durant els 4 anys de legislatura, i el socialista Toni Miralles ser\u00e0 el 1r tinent de batle i regidor d\u2019Educaci\u00f3 i Participaci\u00f3 Ciutadana.<\/u><\/em><\/p>\n<\/div>\n<\/div>\n<\/div>\n<\/div>\n<\/div>\n<\/div>\n<div class=\"row wpb_row row-fluid full-width-row\">\n<div class=\"col_izq wpb_column columns small-12 medium-6 thb-dark-column\">\n<div class=\"vc_column-inner \">\n<div class=\"wpb_wrapper\">\n<div class=\"wpb_text_column wpb_content_element \">\n<div class=\"wpb_wrapper\">\n<p>M\u00c9S per Montu\u00efri i PSIB-PSOE han arribat a un acord de governabilitat a l\u2019Ajuntament de Montu\u00efri de cara a la propera legislatura 2019-2023 despr\u00e9s dels resultats obtinguts per ambdues formacions a les eleccions del passat 26 de maig. D\u2019aquesta manera, l\u2019actual batle del municipi, l\u2019ecosobiranista Joan Verger, tornar\u00e0 a ostentar la batlia durant els 4 anys de legislatura, i el socialista Toni Miralles ser\u00e0 el 1r tinent de batle i regidor d\u2019Educaci\u00f3 i Participaci\u00f3 Ciutadana.<\/p>\n<p>Amb aquest acord, PSIB-PSOE i M\u00c9S per Montu\u00efri donaran continu\u00eftat al govern progressista de l\u2019ajuntament montu\u00efrer per segona legislatura consecutiva despr\u00e9s de 28 anys de governs de dretes, amb la difer\u00e8ncia qu\u00e8, amb el nou acord al qual han arribat les dues formacions, els socialistes s\u2019incorporaran a l\u2019equip de govern ja que el 2015 \u00fanicament donaren suport a la investidura de Verger com a batle.<\/p>\n<\/div>\n<\/div>\n<\/div>\n<\/div>\n<\/div>\n<div class=\"col_dcha wpb_column columns small-12 medium-6 thb-dark-column\">\n<div class=\"vc_column-inner \">\n<div class=\"wpb_wrapper\">\n<div class=\"wpb_text_column wpb_content_element \">\n<div class=\"wpb_wrapper\">\n<p>En aquest sentit, Joan Verger ha apuntat que \u201cSer\u00e0 la manera de refor\u00e7ar la majoria i tenir un equip de govern m\u00e9s representatiu\u201d.<\/p>\n<p>Per la seva part, el socialista Toni Miralles ha declarat que \u201caquesta legislatura\u00a0 hav\u00edem \u00a0de fer una passa endavant i formar part de l\u2019equip de govern donant visibilitat de govern als nostres votants.\u201d<\/p>\n<\/div>\n<\/div>\n<\/div>\n<\/div>\n<\/div>\n<\/div>\n<p>Source: Actualitat Fedaraci\u00f3 Mallorca<\/p>\n","protected":false},"excerpt":{"rendered":"<p>Amb aquest acord, l\u2019actual batle Joan Verger (M\u00c9S per Montu\u00efri) reeditar\u00e0 la batlia del municipi durant els 4 anys de legislatura, i el socialista Toni Miralles ser\u00e0 el 1r tinent de batle i regidor d\u2019Educaci\u00f3 i Participaci\u00f3 Ciutadana. M\u00c9S per Montu\u00efri i PSIB-PSOE han arribat a un acord de governabilitat a l\u2019Ajuntament de Montu\u00efri de&hellip;<\/p>\n","protected":false},"author":1,"featured_media":23920,"comment_status":"closed","ping_status":"open","sticky":false,"template":"","format":"standard","meta":{"footnotes":""},"categories":[90],"tags":[],"class_list":["post-23919","post","type-post","status-publish","format-standard","has-post-thumbnail","hentry","category-municipis"],"_links":{"self":[{"href":"https:\/\/www.psib-psoe.org\/mallorca\/wp-json\/wp\/v2\/posts\/23919"}],"collection":[{"href":"https:\/\/www.psib-psoe.org\/mallorca\/wp-json\/wp\/v2\/posts"}],"about":[{"href":"https:\/\/www.psib-psoe.org\/mallorca\/wp-json\/wp\/v2\/types\/post"}],"author":[{"embeddable":true,"href":"https:\/\/www.psib-psoe.org\/mallorca\/wp-json\/wp\/v2\/users\/1"}],"replies":[{"embeddable":true,"href":"https:\/\/www.psib-psoe.org\/mallorca\/wp-json\/wp\/v2\/comments?post=23919"}],"version-history":[{"count":0,"href":"https:\/\/www.psib-psoe.org\/mallorca\/wp-json\/wp\/v2\/posts\/23919\/revisions"}],"wp:featuredmedia":[{"embeddable":true,"href":"https:\/\/www.psib-psoe.org\/mallorca\/wp-json\/wp\/v2\/media\/23920"}],"wp:attachment":[{"href":"https:\/\/www.psib-psoe.org\/mallorca\/wp-json\/wp\/v2\/media?parent=23919"}],"wp:term":[{"taxonomy":"category","embeddable":true,"href":"https:\/\/www.psib-psoe.org\/mallorca\/wp-json\/wp\/v2\/categories?post=23919"},{"taxonomy":"post_tag","embeddable":true,"href":"https:\/\/www.psib-psoe.org\/mallorca\/wp-json\/wp\/v2\/tags?post=23919"}],"curies":[{"name":"wp","href":"https:\/\/api.w.org\/{rel}","templated":true}]}}