{"id":23922,"date":"2019-02-14T11:57:41","date_gmt":"2019-02-14T09:57:41","guid":{"rendered":"http:\/\/www.psib-psoe.org\/mallorca\/xisco-duarte-la-politica-ha-destar-al-servei-de-la-cultura-i-es-fonamental-que-facem-feina-cap-a-aquesta-direccio\/"},"modified":"2020-01-08T14:57:51","modified_gmt":"2020-01-08T12:57:51","slug":"xisco-duarte-la-politica-ha-destar-al-servei-de-la-cultura-i-es-fonamental-que-facem-feina-cap-a-aquesta-direccio","status":"publish","type":"post","link":"https:\/\/www.psib-psoe.org\/mallorca\/xisco-duarte-la-politica-ha-destar-al-servei-de-la-cultura-i-es-fonamental-que-facem-feina-cap-a-aquesta-direccio\/","title":{"rendered":"Xisco Duarte: \u201cLa pol\u00edtica ha d\u2019estar al servei de la cultura i \u00e9s fonamental que facem feina cap a aquesta direcci\u00f3\u201d"},"content":{"rendered":"<div class=\"row wpb_row row-fluid img_noticia\">\n<div class=\"wpb_column columns small-12 medium-12 thb-dark-column\">\n<div class=\"vc_column-inner \">\n<div class=\"wpb_wrapper\">\n<div class=\"wpb_single_image wpb_content_element vc_align_center vc_custom_1560333499048\">\n<figure class=\"wpb_wrapper vc_figure\">\n<div class=\"vc_single_image-wrapper vc_box_border_grey\"><img loading=\"lazy\" decoding=\"async\" class=\"vc_single_image-img attachment-full\" src=\"http:\/\/www.psib-psoe.org\/wp-content\/uploads\/acte-conferencia-politica-cultura-febrer-2019.jpeg\" alt=\"\" width=\"1000\" height=\"696\" \/><\/div>\n<\/figure>\n<\/div>\n<\/div>\n<\/div>\n<\/div>\n<\/div>\n<div class=\"row wpb_row row-fluid intro full-width-row vc_custom_1558336094678\">\n<div class=\"col_izq wpb_column columns small-12 medium-12 thb-dark-column\">\n<div class=\"vc_column-inner \">\n<div class=\"wpb_wrapper\">\n<div class=\"wpb_text_column wpb_content_element \">\n<div class=\"wpb_wrapper\">\n<p><em><u>El Teatre Sans de Palma ha acollit l\u2019acte de Cultura de la Confer\u00e8ncia Pol\u00edtica dels socialistes en una trobada amb professionals i entitats del sector en qu\u00e8 han reivindicat les seves necessitats i propostes de futur<\/u><\/em><\/p>\n<\/div>\n<\/div>\n<\/div>\n<\/div>\n<\/div>\n<\/div>\n<div class=\"row wpb_row row-fluid full-width-row\">\n<div class=\"col_izq wpb_column columns small-12 medium-6 thb-dark-column\">\n<div class=\"vc_column-inner \">\n<div class=\"wpb_wrapper\">\n<div class=\"wpb_text_column wpb_content_element \">\n<div class=\"wpb_wrapper\">\n<p>La Confer\u00e8ncia Pol\u00edtica del PSIB-PSOE ha celebrat l\u2019acte tem\u00e0tic de Cultura amb una trobada en el Teatre Sans de Palma a la qual han acudit professionals i entitats del sector per traslladar les seves propostes. La trobada ha estat dirigida pels coordinadors dels blocs de cultura de les confer\u00e8ncies pol\u00edtiques auton\u00f2mica i insular, Carles Bona i Xisco Duarte, respectivament.<\/p>\n<p>Ambd\u00f3s, Bona i Duarte, han coincidit en la necessitat de col\u00b7locar en una posici\u00f3 destacada la cultura. \u201cLa pol\u00edtica ha d\u2019estar al servei de la cultura i \u00e9s fonamental que agafem impuls per fer feina cap a aquesta direcci\u00f3\u201d, ha asseverat Xisco Duarte, qui tamb\u00e9 ha insistit en la necessitat de \u201cno nom\u00e9s potenciar que la cultura arribi a tothom, sin\u00f3 que es consolidi, i aix\u00f2 \u00e9s responsabilitat de totes les institucions\u201d, ha insistit.<\/p>\n<p>Per la seva banda, Carles Bona ha explicat que un dels objectius d\u2019aquesta trobada \u00e9s \u201ccrear una visi\u00f3 de cultura el m\u00e9s inclusiva possible\u201d, donada l\u2019heterog\u00e8nia del sector, i ha posat de relleu la import\u00e0ncia no nom\u00e9s de la creaci\u00f3, sin\u00f3 tamb\u00e9 de la difusi\u00f3 de la cultura \u201ca tots els nivells\u201d.<\/p>\n<\/div>\n<\/div>\n<\/div>\n<\/div>\n<\/div>\n<div class=\"col_dcha wpb_column columns small-12 medium-6 thb-dark-column\">\n<div class=\"vc_column-inner \">\n<div class=\"wpb_wrapper\">\n<div class=\"wpb_text_column wpb_content_element \">\n<div class=\"wpb_wrapper\">\n<p>En aquest sentit, gran part de les propostes i reclamacions dels professionals i entitats presents en l\u2019acte han anat cap a aquesta direcci\u00f3: la dificultat per difondre la creaci\u00f3 cultural i la mancan\u00e7a de mecanismes efectius de promoci\u00f3. Mecenatge, patrocini, fiscalitat i manca de finan\u00e7ament i formaci\u00f3 han centrat la resta de les seves intervencions.<\/p>\n<p>La Confer\u00e8ncia Pol\u00edtica dels socialistes \u00e9s una iniciativa oberta i participativa amb la qual \u201crecollim idees i propostes per saber qu\u00e8 opinen els mateixos sectors per despr\u00e9s encaixar aquestes idees en el nostre programa electoral\u201d, ha explicat el coordinador de la confer\u00e8ncia pol\u00edtica, Iago Negueruela.<\/p>\n<\/div>\n<\/div>\n<\/div>\n<\/div>\n<\/div>\n<\/div>\n<p>Source: Actualitat Fedaraci\u00f3 Mallorca<\/p>\n","protected":false},"excerpt":{"rendered":"<p>El Teatre Sans de Palma ha acollit l\u2019acte de Cultura de la Confer\u00e8ncia Pol\u00edtica dels socialistes en una trobada amb professionals i entitats del sector en qu\u00e8 han reivindicat les seves necessitats i propostes de futur La Confer\u00e8ncia Pol\u00edtica del PSIB-PSOE ha celebrat l\u2019acte tem\u00e0tic de Cultura amb una trobada en el Teatre Sans de&hellip;<\/p>\n","protected":false},"author":1,"featured_media":23923,"comment_status":"closed","ping_status":"open","sticky":false,"template":"","format":"standard","meta":{"footnotes":""},"categories":[2,90],"tags":[],"class_list":["post-23922","post","type-post","status-publish","format-standard","has-post-thumbnail","hentry","category-federacio-de-mallorca","category-municipis"],"_links":{"self":[{"href":"https:\/\/www.psib-psoe.org\/mallorca\/wp-json\/wp\/v2\/posts\/23922"}],"collection":[{"href":"https:\/\/www.psib-psoe.org\/mallorca\/wp-json\/wp\/v2\/posts"}],"about":[{"href":"https:\/\/www.psib-psoe.org\/mallorca\/wp-json\/wp\/v2\/types\/post"}],"author":[{"embeddable":true,"href":"https:\/\/www.psib-psoe.org\/mallorca\/wp-json\/wp\/v2\/users\/1"}],"replies":[{"embeddable":true,"href":"https:\/\/www.psib-psoe.org\/mallorca\/wp-json\/wp\/v2\/comments?post=23922"}],"version-history":[{"count":0,"href":"https:\/\/www.psib-psoe.org\/mallorca\/wp-json\/wp\/v2\/posts\/23922\/revisions"}],"wp:featuredmedia":[{"embeddable":true,"href":"https:\/\/www.psib-psoe.org\/mallorca\/wp-json\/wp\/v2\/media\/23923"}],"wp:attachment":[{"href":"https:\/\/www.psib-psoe.org\/mallorca\/wp-json\/wp\/v2\/media?parent=23922"}],"wp:term":[{"taxonomy":"category","embeddable":true,"href":"https:\/\/www.psib-psoe.org\/mallorca\/wp-json\/wp\/v2\/categories?post=23922"},{"taxonomy":"post_tag","embeddable":true,"href":"https:\/\/www.psib-psoe.org\/mallorca\/wp-json\/wp\/v2\/tags?post=23922"}],"curies":[{"name":"wp","href":"https:\/\/api.w.org\/{rel}","templated":true}]}}