{"id":23928,"date":"2019-02-01T12:49:26","date_gmt":"2019-02-01T10:49:26","guid":{"rendered":"http:\/\/www.psib-psoe.org\/mallorca\/toni-bordoy-es-elegit-precandidat-a-la-batlia-desporles\/"},"modified":"2019-12-09T11:41:59","modified_gmt":"2019-12-09T09:41:59","slug":"toni-bordoy-es-elegit-precandidat-a-la-batlia-desporles","status":"publish","type":"post","link":"https:\/\/www.psib-psoe.org\/mallorca\/toni-bordoy-es-elegit-precandidat-a-la-batlia-desporles\/","title":{"rendered":"Toni Bordoy \u00e9s elegit precandidat a la batlia d\u2019Esporles"},"content":{"rendered":"<div class=\"row wpb_row row-fluid img_noticia\">\n<div class=\"wpb_column columns small-12 medium-12 thb-dark-column\">\n<div class=\"vc_column-inner \">\n<div class=\"wpb_wrapper\">\n<div class=\"wpb_single_image wpb_content_element vc_align_center vc_custom_1560336631386\">\n<figure class=\"wpb_wrapper vc_figure\">\n<div class=\"vc_single_image-wrapper vc_box_border_grey\"><img loading=\"lazy\" decoding=\"async\" class=\"vc_single_image-img attachment-full\" src=\"http:\/\/www.psib-psoe.org\/wp-content\/uploads\/toni-bordoy-precandidat-esporles-municipals-2019.jpeg\" alt=\"\" width=\"1000\" height=\"750\" \/><\/div>\n<\/figure>\n<\/div>\n<\/div>\n<\/div>\n<\/div>\n<\/div>\n<div class=\"row wpb_row row-fluid intro full-width-row vc_custom_1558336094678\">\n<div class=\"col_izq wpb_column columns small-12 medium-12 thb-dark-column\">\n<div class=\"vc_column-inner \">\n<div class=\"wpb_wrapper\">\n<div class=\"wpb_text_column wpb_content_element \">\n<div class=\"wpb_wrapper\">\n<p><em><u>\u201cVolem un poble on la gent visqui b\u00e9 i estigui contenta\u201d, ha dit Bordoy, que tamb\u00e9 ha estat proclamat regidor de l\u2019ajuntament en substituci\u00f3 de Juli Dalmau<\/u><\/em><\/p>\n<\/div>\n<\/div>\n<\/div>\n<\/div>\n<\/div>\n<\/div>\n<div class=\"row wpb_row row-fluid full-width-row\">\n<div class=\"col_izq wpb_column columns small-12 medium-6 thb-dark-column\">\n<div class=\"vc_column-inner \">\n<div class=\"wpb_wrapper\">\n<div class=\"wpb_text_column wpb_content_element \">\n<div class=\"wpb_wrapper\">\n<p>Toni Bordoy ha estat elegit precandidat dels socialistes a la batlia del poble. \u201cMe present per dos motius b\u00e0sics: perqu\u00e8 em fa ganes fer feina per al poble i crec que hi ha coses a millorar i perqu\u00e8 realment crec que des de la ideologia del PSIB-PSOE podem aportar molt\u00edssim\u201d, ha explicat Bordoy.<\/p>\n<p>Ara s\u2019obre una nova etapa per a Bordoy, que tamb\u00e9 ha estat proclamat regidor de l\u2019Ajuntament d\u2019Esporles en substituci\u00f3 de Juli Dalmau, qui ha ocupat el c\u00e0rrec els darrers set anys. Respecte del cam\u00ed cap a la batlia Bordoy, ha dit que l\u2019afronta \u201camb molta d\u2019il\u00b7lusi\u00f3 i amb moltes ganes de fer feina\u201d i ha posat en valor l\u2019equip que far\u00e0 feina amb ell durant aquest proc\u00e9s. \u201cTenc el convenciment que compt un equip molt bo i que pot aportar molt\u00edssimes coses al poble\u201d, ha destacat.<\/p>\n<\/div>\n<\/div>\n<\/div>\n<\/div>\n<\/div>\n<div class=\"col_dcha wpb_column columns small-12 medium-6 thb-dark-column\">\n<div class=\"vc_column-inner \">\n<div class=\"wpb_wrapper\">\n<div class=\"wpb_text_column wpb_content_element \">\n<div class=\"wpb_wrapper\">\n<p>El projecte de Bordoy passa per fer feina per i per al poble d\u2019Esporles. \u201cM\u2019agradaria arribar a un poble on no nom\u00e9s governem cap al poble, sin\u00f3 tamb\u00e9 que el poble, de manera real i f\u00e0ctica, participi en les decisions de Govern. Volem un poble on la gent visqui b\u00e9 i estigui contenta\u201d.<\/p>\n<p>Per la seva banda, Juli Dalmau ha agra\u00eft les mostres de suport rebudes per part dels que han estat els seus companys en el consistori i ha desitjat molta sort i encerts a Toni Bordoy, de qui ha dit que no t\u00e9 cap dubte que far\u00e0 una \u201cmagn\u00edfica feina en benefici de l\u2019inter\u00e8s general d\u2019Esporles\u201d.<\/p>\n<\/div>\n<\/div>\n<\/div>\n<\/div>\n<\/div>\n<\/div>\n<p>Source: Actualitat Fedaraci\u00f3 Mallorca<\/p>\n","protected":false},"excerpt":{"rendered":"<p>\u201cVolem un poble on la gent visqui b\u00e9 i estigui contenta\u201d, ha dit Bordoy, que tamb\u00e9 ha estat proclamat regidor de l\u2019ajuntament en substituci\u00f3 de Juli Dalmau Toni Bordoy ha estat elegit precandidat dels socialistes a la batlia del poble. \u201cMe present per dos motius b\u00e0sics: perqu\u00e8 em fa ganes fer feina per al poble&hellip;<\/p>\n","protected":false},"author":1,"featured_media":23929,"comment_status":"closed","ping_status":"open","sticky":false,"template":"","format":"standard","meta":{"footnotes":""},"categories":[90],"tags":[],"class_list":["post-23928","post","type-post","status-publish","format-standard","has-post-thumbnail","hentry","category-municipis"],"_links":{"self":[{"href":"https:\/\/www.psib-psoe.org\/mallorca\/wp-json\/wp\/v2\/posts\/23928"}],"collection":[{"href":"https:\/\/www.psib-psoe.org\/mallorca\/wp-json\/wp\/v2\/posts"}],"about":[{"href":"https:\/\/www.psib-psoe.org\/mallorca\/wp-json\/wp\/v2\/types\/post"}],"author":[{"embeddable":true,"href":"https:\/\/www.psib-psoe.org\/mallorca\/wp-json\/wp\/v2\/users\/1"}],"replies":[{"embeddable":true,"href":"https:\/\/www.psib-psoe.org\/mallorca\/wp-json\/wp\/v2\/comments?post=23928"}],"version-history":[{"count":0,"href":"https:\/\/www.psib-psoe.org\/mallorca\/wp-json\/wp\/v2\/posts\/23928\/revisions"}],"wp:featuredmedia":[{"embeddable":true,"href":"https:\/\/www.psib-psoe.org\/mallorca\/wp-json\/wp\/v2\/media\/23929"}],"wp:attachment":[{"href":"https:\/\/www.psib-psoe.org\/mallorca\/wp-json\/wp\/v2\/media?parent=23928"}],"wp:term":[{"taxonomy":"category","embeddable":true,"href":"https:\/\/www.psib-psoe.org\/mallorca\/wp-json\/wp\/v2\/categories?post=23928"},{"taxonomy":"post_tag","embeddable":true,"href":"https:\/\/www.psib-psoe.org\/mallorca\/wp-json\/wp\/v2\/tags?post=23928"}],"curies":[{"name":"wp","href":"https:\/\/api.w.org\/{rel}","templated":true}]}}