{"id":23936,"date":"2019-06-14T14:13:13","date_gmt":"2019-06-14T12:13:13","guid":{"rendered":"http:\/\/www.psib-psoe.org\/mallorca\/psib-psoe-i-el-pi-signen-el-pacte-de-governabilitat-a-alcudia-que-atorga-la-batlia-a-barbara-rebassa-els-proxims-3-anys\/"},"modified":"2020-01-08T14:42:10","modified_gmt":"2020-01-08T12:42:10","slug":"psib-psoe-i-el-pi-signen-el-pacte-de-governabilitat-a-alcudia-que-atorga-la-batlia-a-barbara-rebassa-els-proxims-3-anys","status":"publish","type":"post","link":"https:\/\/www.psib-psoe.org\/mallorca\/psib-psoe-i-el-pi-signen-el-pacte-de-governabilitat-a-alcudia-que-atorga-la-batlia-a-barbara-rebassa-els-proxims-3-anys\/","title":{"rendered":"PSIB-PSOE i El Pi signen el pacte de governabilitat a Alc\u00fadia, que atorga la batlia a B\u00e0rbara Rebassa els pr\u00f2xims 3 anys"},"content":{"rendered":"<div class=\"row wpb_row row-fluid img_noticia\">\n<div class=\"wpb_column columns small-12 medium-12 thb-dark-column\">\n<div class=\"vc_column-inner \">\n<div class=\"wpb_wrapper\">\n<div class=\"wpb_single_image wpb_content_element vc_align_center vc_custom_1560514350189\">\n<figure class=\"wpb_wrapper vc_figure\">\n<div class=\"vc_single_image-wrapper vc_box_border_grey\"><img loading=\"lazy\" decoding=\"async\" class=\"vc_single_image-img attachment-full\" src=\"http:\/\/www.psib-psoe.org\/wp-content\/uploads\/190614_AlcudiaWEB.jpg\" alt=\"\" width=\"1000\" height=\"750\" \/><\/div>\n<\/figure>\n<\/div>\n<\/div>\n<\/div>\n<\/div>\n<\/div>\n<div class=\"row wpb_row row-fluid intro full-width-row vc_custom_1558336094678\">\n<div class=\"col_izq wpb_column columns small-12 medium-12 thb-dark-column\">\n<div class=\"vc_column-inner \">\n<div class=\"wpb_wrapper\">\n<div class=\"wpb_text_column wpb_content_element \">\n<div class=\"wpb_wrapper\">\n<p><em><u>Els Socialistes han mostrat la seva satisfacci\u00f3 davant \u201cun molt bon acord\u201d que permetr\u00e0 \u201cdonar continu\u00eftat i consolidar la feina iniciada fa 4 anys\u201d.<\/u><\/em><\/p>\n<\/div>\n<\/div>\n<\/div>\n<\/div>\n<\/div>\n<\/div>\n<div class=\"row wpb_row row-fluid full-width-row\">\n<div class=\"col_izq wpb_column columns small-12 medium-6 thb-dark-column\">\n<div class=\"vc_column-inner \">\n<div class=\"wpb_wrapper\">\n<div class=\"wpb_text_column wpb_content_element \">\n<div class=\"wpb_wrapper\">\n<p>Els Socialistes d\u2019Alc\u00fadia han reeditat pacte de govern amb el Pi, a partir dels resultats de les eleccions del 26 de maig que van atorgar cinc regidors als socialistes i quatre Pi.<\/p>\n<p>Segons l\u2019acord signat avui per ambdues formacions pol\u00edtiques, B\u00e0rbara Rebassa ser\u00e0 la batlessa d\u2019Alc\u00fadia els pr\u00f2xims 3 anys, i a partir de dia 15 de juny de l\u2019any 2022 ho ser\u00e0 Domingo Bonn\u00edn de El Pi.<\/p>\n<p>Rebassa ha destacat la bona entesa entre ambdues formacions pel que fa al programa, i ha assegurat que la principal prioritat del nou govern ser\u00e0 la millora del manteniment al municipi i tots els seus nuclis.<\/p>\n<p>La que ser\u00e0 la propera batlessa socialista a Alc\u00fadia tamb\u00e9 ha assegurat que \u201ctreballarem perqu\u00e8 Alc\u00fadia pugui invertir el super\u00e0vit que t\u00e9 acumulat\u201d, i ha centrat la millora de la mobilitat i l\u2019accessibilitat com un dels eixos principals a treballar.<\/p>\n<\/div>\n<\/div>\n<\/div>\n<\/div>\n<\/div>\n<div class=\"col_dcha wpb_column columns small-12 medium-6 thb-dark-column\">\n<div class=\"vc_column-inner \">\n<div class=\"wpb_wrapper\">\n<div class=\"wpb_text_column wpb_content_element \">\n<div class=\"wpb_wrapper\">\n<p>Pel que fa a les \u00e0rees de gesti\u00f3, B\u00e0rbara Rebassa s\u2019encarregar\u00e0 de Policia, Personal i Patrimoni; Mart\u00ed Garcies ser\u00e0 el responsable d\u2019Obres Pr\u00f2pies i Manteniment; Ag\u00fci Lobo estar\u00e0 al capdavant de Benestar Social, Igualtat i Participaci\u00f3 Ciutadana; Gabriel de Hevia ser\u00e0 el regidor encarregat de Festes, Comer\u00e7, Promoci\u00f3 Econ\u00f2mica, Transpar\u00e8ncia, Administraci\u00f3 Electr\u00f2nica i Inform\u00e0tica, i Ant\u00f2nia C\u00e0naves dur\u00e0 Cultura, Educaci\u00f3 i Fires i Mercats.<\/p>\n<p>A m\u00e9s, la socialista ha explicat que ambdues formacions han acordat convidar el regidor de M\u00c9S a formar part de l\u2019equip de govern, agafant una \u00e0rea de gesti\u00f3 encara per definir.<\/p>\n<p>Amb la signatura d\u2019aquest acord, els Socialistes d\u2019Alc\u00fadia han mostrat la seva satisfacci\u00f3 per \u201chaver arribat a un molt bon pacte que recull el mandat de continu\u00eftat que ens va donar la ciutadania del municipi el passat 26 de maig\u201d.<\/p>\n<\/div>\n<\/div>\n<\/div>\n<\/div>\n<\/div>\n<\/div>\n<p>Source: Portada FSM &#8211; Municipis<\/p>\n","protected":false},"excerpt":{"rendered":"<p>Els Socialistes han mostrat la seva satisfacci\u00f3 davant \u201cun molt bon acord\u201d que permetr\u00e0 \u201cdonar continu\u00eftat i consolidar la feina iniciada fa 4 anys\u201d. Els Socialistes d\u2019Alc\u00fadia han reeditat pacte de govern amb el Pi, a partir dels resultats de les eleccions del 26 de maig que van atorgar cinc regidors als socialistes i quatre&hellip;<\/p>\n","protected":false},"author":1,"featured_media":23937,"comment_status":"closed","ping_status":"open","sticky":false,"template":"","format":"standard","meta":{"footnotes":""},"categories":[90],"tags":[],"class_list":["post-23936","post","type-post","status-publish","format-standard","has-post-thumbnail","hentry","category-municipis"],"_links":{"self":[{"href":"https:\/\/www.psib-psoe.org\/mallorca\/wp-json\/wp\/v2\/posts\/23936"}],"collection":[{"href":"https:\/\/www.psib-psoe.org\/mallorca\/wp-json\/wp\/v2\/posts"}],"about":[{"href":"https:\/\/www.psib-psoe.org\/mallorca\/wp-json\/wp\/v2\/types\/post"}],"author":[{"embeddable":true,"href":"https:\/\/www.psib-psoe.org\/mallorca\/wp-json\/wp\/v2\/users\/1"}],"replies":[{"embeddable":true,"href":"https:\/\/www.psib-psoe.org\/mallorca\/wp-json\/wp\/v2\/comments?post=23936"}],"version-history":[{"count":0,"href":"https:\/\/www.psib-psoe.org\/mallorca\/wp-json\/wp\/v2\/posts\/23936\/revisions"}],"wp:featuredmedia":[{"embeddable":true,"href":"https:\/\/www.psib-psoe.org\/mallorca\/wp-json\/wp\/v2\/media\/23937"}],"wp:attachment":[{"href":"https:\/\/www.psib-psoe.org\/mallorca\/wp-json\/wp\/v2\/media?parent=23936"}],"wp:term":[{"taxonomy":"category","embeddable":true,"href":"https:\/\/www.psib-psoe.org\/mallorca\/wp-json\/wp\/v2\/categories?post=23936"},{"taxonomy":"post_tag","embeddable":true,"href":"https:\/\/www.psib-psoe.org\/mallorca\/wp-json\/wp\/v2\/tags?post=23936"}],"curies":[{"name":"wp","href":"https:\/\/api.w.org\/{rel}","templated":true}]}}