{"id":23939,"date":"2019-06-15T16:43:51","date_gmt":"2019-06-15T14:43:51","guid":{"rendered":"http:\/\/www.psib-psoe.org\/mallorca\/el-psib-psoe-es-converteix-en-la-principal-forca-municipal-de-les-illes-balears-amb-25-batlies\/"},"modified":"2019-12-05T12:04:21","modified_gmt":"2019-12-05T10:04:21","slug":"el-psib-psoe-es-converteix-en-la-principal-forca-municipal-de-les-illes-balears-amb-25-batlies","status":"publish","type":"post","link":"https:\/\/www.psib-psoe.org\/mallorca\/el-psib-psoe-es-converteix-en-la-principal-forca-municipal-de-les-illes-balears-amb-25-batlies\/","title":{"rendered":"El PSIB-PSOE es converteix en la principal for\u00e7a municipal de les Illes Balears amb 25 batlies"},"content":{"rendered":"<div class=\"row wpb_row row-fluid img_noticia\">\n<div class=\"wpb_column columns small-12 medium-12 thb-dark-column\">\n<div class=\"vc_column-inner \">\n<div class=\"wpb_wrapper\">\n<div class=\"wpb_images_carousel wpb_content_element vc_clearfix\">\n<div class=\"wpb_wrapper\">\n<div id=\"vc_images-carousel-1-1560610504\" class=\"vc_slide vc_images_carousel\" style=\"width: 100%;\" data-ride=\"vc_carousel\" data-wrap=\"true\" data-interval=\"5000\" data-auto-height=\"yes\" data-mode=\"horizontal\" data-partial=\"false\" data-per-view=\"1\" data-hide-on-end=\"false\">\n<ol class=\"vc_carousel-indicators\">\n<li data-target=\"#vc_images-carousel-1-1560610504\" data-slide-to=\"0\"><\/li>\n<li data-target=\"#vc_images-carousel-1-1560610504\" data-slide-to=\"1\"><\/li>\n<li data-target=\"#vc_images-carousel-1-1560610504\" data-slide-to=\"2\"><\/li>\n<\/ol>\n<div class=\"vc_carousel-inner\">\n<div class=\"vc_carousel-slideline\">\n<div class=\"vc_carousel-slideline-inner\">\n<div class=\"vc_item\">\n<div class=\"vc_inner\"><img loading=\"lazy\" decoding=\"async\" class=\"attachment-full\" src=\"http:\/\/www.psib-psoe.org\/wp-content\/uploads\/francina-armengol-investidura-jose-hila-juny-2019.jpeg\" alt=\"\" width=\"1000\" height=\"666\" \/><\/div>\n<\/div>\n<div class=\"vc_item\">\n<div class=\"vc_inner\"><img loading=\"lazy\" decoding=\"async\" class=\"attachment-full\" src=\"http:\/\/www.psib-psoe.org\/wp-content\/uploads\/francina-armengol-investidura-virgili-moreno-inca-juny-2019.jpeg\" alt=\"\" width=\"1000\" height=\"750\" \/><\/div>\n<\/div>\n<div class=\"vc_item\">\n<div class=\"vc_inner\"><img loading=\"lazy\" decoding=\"async\" class=\"attachment-full\" src=\"http:\/\/www.psib-psoe.org\/wp-content\/uploads\/francina-armengol-celebracio-investidura-urraca-santa-eugenia-juny-2019.jpeg\" alt=\"\" width=\"1000\" height=\"750\" \/><\/div>\n<\/div>\n<\/div>\n<\/div>\n<\/div>\n<p>&nbsp;<\/p>\n<\/div>\n<\/div>\n<\/div>\n<\/div>\n<\/div>\n<\/div>\n<\/div>\n<div class=\"row wpb_row row-fluid intro full-width-row vc_custom_1558336094678\">\n<div class=\"col_izq wpb_column columns small-12 medium-12 thb-dark-column\">\n<div class=\"vc_column-inner \">\n<div class=\"wpb_wrapper\">\n<div class=\"wpb_text_column wpb_content_element \">\n<div class=\"wpb_wrapper\">\n<p><em><u>3 de cada 4 habitants de les Balears estaran governats en els ajuntaments de l\u2019arxip\u00e8lag pels socialistes, ja que el PSIB-PSOE formar\u00e0 part dels governs municipals de 34 institucions, incl\u00f2s el Consell de Formentera<\/u><\/em><\/p>\n<\/div>\n<\/div>\n<\/div>\n<\/div>\n<\/div>\n<\/div>\n<div class=\"row wpb_row row-fluid full-width-row\">\n<div class=\"col_izq wpb_column columns small-12 medium-6 thb-dark-column\">\n<div class=\"vc_column-inner \">\n<div class=\"wpb_wrapper\">\n<div class=\"wpb_text_column wpb_content_element \">\n<div class=\"wpb_wrapper\">\n<p>El Partit Socialista, per primera vegada, ser\u00e0 el partit que m\u00e9s batles i batlesses tindr\u00e0 en una legislatura, arribant fins als 25 en el mandat que s\u2019inicia avui, incloent-hi el Consell de Formentera.<\/p>\n<p>Aquesta xifra, hist\u00f2rica, fa pal\u00e8s l\u2019augment del poder municipalista del PSIB-PSOE, que es comen\u00e7\u00e0 a evidenciar als comicis de 2015 i que s\u2019ha consolidat en la passada cita electoral.<\/p>\n<p>Uns resultats que, a m\u00e9s a m\u00e9s, faran possible fer realitat el comprom\u00eds socialista de seguir fent feina per millorar la vida dels ciutadans i ciutadanes de les Balears.<\/p>\n<p>La secret\u00e0ria general del PSIB-PSOE, Francina Armengol, ha volgut fer costat avui demat\u00ed els batles d\u2019Inca, Virgili Moreno, i de Palma, Jos\u00e9 Hila, en les respectives preses de possessi\u00f3.<\/p>\n<\/div>\n<\/div>\n<\/div>\n<\/div>\n<\/div>\n<div class=\"col_dcha wpb_column columns small-12 medium-6 thb-dark-column\">\n<div class=\"vc_column-inner \">\n<div class=\"wpb_wrapper\">\n<div class=\"wpb_text_column wpb_content_element \">\n<div class=\"wpb_wrapper\">\n<p>Armengol ha expressat \u201cl\u2019immens orgull\u201d que significa per als i les socialistes ser, per primera vegada, la for\u00e7a pol\u00edtica \u201camb m\u00e9s poder municipal a la nostra Comunitat Aut\u00f2noma, amb molts de batles i batlesses que donaran l\u2019exemple de servir molt b\u00e9 tots els ciutadans i ciutadanes\u201d.<\/p>\n<p>Aix\u00ed mateix, cal ressaltar que el PSIB-PSOE, a m\u00e9s de les 25 batlies, formar\u00e0 part de nou equips de govern municipal m\u00e9s, tots a Mallorca. A la pr\u00e0ctica, aix\u00f2 significa que el 75% de la poblaci\u00f3 de les Illes Balears estar\u00e0 governada pels i les socialistes aquesta legislatura, que formaran part dels equips de govern a 34 consistoris d\u2019un total de 67.<\/p>\n<p>En aquest sentit, Armengol ha recordat que aquest fet representa \u201cmolt\u00edssima alegria i orgull\u201d, per\u00f2 tamb\u00e9 \u201cresponsabilitat per servir molt b\u00e9 als ciutadans i ciutadanes d\u2019aquesta Comunitat Aut\u00f2noma, que s\u2019ho mereixen tot\u201d.<\/p>\n<\/div>\n<\/div>\n<\/div>\n<\/div>\n<\/div>\n<\/div>\n<div class=\"row wpb_row row-fluid\">\n<div class=\"wpb_column columns small-12 medium-12 thb-dark-column\">\n<div class=\"vc_column-inner \">\n<div class=\"wpb_wrapper\">\n<div class=\"vc_separator wpb_content_element vc_separator_align_center vc_sep_width_100 vc_sep_pos_align_center vc_sep_color_grey vc_separator-has-text\">\n<p>&nbsp;<\/p>\n<div class=\"vc_icon_element vc_icon_element-outer vc_icon_element-align-left\">\n<div class=\"vc_icon_element-inner vc_icon_element-color-blue vc_icon_element-size-md vc_icon_element-style- vc_icon_element-background-color-grey\"><\/div>\n<\/div>\n<h4>Batlies per illes<\/h4>\n<p>&nbsp;<\/p>\n<\/div>\n<\/div>\n<\/div>\n<\/div>\n<\/div>\n<div class=\"row wpb_row row-fluid\">\n<div class=\"wpb_column columns small-12 medium-12 thb-dark-column\">\n<div class=\"vc_column-inner \">\n<div class=\"wpb_wrapper\">\n<div class=\"wpb_text_column wpb_content_element \">\n<div class=\"wpb_wrapper\">\n<h4>Mallorca<\/h4>\n<p><strong>Algaida<\/strong>: Maria Ant\u00f2nia Mulet<br \/>\n<strong>Art\u00e0<\/strong>: Manolo Gal\u00e1n<br \/>\n<strong>Calvi\u00e0<\/strong>: Alfonso Rodr\u00edguez<br \/>\n<strong>Campanet<\/strong>: Rosa Maria Bestard<br \/>\n<strong>Capdepera<\/strong>: Rafel Fern\u00e1ndez<br \/>\n<strong>Consell<\/strong>: Andreu Isern<br \/>\n<strong>Dei\u00e0<\/strong>: Llu\u00eds Apesteguia (amb la coalici\u00f3 Agrupaci\u00f3 Dei\u00e0)<br \/>\n<strong>Inca<\/strong>: Virgilio Moreno<br \/>\n<strong>Lloseta<\/strong>: Xema Mu\u00f1oz<br \/>\n<strong>Marratx\u00ed<\/strong>: Miquel Cabot<br \/>\n<strong>Palma<\/strong>: Jos\u00e9 Hila<br \/>\n<strong>Puigpunyent<\/strong>: Toni Mar\u00ed<br \/>\n<strong>Son Servera<\/strong>: Nat\u00e0lia Troya<br \/>\n<strong>Alc\u00fadia<\/strong>: B\u00e0rbara Rebassa (els tres primers anys de mandat)<br \/>\n<strong>Andratx<\/strong>: Toni Mir (els dos darrers anys)<br \/>\n<strong>Felanitx<\/strong>: Xisco Duarte (els dos darrers anys)<br \/>\n<strong>Sant Lloren\u00e7 des Cardassar<\/strong>: Pep Jaume (el darrer any i mig)<br \/>\n<strong>Santa Eug\u00e8nia<\/strong>:Pep Llu\u00eds Urraca (els dos primers anys)<\/p>\n<p>D\u2019altra banda, el PSIB-PSOE formar\u00e0 part dels equips de govern dels municipis de Bunyola, Fornalutx, Manacor, Montu\u00efri, Porreres, sa Pobla, Sencelles, Sant Joan i Santa Maria.<\/p>\n<p>Al municipi de Puigpunyent, els socialistes governaran amb majoria absoluta i, per primera vegada, el municipi de Santa Eug\u00e8nia tindr\u00e0 un batle socialista. Aix\u00ed mateix, Alc\u00fadia i Campanet tindran les primeres batlesses socialistes.<\/p>\n<p>&nbsp;<\/p>\n<h4>Menorca<\/h4>\n<p><strong>Ma\u00f3<\/strong>: H\u00e9ctor Pons<br \/>\n<strong>Es Mercadal<\/strong>: Xisco Ametller<br \/>\n<strong>Sant Llu\u00eds<\/strong>: Carol Marqu\u00e8s<br \/>\n<strong>Es Castell<\/strong>:Joana Escandell<\/p>\n<p>&nbsp;<\/p>\n<h4>Eivissa<\/h4>\n<p><strong>Eivissa<\/strong>: Rafa Ruiz<br \/>\n<strong>Sant Josep de sa Talaia:<\/strong> Josep Mar\u00ed Ribas<\/p>\n<p>&nbsp;<\/p>\n<p>Aix\u00ed mateix, la candidata socialista al Consell de Formentera, Ana Juan, presidir\u00e0 la instituci\u00f3 insular els darrers 20 mesos de legislatura.<\/p>\n<\/div>\n<\/div>\n<\/div>\n<\/div>\n<\/div>\n<\/div>\n<p>Source: Actualitat Fedaraci\u00f3 Mallorca<\/p>\n","protected":false},"excerpt":{"rendered":"<p>&nbsp; 3 de cada 4 habitants de les Balears estaran governats en els ajuntaments de l\u2019arxip\u00e8lag pels socialistes, ja que el PSIB-PSOE formar\u00e0 part dels governs municipals de 34 institucions, incl\u00f2s el Consell de Formentera El Partit Socialista, per primera vegada, ser\u00e0 el partit que m\u00e9s batles i batlesses tindr\u00e0 en una legislatura, arribant fins&hellip;<\/p>\n","protected":false},"author":1,"featured_media":23940,"comment_status":"closed","ping_status":"open","sticky":false,"template":"","format":"standard","meta":{"footnotes":""},"categories":[2,90],"tags":[],"class_list":["post-23939","post","type-post","status-publish","format-standard","has-post-thumbnail","hentry","category-federacio-de-mallorca","category-municipis"],"_links":{"self":[{"href":"https:\/\/www.psib-psoe.org\/mallorca\/wp-json\/wp\/v2\/posts\/23939"}],"collection":[{"href":"https:\/\/www.psib-psoe.org\/mallorca\/wp-json\/wp\/v2\/posts"}],"about":[{"href":"https:\/\/www.psib-psoe.org\/mallorca\/wp-json\/wp\/v2\/types\/post"}],"author":[{"embeddable":true,"href":"https:\/\/www.psib-psoe.org\/mallorca\/wp-json\/wp\/v2\/users\/1"}],"replies":[{"embeddable":true,"href":"https:\/\/www.psib-psoe.org\/mallorca\/wp-json\/wp\/v2\/comments?post=23939"}],"version-history":[{"count":0,"href":"https:\/\/www.psib-psoe.org\/mallorca\/wp-json\/wp\/v2\/posts\/23939\/revisions"}],"wp:featuredmedia":[{"embeddable":true,"href":"https:\/\/www.psib-psoe.org\/mallorca\/wp-json\/wp\/v2\/media\/23940"}],"wp:attachment":[{"href":"https:\/\/www.psib-psoe.org\/mallorca\/wp-json\/wp\/v2\/media?parent=23939"}],"wp:term":[{"taxonomy":"category","embeddable":true,"href":"https:\/\/www.psib-psoe.org\/mallorca\/wp-json\/wp\/v2\/categories?post=23939"},{"taxonomy":"post_tag","embeddable":true,"href":"https:\/\/www.psib-psoe.org\/mallorca\/wp-json\/wp\/v2\/tags?post=23939"}],"curies":[{"name":"wp","href":"https:\/\/api.w.org\/{rel}","templated":true}]}}