{"id":23972,"date":"2019-07-06T13:48:55","date_gmt":"2019-07-06T11:48:55","guid":{"rendered":"http:\/\/www.psib-psoe.org\/mallorca\/catalina-cladera-es-investida-presidenta-del-consell-de-mallorca-comprometent-se-a-donar-un-nou-impuls-a-la-institucio-i-a-governar-per-a-tothom\/"},"modified":"2019-12-05T11:55:09","modified_gmt":"2019-12-05T09:55:09","slug":"catalina-cladera-es-investida-presidenta-del-consell-de-mallorca-comprometent-se-a-donar-un-nou-impuls-a-la-institucio-i-a-governar-per-a-tothom","status":"publish","type":"post","link":"https:\/\/www.psib-psoe.org\/mallorca\/catalina-cladera-es-investida-presidenta-del-consell-de-mallorca-comprometent-se-a-donar-un-nou-impuls-a-la-institucio-i-a-governar-per-a-tothom\/","title":{"rendered":"Catalina Cladera \u00e9s investida presidenta del Consell de Mallorca comprometent-se a donar un nou impuls a la instituci\u00f3 i a governar per a tothom"},"content":{"rendered":"<div class=\"row wpb_row row-fluid img_noticia\">\n<div class=\"wpb_column columns small-12 medium-12 thb-dark-column\">\n<div class=\"vc_column-inner \">\n<div class=\"wpb_wrapper\">\n<div class=\"wpb_single_image wpb_content_element vc_align_center vc_custom_1562413537762\">\n<figure class=\"wpb_wrapper vc_figure\">\n<div class=\"vc_single_image-wrapper vc_box_border_grey\"><img loading=\"lazy\" decoding=\"async\" class=\"vc_single_image-img attachment-full\" src=\"http:\/\/www.psib-psoe.org\/wp-content\/uploads\/Cladera-Presidenta.jpg\" alt=\"\" width=\"1000\" height=\"667\" \/><\/div>\n<\/figure>\n<\/div>\n<\/div>\n<\/div>\n<\/div>\n<\/div>\n<div class=\"row wpb_row row-fluid intro full-width-row vc_custom_1558336094678\">\n<div class=\"col_izq wpb_column columns small-12 medium-12 thb-dark-column\">\n<div class=\"vc_column-inner \">\n<div class=\"wpb_wrapper\">\n<div class=\"wpb_text_column wpb_content_element \">\n<div class=\"wpb_wrapper\">\n<p><em><u>La socialista ha prom\u00e8s el seu c\u00e0rrec despr\u00e9s de ser investida gr\u00e0cies als vots a favor de PSIB-PSOE, Unides Podem i M\u00c9S per Mallorca, i l\u2019abstenci\u00f3 d\u2019El Pi<\/u><\/em><\/p>\n<\/div>\n<\/div>\n<\/div>\n<\/div>\n<\/div>\n<\/div>\n<div class=\"row wpb_row row-fluid full-width-row\">\n<div class=\"col_izq wpb_column columns small-12 medium-6 thb-dark-column\">\n<div class=\"vc_column-inner \">\n<div class=\"wpb_wrapper\">\n<div class=\"wpb_text_column wpb_content_element \">\n<div class=\"wpb_wrapper\">\n<p>La socialista Catalina Cladera ha estat investida presidenta del Consell de Mallorca amb els vots a favor del PSIB-PSOE, Unides Podem i M\u00c9S per Mallorca i l\u2019abstenci\u00f3 d\u2019El Pi, en un dia en qu\u00e8 s\u2019ha constitu\u00eft la instituci\u00f3 insular amb la presa de possessi\u00f3 dels 33 consellers i conselleres electes.<\/p>\n<p>Cladera ha defensat la seva candidatura comprometent-se a donar \u201cun nou impuls\u201d al Consell, \u201cper fer una instituci\u00f3 m\u00e9s \u00fatil i accessible, m\u00e9s propera a cada municipi i que sigui un referent real de les pol\u00edtiques que impulsam a Mallorca\u201d.<\/p>\n<p>En aquest sentit, ha avan\u00e7at que assumir\u00e0 \u201c\u00edntegrament els Acords de Raixa\u201d, els quals marquen el full de ruta \u201cper garantir la governabilitat i el progr\u00e9s de la nostra illa per als pr\u00f2xims quatre anys\u201d.<\/p>\n<p>Cladera ha exposat algunes de les l\u00ednies del que ser\u00e0 el seu mandat amb l\u2019objectiu de treballar per aconseguir \u201cla Mallorca que volem\u201d, la qual ha anunciat que ha de ser \u201csostenible ambientalment, socialment i econ\u00f2micament\u201d.<\/p>\n<p>Per aconseguir-ho, la presidenta del Consell ha anunciat un Pla de transici\u00f3 Energ\u00e8tica i Canvi Clim\u00e0tic \u201cque ens ha de permetre que l\u2019any 2028 un 50% de les energies que emprem siguin obtingudes a trav\u00e9s de fonts renovables\u201d, a m\u00e9s del nou Pla Director de Residus que \u201cposar\u00e0 l\u2019accent en els beneficis de l\u2019economia circular amb el reciclatge per bandera, i en una millor gesti\u00f3 dels envasos\u201d.<\/p>\n<p>Un dels altres reptes de futur als quals vol fer front el Consell de Cladera \u00e9s el canvi de paradigma de la seva mobilitat, per la qual cosa la presidenta socialista ha assegurat que \u201cdissenyarem un nou model viari amb la premissa de la m\u00ednima intervenci\u00f3 possible sobre el territori, i deixant clar que els Acords de Raixa descarten la construcci\u00f3 de noves grans infraestructures vi\u00e0ries, ja siguin vies d\u2019alta capacitat o desdoblaments\u201d. A m\u00e9s a m\u00e9s, Cladera ha destacat que \u201cel nostre comprom\u00eds amb la sostenibilitat passa per unes carreteres m\u00e9s segures i integrades dins el paisatge, amb mesures de pacificaci\u00f3 del tr\u00e0nsit als centres urbans, i espais habilitats per vianants i ciclistes\u201d, per la qual cosa s\u2019ha comprom\u00e8s a executar les obres del Tram 1 de la Via Connectora, descartant el Tram 5.<\/p>\n<\/div>\n<\/div>\n<\/div>\n<\/div>\n<\/div>\n<div class=\"col_dcha wpb_column columns small-12 medium-6 thb-dark-column\">\n<div class=\"vc_column-inner \">\n<div class=\"wpb_wrapper\">\n<div class=\"wpb_text_column wpb_content_element \">\n<div class=\"wpb_wrapper\">\n<p>Cladera tamb\u00e9 ha avan\u00e7at solucions per a la manca d\u2019habitatge, assegurant que \u201cajudarem els municipis a destinar s\u00f2l p\u00fablic municipal per a la construcci\u00f3 de nous habitatges socials, perqu\u00e8 el Consell de Mallorca no pot quedar de bra\u00e7os plegats davant aquesta problem\u00e0tica\u201d.<\/p>\n<p>En mat\u00e8ria de serveis socials, la presidenta socialista ha deixat clar que \u201campliarem el Servei d\u2019Atenci\u00f3 Integral a persones dependents a tota Mallorca, que permetr\u00e0 que la gent gran pugui envellir en el seu entorn vital, reduint les llistes d\u2019espera mentre paral\u00b7lelament cream noves places residencials i de centres de dia a Mallorca\u201d.<\/p>\n<p>Pel que fa a la gesti\u00f3 del territori, Cladera ha manifestat la seva intenci\u00f3 d\u2019aprovar \u201cun nou Pla Territorial de Mallorca\u201d, mentre que en relaci\u00f3 a la cultura, la socialista ha anunciat que incrementar\u00e0 els descomptes per a activitats culturals per a joves, persones a l\u2019atur, amb discapacitat i gent gran\u201d.<\/p>\n<p>Per fer front a tots els reptes de l\u2019illa, Cladera ha oferit di\u00e0leg \u201cper aconseguir, entre tots, acords en assumptes de pa\u00eds com el turisme, la sostenibilitat ambiental i social o el model de creixement\u201d, de la mateixa manera que tamb\u00e9 s\u2019ha referit al di\u00e0leg entre institucions o al di\u00e0leg amb la societat.<\/p>\n<p>Cladera ha concl\u00f2s el seu discurs amb el comprom\u00eds de governar per a tothom i assegurant que \u201c\u00e9s l\u2019hora de la veritat, passarem de les promeses als fets, dels projectes a les realitzacions, del disseny a l\u2019acci\u00f3, per encarar aquest repte col\u00b7lectiu que suposa governar Mallorca\u201d.<\/p>\n<p>&nbsp;<\/p>\n<p>&nbsp;<\/p>\n<p>&nbsp;<\/p>\n<\/div>\n<\/div>\n<\/div>\n<\/div>\n<\/div>\n<\/div>\n<p>Source: Federaci\u00f3 de Mallorca &#8211; Portada FSM<\/p>\n","protected":false},"excerpt":{"rendered":"<p>La socialista ha prom\u00e8s el seu c\u00e0rrec despr\u00e9s de ser investida gr\u00e0cies als vots a favor de PSIB-PSOE, Unides Podem i M\u00c9S per Mallorca, i l\u2019abstenci\u00f3 d\u2019El Pi La socialista Catalina Cladera ha estat investida presidenta del Consell de Mallorca amb els vots a favor del PSIB-PSOE, Unides Podem i M\u00c9S per Mallorca i l\u2019abstenci\u00f3&hellip;<\/p>\n","protected":false},"author":1,"featured_media":23973,"comment_status":"closed","ping_status":"open","sticky":false,"template":"","format":"standard","meta":{"footnotes":""},"categories":[89,2],"tags":[],"class_list":["post-23972","post","type-post","status-publish","format-standard","has-post-thumbnail","hentry","category-consell-de-mallorca","category-federacio-de-mallorca"],"_links":{"self":[{"href":"https:\/\/www.psib-psoe.org\/mallorca\/wp-json\/wp\/v2\/posts\/23972"}],"collection":[{"href":"https:\/\/www.psib-psoe.org\/mallorca\/wp-json\/wp\/v2\/posts"}],"about":[{"href":"https:\/\/www.psib-psoe.org\/mallorca\/wp-json\/wp\/v2\/types\/post"}],"author":[{"embeddable":true,"href":"https:\/\/www.psib-psoe.org\/mallorca\/wp-json\/wp\/v2\/users\/1"}],"replies":[{"embeddable":true,"href":"https:\/\/www.psib-psoe.org\/mallorca\/wp-json\/wp\/v2\/comments?post=23972"}],"version-history":[{"count":0,"href":"https:\/\/www.psib-psoe.org\/mallorca\/wp-json\/wp\/v2\/posts\/23972\/revisions"}],"wp:featuredmedia":[{"embeddable":true,"href":"https:\/\/www.psib-psoe.org\/mallorca\/wp-json\/wp\/v2\/media\/23973"}],"wp:attachment":[{"href":"https:\/\/www.psib-psoe.org\/mallorca\/wp-json\/wp\/v2\/media?parent=23972"}],"wp:term":[{"taxonomy":"category","embeddable":true,"href":"https:\/\/www.psib-psoe.org\/mallorca\/wp-json\/wp\/v2\/categories?post=23972"},{"taxonomy":"post_tag","embeddable":true,"href":"https:\/\/www.psib-psoe.org\/mallorca\/wp-json\/wp\/v2\/tags?post=23972"}],"curies":[{"name":"wp","href":"https:\/\/api.w.org\/{rel}","templated":true}]}}