{"id":24071,"date":"2019-10-10T13:38:24","date_gmt":"2019-10-10T11:38:24","guid":{"rendered":"http:\/\/www.psib-psoe.org\/mallorca\/?p=24071"},"modified":"2020-01-08T14:35:46","modified_gmt":"2020-01-08T12:35:46","slug":"el-ple-del-consell-de-mallorca-declara-lestat-demergencia-climatica-a-lilla","status":"publish","type":"post","link":"https:\/\/www.psib-psoe.org\/mallorca\/el-ple-del-consell-de-mallorca-declara-lestat-demergencia-climatica-a-lilla\/","title":{"rendered":"El ple del Consell de Mallorca declara l\u2019Estat d\u2019Emerg\u00e8ncia Clim\u00e0tica a l&#8217;illa"},"content":{"rendered":"<div class=\"wpb-content-wrapper\">[vc_row el_class=&#8221;img_noticia&#8221;][vc_column][vc_single_image image=&#8221;24072&#8243; img_size=&#8221;full&#8221;][\/vc_column][\/vc_row][vc_row el_class=&#8221;intro&#8221;][vc_column][vc_column_text]<em><u>La moci\u00f3, presentada de manera conjunta pels grups Socialista, Unides Podem i M\u00e9s per Mallorca, ha comptat amb el suport majoritari dels consellers de l\u2019oposici\u00f3<\/u><\/em>[\/vc_column_text][\/vc_column][\/vc_row][vc_row][vc_column width=&#8221;1\/2&#8243;][vc_column_text]El ple del Consell de Mallorca ha declarat l\u2019Estat d\u2019Emerg\u00e8ncia Clim\u00e0tica a l\u2019illa de Mallorca a proposta dels grups Socialista, Unides Podem i M\u00e9s per Mallorca i que tamb\u00e9 ha comptat amb el vot favorable dels grups popular i Proposta per les Illes.<\/p>\n<p>Una declaraci\u00f3 \u201camb molt de valor i que fa 15 anys ning\u00fa hauria plantejat\u201d i que obri \u201cun cam\u00ed positiu\u201d, tal com ha declarat el conseller socialista i portaveu del grup en el Consell, Andreu Alcover.<\/p>\n<p>Una q\u00fcesti\u00f3, ha insistit Alcover, \u201cque afecta a tothom\u201d i, per tant, \u201chem d\u2019actuar\u201d. Aquesta actuaci\u00f3 es materialitzar\u00e0, ha explicat, \u201cen futures pol\u00edtiques, contemplades totes en els Acords de Raixa\u201d i que es faran efectives en \u201cfutures decisions de l\u2019equip de Govern del Consell de Mallorca\u201d.<\/p>\n<p>A trav\u00e9s d\u2019aquesta moci\u00f3, el govern del Consell de Mallorca s\u2019ha comprom\u00e8s a impulsar, de manera priorit\u00e0ria, les pol\u00edtiques necess\u00e0ries per assolir els objectius de desenvolupament sostenible de l\u2019Agenda 2030 de l\u2019ONU.[\/vc_column_text][\/vc_column][vc_column width=&#8221;1\/2&#8243;][vc_column_text]En aquest sentit, tamb\u00e9 s\u2019ha aprovat que s\u2019impulsi la creaci\u00f3 d\u2019una Comissi\u00f3 d\u2019Emerg\u00e8ncia Clim\u00e0tica per garantir el compliment d\u2019aquesta Agenda 2030, amb la participaci\u00f3 de les institucions i la societat civil, i amb l\u2019objectiu de reduir la petjada de carboni i la generaci\u00f3 de residus.<\/p>\n<p>Aix\u00ed mateix, \u00a0l\u2019acord insta la instituci\u00f3 insular a incloure cl\u00e0usules mediambientals en la contractaci\u00f3 p\u00fablica, a seguir publicant ajudes per als ajuntaments perqu\u00e8 executin accions que permetin la reducci\u00f3 de les emissions de gasos contaminants i facin de la lluita per pal\u00b7liar els efectes del canvi clim\u00e0tic una prioritat a l\u2019hora de desenvolupar pol\u00edtiques p\u00fabliques.<\/p>\n<p>Finalment, la moci\u00f3 insta els governs de les Illes Balears i de l\u2019Estat que facin el mateix en els seus respectius nivells i que impulsin pol\u00edtiques p\u00fabliques que assegurin una descarbonitzaci\u00f3 socialment justa i suficientment r\u00e0pida.[\/vc_column_text][\/vc_column][\/vc_row]\n<\/div>","protected":false},"excerpt":{"rendered":"<p>[vc_row el_class=&#8221;img_noticia&#8221;][vc_column][vc_single_image image=&#8221;24072&#8243; img_size=&#8221;full&#8221;][\/vc_column][\/vc_row][vc_row el_class=&#8221;intro&#8221;][vc_column][vc_column_text]La moci\u00f3, presentada de manera conjunta pels grups Socialista, Unides Podem i M\u00e9s per Mallorca, ha comptat amb el suport majoritari dels consellers de l\u2019oposici\u00f3[\/vc_column_text][\/vc_column][\/vc_row][vc_row][vc_column width=&#8221;1\/2&#8243;][vc_column_text]El ple del Consell de Mallorca ha declarat l\u2019Estat d\u2019Emerg\u00e8ncia Clim\u00e0tica a l\u2019illa de Mallorca a proposta dels grups Socialista, Unides Podem i M\u00e9s per Mallorca&hellip;<\/p>\n","protected":false},"author":3,"featured_media":24072,"comment_status":"open","ping_status":"open","sticky":false,"template":"","format":"standard","meta":{"footnotes":""},"categories":[89],"tags":[],"class_list":["post-24071","post","type-post","status-publish","format-standard","has-post-thumbnail","hentry","category-consell-de-mallorca"],"_links":{"self":[{"href":"https:\/\/www.psib-psoe.org\/mallorca\/wp-json\/wp\/v2\/posts\/24071"}],"collection":[{"href":"https:\/\/www.psib-psoe.org\/mallorca\/wp-json\/wp\/v2\/posts"}],"about":[{"href":"https:\/\/www.psib-psoe.org\/mallorca\/wp-json\/wp\/v2\/types\/post"}],"author":[{"embeddable":true,"href":"https:\/\/www.psib-psoe.org\/mallorca\/wp-json\/wp\/v2\/users\/3"}],"replies":[{"embeddable":true,"href":"https:\/\/www.psib-psoe.org\/mallorca\/wp-json\/wp\/v2\/comments?post=24071"}],"version-history":[{"count":0,"href":"https:\/\/www.psib-psoe.org\/mallorca\/wp-json\/wp\/v2\/posts\/24071\/revisions"}],"wp:featuredmedia":[{"embeddable":true,"href":"https:\/\/www.psib-psoe.org\/mallorca\/wp-json\/wp\/v2\/media\/24072"}],"wp:attachment":[{"href":"https:\/\/www.psib-psoe.org\/mallorca\/wp-json\/wp\/v2\/media?parent=24071"}],"wp:term":[{"taxonomy":"category","embeddable":true,"href":"https:\/\/www.psib-psoe.org\/mallorca\/wp-json\/wp\/v2\/categories?post=24071"},{"taxonomy":"post_tag","embeddable":true,"href":"https:\/\/www.psib-psoe.org\/mallorca\/wp-json\/wp\/v2\/tags?post=24071"}],"curies":[{"name":"wp","href":"https:\/\/api.w.org\/{rel}","templated":true}]}}