{"id":24078,"date":"2019-10-11T09:12:56","date_gmt":"2019-10-11T07:12:56","guid":{"rendered":"http:\/\/www.psib-psoe.org\/mallorca\/pere-joan-pons-el-10-de-novembre-tornarem-a-fer-historia\/"},"modified":"2020-01-08T14:35:34","modified_gmt":"2020-01-08T12:35:34","slug":"pere-joan-pons-el-10-de-novembre-tornarem-a-fer-historia","status":"publish","type":"post","link":"https:\/\/www.psib-psoe.org\/mallorca\/pere-joan-pons-el-10-de-novembre-tornarem-a-fer-historia\/","title":{"rendered":"Pere Joan Pons: \u201cEl 10 de novembre tornarem a fer hist\u00f2ria\u201d"},"content":{"rendered":"<div class=\"row wpb_row row-fluid img_noticia\">\n<div class=\"wpb_column columns small-12 medium-12 thb-dark-column\">\n<div class=\"vc_column-inner  \">\n<div class=\"wpb_wrapper\">\n<div class=\"wpb_single_image wpb_content_element vc_align_center  vc_custom_1570777801860\">\n<figure class=\"wpb_wrapper vc_figure\">\n<div class=\"vc_single_image-wrapper   vc_box_border_grey\"><img loading=\"lazy\" decoding=\"async\" width=\"1000\" height=\"750\" src=\"http:\/\/www.psib-psoe.org\/wp-content\/uploads\/sopar-comarcal-ariany-precampanya-10-novembre-francina-pere-joan-cosme-susanna.jpg\" class=\"vc_single_image-img attachment-full\" alt=\"\" \/><\/div>\n<\/figure><\/div>\n<\/div>\n<\/div>\n<\/div>\n<\/div>\n<div class=\"row wpb_row row-fluid intro full-width-row vc_custom_1558336094678\">\n<div class=\"col_izq wpb_column columns small-12 medium-12 thb-dark-column\">\n<div class=\"vc_column-inner  \">\n<div class=\"wpb_wrapper\">\n<div class=\"wpb_text_column wpb_content_element  \">\n<div class=\"wpb_wrapper\">\n<p><em><u>M\u00e9s de 150 persones han fet costat els candidats al Congr\u00e9s dels Diputats i al Senat en el primer acte multitudinari de la campanya electoral<\/u><\/em><\/p>\n<\/p><\/div><\/div>\n<\/div>\n<\/div>\n<\/div>\n<\/div>\n<div class=\"row wpb_row row-fluid full-width-row\">\n<div class=\"col_izq wpb_column columns small-12 medium-6 thb-dark-column\">\n<div class=\"vc_column-inner  \">\n<div class=\"wpb_wrapper\">\n<div class=\"wpb_text_column wpb_content_element  \">\n<div class=\"wpb_wrapper\">\n<p>Els Socialistes de les Illes Balears han donat el sus a la precampanya electoral amb un acte amb militants al qual han acudit m\u00e9s de 150 persones, davant les quals el candidat al Congr\u00e9s, Pere Joan Pons, ha animat a anar a votar massivament el 10 de novembre conven\u00e7ut que \u201ctornarem a fer hist\u00f2ria i consolidarem el projecte progressista que ja tenim a les Illes Balears\u201d.<\/p>\n<p>\u201cCada vot conta\u201d, ha insistit Pons, qui ha recordat que \u201cja v\u00e0rem fer hist\u00f2ria el 28 d\u2019abril, la v\u00e0rem fer el 26 de maig i ara entre tots hem de combatre l\u2019abstenci\u00f3 per tornar-la a fer el 10 de novembre\u201d.<\/p>\n<p>El candidat socialista, que torna a ser el cap de llista del PSIB-PSOE al Congr\u00e9s dels Diputats, ha exposat que el Partit Socialista \u00e9s l\u2019\u00fanica \u201calternativa clara\u201d a PP, Ciutadans i al \u201cpartit que propaga l\u2019odi, la viol\u00e8ncia i la xenof\u00f2bia\u201d, en refer\u00e8ncia a VOX. \u201cCada vot que no es faci -en al\u00b7lusi\u00f3 a l\u2019abstenci\u00f3- ser\u00e0 un vot que anir\u00e0 directe a aquests tres partits\u201d.<\/p>\n<p>La secret\u00e0ria general del PSIB-PSOE i presidenta del Govern de les Illes Balears, Francina Armengol, ha volgut fer costat als candidats al Congr\u00e9s i al Senat en aquest acte, on ha assenyalat que \u201cel partit est\u00e0 m\u00e9s fort que mai\u201d i que l\u2019objectiu \u00e9s \u201canar a guanyar per segona vegada, per\u00f2 aquesta vegada encara millor\u201d.<\/p>\n<p>En aquest sentit, Armengol ha insistit en el missatge de la mobilitzaci\u00f3. \u201cAnar a votar \u00e9s un deure de totes i tots\u201d i ha afegit que, precisament, per als socialistes, que \u201cmai no ho hem tengut f\u00e0cil\u201d, votar \u00e9s una \u201cuna responsabilitat\u201d, sobretot si \u201cmiram enrere i pensam qu\u00e8 va passar a tanta gent que va lluitar per la democr\u00e0cia\u201d. \u201cAra, m\u00e9s que mai, hem d\u2019honorar aquestes persones\u201d, ha asseverat Armengol.<\/p>\n<p>Per la seva banda, el candidat al Senat per Mallorca, Cosme Bonet, ha recordat la feina feta pel govern socialista a Espanya el darrer any, amb mesures que han perm\u00e8s apujar el salari m\u00ednim interprofessional, revalorar les pensions o lluitar contra la viol\u00e8ncia de g\u00e8nere, \u201cen la qual nosaltres s\u00ed que hi creiem, com tamb\u00e9 en la mem\u00f2ria democr\u00e0tica\u201d.<\/p>\n<\/p><\/div><\/div>\n<\/div>\n<\/div>\n<\/div>\n<div class=\"col_dcha wpb_column columns small-12 medium-6 thb-dark-column\">\n<div class=\"vc_column-inner  \">\n<div class=\"wpb_wrapper\">\n<div class=\"wpb_text_column wpb_content_element  \">\n<div class=\"wpb_wrapper\">\n<p>Pol\u00edtiques aquestes, ha apuntat Bonet, que nom\u00e9s han estat possibles perqu\u00e8 hi ha hagut un govern d\u2019esquerres, motiu pel qual el candidat a senador ha demanat m\u00e0xima mobilitzaci\u00f3 el 10 de novembre, per no \u201clamentar durant 4 anys que la ultradreta ens governi per no haver invertit 20 minuts en anar a votar\u201d.<\/p>\n<p>\u201cNo hem de caure en el parany de la dreta i l\u2019extrema dreta\u201d, que no \u00e9s altre que \u201cl\u2019abstenci\u00f3\u201d, ha expressat Bonet, alhora que ha recordat que \u201cja s\u2019han tret la careta\u201d, en refer\u00e8ncia als governs de Madrid i Andalusia. \u201cEl Partit Socialista som l\u2019\u00fanic partit capa\u00e7 de plantar cara a la dreta i no podem donar-los una segona oportunitat\u201d, ha concl\u00f2s Bonet.<\/p>\n<p>La tamb\u00e9 candidata al Senat per Mallorca, Susanna Moll, s\u2019ha expressat en els mateixos termes que els seus companys, asseverant que all\u00f2 que vol la dreta \u00e9s calar en la ciutadania \u201cel discurs de la frustraci\u00f3\u201d per tal de \u201cdespistar-la de qu\u00e8 \u00e9s realment important\u201d.<\/p>\n<p>Moll, en aquest punt, ha fet refer\u00e8ncia a aspectes com els serveis socials, la lluita contra el canvi clim\u00e0tic, la igualtat, l\u2019educaci\u00f3 o la sanitat p\u00fabliques, que s\u00f3n, ha destacat, \u201ctot all\u00f2 que podem oferir millor els socialistes\u201d i que fan que \u201cla dreta estigui espantada perqu\u00e8 tenen port de perdre els seus privilegis\u201d.<\/p>\n<p>La socialista tamb\u00e9 ha recordat com la dreta i la ultradreta \u201cjuguen amb la mentida, el llenguatge i la visceralitat\u201d com, per exemple, amb casos com la lluita contra la viol\u00e8ncia de g\u00e8nere. \u201cNeguen el nom, per\u00f2 en realitat el que fan \u00e9s negar la realitat\u201d.<\/p>\n<\/p><\/div><\/div>\n<\/div>\n<\/div>\n<\/div>\n<\/div>\n<p>Source: Federaci\u00f3 de Mallorca &#8211; Portada FSM<\/p>\n","protected":false},"excerpt":{"rendered":"<p>M\u00e9s de 150 persones han fet costat els candidats al Congr\u00e9s dels Diputats i al Senat en el primer acte multitudinari de la campanya electoral Els Socialistes de les Illes Balears han donat el sus a la precampanya electoral amb un acte amb militants al qual han acudit m\u00e9s de 150 persones, davant les quals&hellip;<\/p>\n","protected":false},"author":1,"featured_media":24079,"comment_status":"closed","ping_status":"open","sticky":false,"template":"","format":"standard","meta":{"footnotes":""},"categories":[2,90],"tags":[],"class_list":["post-24078","post","type-post","status-publish","format-standard","has-post-thumbnail","hentry","category-federacio-de-mallorca","category-municipis"],"_links":{"self":[{"href":"https:\/\/www.psib-psoe.org\/mallorca\/wp-json\/wp\/v2\/posts\/24078"}],"collection":[{"href":"https:\/\/www.psib-psoe.org\/mallorca\/wp-json\/wp\/v2\/posts"}],"about":[{"href":"https:\/\/www.psib-psoe.org\/mallorca\/wp-json\/wp\/v2\/types\/post"}],"author":[{"embeddable":true,"href":"https:\/\/www.psib-psoe.org\/mallorca\/wp-json\/wp\/v2\/users\/1"}],"replies":[{"embeddable":true,"href":"https:\/\/www.psib-psoe.org\/mallorca\/wp-json\/wp\/v2\/comments?post=24078"}],"version-history":[{"count":0,"href":"https:\/\/www.psib-psoe.org\/mallorca\/wp-json\/wp\/v2\/posts\/24078\/revisions"}],"wp:featuredmedia":[{"embeddable":true,"href":"https:\/\/www.psib-psoe.org\/mallorca\/wp-json\/wp\/v2\/media\/24079"}],"wp:attachment":[{"href":"https:\/\/www.psib-psoe.org\/mallorca\/wp-json\/wp\/v2\/media?parent=24078"}],"wp:term":[{"taxonomy":"category","embeddable":true,"href":"https:\/\/www.psib-psoe.org\/mallorca\/wp-json\/wp\/v2\/categories?post=24078"},{"taxonomy":"post_tag","embeddable":true,"href":"https:\/\/www.psib-psoe.org\/mallorca\/wp-json\/wp\/v2\/tags?post=24078"}],"curies":[{"name":"wp","href":"https:\/\/api.w.org\/{rel}","templated":true}]}}