{"id":24081,"date":"2019-10-12T10:11:22","date_gmt":"2019-10-12T08:11:22","guid":{"rendered":"http:\/\/www.psib-psoe.org\/mallorca\/el-psib-psoe-demana-batallar-labstencio-per-defensar-els-drets-i-les-llibertats-que-tant-ens-ha-costat-aconseguir\/"},"modified":"2020-01-08T14:35:18","modified_gmt":"2020-01-08T12:35:18","slug":"el-psib-psoe-demana-batallar-labstencio-per-defensar-els-drets-i-les-llibertats-que-tant-ens-ha-costat-aconseguir","status":"publish","type":"post","link":"https:\/\/www.psib-psoe.org\/mallorca\/el-psib-psoe-demana-batallar-labstencio-per-defensar-els-drets-i-les-llibertats-que-tant-ens-ha-costat-aconseguir\/","title":{"rendered":"El PSIB-PSOE demana \u201cbatallar\u201d l\u2019abstenci\u00f3 per defensar \u201cels drets i les llibertats que tant ens ha costat aconseguir\u201d"},"content":{"rendered":"<div class=\"row wpb_row row-fluid img_noticia\">\n<div class=\"wpb_column columns small-12 medium-12 thb-dark-column\">\n<div class=\"vc_column-inner  \">\n<div class=\"wpb_wrapper\">\n<div class=\"wpb_single_image wpb_content_element vc_align_center  vc_custom_1570867695786\">\n<figure class=\"wpb_wrapper vc_figure\">\n<div class=\"vc_single_image-wrapper   vc_box_border_grey\"><img loading=\"lazy\" decoding=\"async\" width=\"1000\" height=\"666\" src=\"http:\/\/www.psib-psoe.org\/wp-content\/uploads\/pere-joan-pons-jose-hila-cosme-bonet-mercedes-garrido-cati-calafat-25-aniversari-palma-nord.jpg\" class=\"vc_single_image-img attachment-full\" alt=\"\" \/><\/div>\n<\/figure><\/div>\n<\/div>\n<\/div>\n<\/div>\n<\/div>\n<div class=\"row wpb_row row-fluid intro full-width-row vc_custom_1558336094678\">\n<div class=\"col_izq wpb_column columns small-12 medium-12 thb-dark-column\">\n<div class=\"vc_column-inner  \">\n<div class=\"wpb_wrapper\">\n<div class=\"wpb_text_column wpb_content_element  \">\n<div class=\"wpb_wrapper\">\n<p><em><u>M\u00e9s de 60 militants i simpatitzants han participat en el sopar del 25\u00e8 aniversari de Palma Nord, en el qual s\u2019ha homenatjat l\u2019hist\u00f2ric militant socialista Antonio Palomino<\/u><\/em><\/p>\n<\/p><\/div><\/div>\n<\/div>\n<\/div>\n<\/div>\n<\/div>\n<div class=\"row wpb_row row-fluid full-width-row\">\n<div class=\"col_izq wpb_column columns small-12 medium-6 thb-dark-column\">\n<div class=\"vc_column-inner  \">\n<div class=\"wpb_wrapper\">\n<div class=\"wpb_text_column wpb_content_element  \">\n<div class=\"wpb_wrapper\">\n<p>Els candidats al Congr\u00e9s, Pere Joan Pons, i al Senat per Mallorca, Cosme Bonet, han participat en el sopar del 25\u00e8 aniversari de l\u2019Agrupaci\u00f3 Socialista Palma Nord, en el qual han demanat als m\u00e9s de 60 militants i simpatitzants presents que el 10 de novembre surtin a votar massivament per \u201cbatallar l\u2019abstenci\u00f3\u201d i defensar \u201cles conquestes aconseguides els darrers 40 anys\u201d.<\/p>\n<p>El candidat al Senat per Mallorca, Cosme Bonet, ha reiterat la import\u00e0ncia de votar \u201cper responsabilitat\u201d, perqu\u00e8 \u201cla ultradreta ja no \u00e9s nom\u00e9s una amena\u00e7a, sin\u00f3 una realitat\u201d. \u201cHem de traure la gent de ca seva per defensar la democr\u00e0cia, els drets i les llibertats que tant ens ha costat aconseguir\u201d, ha asseverat Bonet, alhora que ha recordat que s\u00f3n els socialistes \u201cels que lluitam per tot aix\u00f2\u201d, animant els presents a \u201crepetir de nou la vict\u00f2ria del 28 d\u2019abril i del 26 de maig\u201d.<\/p>\n<p>Aix\u00ed mateix, Bonet ha recordat com, des de la moci\u00f3 de censura, el govern de Pedro S\u00e1nchez ha apujat el salari m\u00ednim, ha revalorat les pensions i ha dotat de pressupost la lluita contra la viol\u00e8ncia de g\u00e8nere, \u201carguments que, per a qualsevol persona d\u2019esquerres, haurien de bastar perqu\u00e8 surti a votar\u201d.<\/p>\n<\/p><\/div><\/div>\n<\/div>\n<\/div>\n<\/div>\n<div class=\"col_dcha wpb_column columns small-12 medium-6 thb-dark-column\">\n<div class=\"vc_column-inner  \">\n<div class=\"wpb_wrapper\">\n<div class=\"wpb_text_column wpb_content_element  \">\n<div class=\"wpb_wrapper\">\n<p>Per la seva banda, el candidat al Congr\u00e9s, Pere Joan Pons, ha demanat \u201ctornar a fer hist\u00f2ria\u201d perqu\u00e8 \u201cens hi va la vida\u201d, ha exposat determinant, abans d\u2019afirmar que \u201csincerament, crec que estam en el millor moment en molts d\u2019anys i ara no ens podem desconcentrar\u201d.<\/p>\n<p>Pons, aix\u00ed mateix, ha enumerat les tres principals raons per les quals qualsevol votant d\u2019esquerres no pot quedar a ca seva el 10 de novembre. La primera, \u201cconsolidar el projecte socialista\u201d; la segona, \u201ctenir el m\u00e9s enfora possible la gent que t\u00e9 d\u2019aliats aquells que defensen l\u2019odi, la viol\u00e8ncia i la xenof\u00f2bia\u201d; i, en darrer lloc, \u201cperqu\u00e8 aquells que parlen d\u2019abstenci\u00f3, el que realment fan \u00e9s fer-li el joc a la dreta\u201d.<\/p>\n<p><strong>Homenatge a Antonio Palomino<\/strong><\/p>\n<p>Finalment, durant aquest sopar de celebraci\u00f3 i germanor s\u2019ha retut homenatge a un dels militants m\u00e9s estimats pels socialistes, especialment de Palma, Antonio Palomino, una persona \u201cque representa el socialisme, el comprom\u00eds, la paraula amable i la lluita de tots els que som avui\u201d, tal com ha explicat la secret\u00e0ria general dels Socialistes de Mallorca, Mercedes Garrido.<\/p>\n<\/p><\/div><\/div>\n<\/div>\n<\/div>\n<\/div>\n<\/div>\n<p>Source: Federaci\u00f3 de Mallorca &#8211; Portada FSM<\/p>\n","protected":false},"excerpt":{"rendered":"<p>M\u00e9s de 60 militants i simpatitzants han participat en el sopar del 25\u00e8 aniversari de Palma Nord, en el qual s\u2019ha homenatjat l\u2019hist\u00f2ric militant socialista Antonio Palomino Els candidats al Congr\u00e9s, Pere Joan Pons, i al Senat per Mallorca, Cosme Bonet, han participat en el sopar del 25\u00e8 aniversari de l\u2019Agrupaci\u00f3 Socialista Palma Nord, en&hellip;<\/p>\n","protected":false},"author":1,"featured_media":24082,"comment_status":"closed","ping_status":"open","sticky":false,"template":"","format":"standard","meta":{"footnotes":""},"categories":[2,90],"tags":[],"class_list":["post-24081","post","type-post","status-publish","format-standard","has-post-thumbnail","hentry","category-federacio-de-mallorca","category-municipis"],"_links":{"self":[{"href":"https:\/\/www.psib-psoe.org\/mallorca\/wp-json\/wp\/v2\/posts\/24081"}],"collection":[{"href":"https:\/\/www.psib-psoe.org\/mallorca\/wp-json\/wp\/v2\/posts"}],"about":[{"href":"https:\/\/www.psib-psoe.org\/mallorca\/wp-json\/wp\/v2\/types\/post"}],"author":[{"embeddable":true,"href":"https:\/\/www.psib-psoe.org\/mallorca\/wp-json\/wp\/v2\/users\/1"}],"replies":[{"embeddable":true,"href":"https:\/\/www.psib-psoe.org\/mallorca\/wp-json\/wp\/v2\/comments?post=24081"}],"version-history":[{"count":0,"href":"https:\/\/www.psib-psoe.org\/mallorca\/wp-json\/wp\/v2\/posts\/24081\/revisions"}],"wp:featuredmedia":[{"embeddable":true,"href":"https:\/\/www.psib-psoe.org\/mallorca\/wp-json\/wp\/v2\/media\/24082"}],"wp:attachment":[{"href":"https:\/\/www.psib-psoe.org\/mallorca\/wp-json\/wp\/v2\/media?parent=24081"}],"wp:term":[{"taxonomy":"category","embeddable":true,"href":"https:\/\/www.psib-psoe.org\/mallorca\/wp-json\/wp\/v2\/categories?post=24081"},{"taxonomy":"post_tag","embeddable":true,"href":"https:\/\/www.psib-psoe.org\/mallorca\/wp-json\/wp\/v2\/tags?post=24081"}],"curies":[{"name":"wp","href":"https:\/\/api.w.org\/{rel}","templated":true}]}}