{"id":24093,"date":"2019-10-19T12:07:25","date_gmt":"2019-10-19T10:07:25","guid":{"rendered":"http:\/\/www.psib-psoe.org\/mallorca\/pere-joan-pons-el-millor-que-li-pot-passar-a-espanya-es-tenir-un-govern-fort-estable-i-capac-de-fer-front-als-reptes-que-tenim-presidit-per-pedro-sanchez\/"},"modified":"2020-01-08T14:30:53","modified_gmt":"2020-01-08T12:30:53","slug":"pere-joan-pons-el-millor-que-li-pot-passar-a-espanya-es-tenir-un-govern-fort-estable-i-capac-de-fer-front-als-reptes-que-tenim-presidit-per-pedro-sanchez","status":"publish","type":"post","link":"https:\/\/www.psib-psoe.org\/mallorca\/pere-joan-pons-el-millor-que-li-pot-passar-a-espanya-es-tenir-un-govern-fort-estable-i-capac-de-fer-front-als-reptes-que-tenim-presidit-per-pedro-sanchez\/","title":{"rendered":"Pere Joan Pons: \u201cEl millor que li pot passar a Espanya \u00e9s tenir un Govern fort, estable i capa\u00e7 de fer front als reptes que tenim, presidit per Pedro S\u00e1nchez\u201d"},"content":{"rendered":"<div class=\"row wpb_row row-fluid img_noticia\">\n<div class=\"wpb_column columns small-12 medium-12 thb-dark-column\">\n<div class=\"vc_column-inner  \">\n<div class=\"wpb_wrapper\">\n<div class=\"wpb_single_image wpb_content_element vc_align_center  vc_custom_1571479436278\">\n<figure class=\"wpb_wrapper vc_figure\">\n<div class=\"vc_single_image-wrapper   vc_box_border_grey\"><img loading=\"lazy\" decoding=\"async\" width=\"1000\" height=\"648\" src=\"http:\/\/www.psib-psoe.org\/wp-content\/uploads\/Assemblea-de-batles-i-batlesses-de-Mallorca.jpg\" class=\"vc_single_image-img attachment-full\" alt=\"\" \/><\/div>\n<\/figure><\/div>\n<\/div>\n<\/div>\n<\/div>\n<\/div>\n<div class=\"row wpb_row row-fluid intro full-width-row vc_custom_1558336094678\">\n<div class=\"col_izq wpb_column columns small-12 medium-12 thb-dark-column\">\n<div class=\"vc_column-inner  \">\n<div class=\"wpb_wrapper\">\n<div class=\"wpb_text_column wpb_content_element  \">\n<div class=\"wpb_wrapper\">\n<p><em><u>Francina Armengol: \u201c<\/u><\/em><em><u>Volem guanyar les pr\u00f2ximes eleccions generals perqu\u00e8 creim fonamental que hi hagi un Govern d\u2019Espanya presidit per Pedro S\u00e1nchez que impulsi mesures com la derogaci\u00f3 de la Llei Montoro\u201d<\/u><\/em><\/p>\n<\/p><\/div><\/div>\n<\/div>\n<\/div>\n<\/div>\n<\/div>\n<div class=\"row wpb_row row-fluid full-width-row\">\n<div class=\"col_izq wpb_column columns small-12 medium-6 thb-dark-column\">\n<div class=\"vc_column-inner  \">\n<div class=\"wpb_wrapper\">\n<div class=\"wpb_text_column wpb_content_element  \">\n<div class=\"wpb_wrapper\">\n<p>Els Socialistes de Mallorca han celebrat l\u2019Assemblea de Regidors i Regidores de Mallorca, un espai de debat i reflexi\u00f3 en el qual han participat la secret\u00e0ria general del PSIB-PSOE, Francina Armengol, el candidat al Congr\u00e9s, Pere Joan Pons, i el candidat al Senat, Cosme Bonet.<\/p>\n<p>Pons ha defensat que \u201cel millor que li pot passar a Espanya \u00e9s tenir un Govern fort, estable, de futur i capa\u00e7 de fer front als reptes econ\u00f2mics, al canvi clim\u00e0tic i a les reformes que necessita Espanya, presidit per Pedro S\u00e1nchez\u201d.<\/p>\n<p>Per aconseguir-lo, el candidat del PSIB-PSOE al Congr\u00e9s ha argumentat que les raons per votar el 10 de novembre \u201cs\u00f3n les mateixes que el 28 d\u2019abril, com s\u00f3n consolidar les pol\u00edtiques progressistes que hem impulsat a totes les institucions i flexibilitzar la regla de despesa, perqu\u00e8 necessitam oferir millors serveis p\u00fablics i no tenir els doblers de tots i totes als bancs\u201d.<\/p>\n<p>A m\u00e9s a m\u00e9s, Pons ha destacat la necessitat de \u201cfrenar a l\u2019extrema dreta de Col\u00f3n, que continua viva amb el pacte d\u2019Andalusia i el de Madrid, per la qual cosa la gent no ha d\u2019oblidar que poden governar a partir del 10N si no anem a votar tots i totes les progressistes\u201d.<\/p>\n<p>Per aix\u00f2, el candidat socialista ha demanat a tothom que es mobilitzi i \u201cprengui consci\u00e8ncia que el que va passar el 28 d\u2019abril ha de tornar a passar el 10 de novembre perqu\u00e8 ens vagi b\u00e9 a les Illes Balears i a Espanya\u201d.<\/p>\n<p>En el mateix sentit s\u2019ha pronunciat la secret\u00e0ria general del PSIB-PSOE, Francina Armengol, qui ha apuntat que \u201cels socialistes de Balears estam m\u00e9s forts que mai i amb millor situaci\u00f3 que mai per servir als ciutadans als quals volem representar, despr\u00e9s de guanyar les eleccions del 28 d\u2019abril i del 26 de maig, governant a m\u00e9s llocs que mai a les illes\u201d.<\/p>\n<\/p><\/div><\/div>\n<\/div>\n<\/div>\n<\/div>\n<div class=\"col_dcha wpb_column columns small-12 medium-6 thb-dark-column\">\n<div class=\"vc_column-inner  \">\n<div class=\"wpb_wrapper\">\n<div class=\"wpb_text_column wpb_content_element  \">\n<div class=\"wpb_wrapper\">\n<p>Ara, Armengol ha insistit en qu\u00e8 \u201cvolem guanyar les pr\u00f2ximes eleccions generals perqu\u00e8 creim fonamental que hi hagi un Govern d\u2019Espanya presidit per Pedro S\u00e1nchez que impulsi mesures com la derogaci\u00f3 de la Llei Montoro que tant perjudica als nostres ajuntaments i que faci tamb\u00e9 una aposta per l\u2019educaci\u00f3, pels serveis socials, pel creixement econ\u00f2mic i la seva redistribuci\u00f3, per la lluita contra el canvi clim\u00e0tic i la protecci\u00f3 del medi ambient\u201d.<\/p>\n<p>Per tot aix\u00f2, Armengol ha remarcat que \u201c\u00e9s fonamental votar el 10N des de la responsabilitat que tenim tots i totes i que guanyi el Partit Socialista\u201d.<\/p>\n<p>Finalment, el candidat per Mallorca al Senat, Cosme Bonet, ha reivindicat que \u201cvotar \u00e9s un dret que ens ha costat molts d\u2019anys aconseguir i no ens podem permetre que per una manca de participaci\u00f3 perdem tot el que ens ha costat aconseguir durant 40 anys\u201d.<\/p>\n<p>Bonet ha constatat que \u201cel Partit Socialista \u00e9s el m\u00e9s preparat per afrontar els reptes de futur que t\u00e9 Espanya i \u00e9s el projecte m\u00e9s coherent, el que m\u00e9s s\u2019assembla al nostre pa\u00eds, un projecte que va des del poble m\u00e9s petit de Mallorca al conjunt de tot l\u2019Estat\u201d.<\/p>\n<p>Per aix\u00f2, Bonet ha demanat \u201cm\u00e0xima participaci\u00f3 el 10N perqu\u00e8 aix\u00f2 \u00e9s refor\u00e7ar la democr\u00e0cia, i amb la hist\u00f2ria que hem tengut, no hem d\u2019oblidar el que ens ha costat aconseguir-la\u201d.<\/p>\n<p>De fet, un dels temes de debat de l\u2019assemblea, tal com ha recordat el candidat al Senat, \u00e9s \u201cla Llei de Mem\u00f2ria Hist\u00f2rica, que aviat complir\u00e0 12 anys, i que \u00e9s un referent per tornar la veritat, la dignitat i la just\u00edcia a les v\u00edctimes del franquisme\u201d.<\/p>\n<p>L\u2019assemblea ha comptat amb bona part dels regidors i regidores socialistes de Mallorca i s\u2019han debatut temes com el turisme o la mem\u00f2ria hist\u00f2rica, amb la cloenda de la presidenta del Consell de Mallorca, Catalina Cladera.<\/p>\n<\/p><\/div><\/div>\n<\/div>\n<\/div>\n<\/div>\n<\/div>\n<p>Source: Actualitat Fedaraci\u00f3 Mallorca<\/p>\n","protected":false},"excerpt":{"rendered":"<p>Francina Armengol: \u201cVolem guanyar les pr\u00f2ximes eleccions generals perqu\u00e8 creim fonamental que hi hagi un Govern d\u2019Espanya presidit per Pedro S\u00e1nchez que impulsi mesures com la derogaci\u00f3 de la Llei Montoro\u201d Els Socialistes de Mallorca han celebrat l\u2019Assemblea de Regidors i Regidores de Mallorca, un espai de debat i reflexi\u00f3 en el qual han participat&hellip;<\/p>\n","protected":false},"author":1,"featured_media":24094,"comment_status":"closed","ping_status":"open","sticky":false,"template":"","format":"standard","meta":{"footnotes":""},"categories":[2,90],"tags":[],"class_list":["post-24093","post","type-post","status-publish","format-standard","has-post-thumbnail","hentry","category-federacio-de-mallorca","category-municipis"],"_links":{"self":[{"href":"https:\/\/www.psib-psoe.org\/mallorca\/wp-json\/wp\/v2\/posts\/24093"}],"collection":[{"href":"https:\/\/www.psib-psoe.org\/mallorca\/wp-json\/wp\/v2\/posts"}],"about":[{"href":"https:\/\/www.psib-psoe.org\/mallorca\/wp-json\/wp\/v2\/types\/post"}],"author":[{"embeddable":true,"href":"https:\/\/www.psib-psoe.org\/mallorca\/wp-json\/wp\/v2\/users\/1"}],"replies":[{"embeddable":true,"href":"https:\/\/www.psib-psoe.org\/mallorca\/wp-json\/wp\/v2\/comments?post=24093"}],"version-history":[{"count":0,"href":"https:\/\/www.psib-psoe.org\/mallorca\/wp-json\/wp\/v2\/posts\/24093\/revisions"}],"wp:featuredmedia":[{"embeddable":true,"href":"https:\/\/www.psib-psoe.org\/mallorca\/wp-json\/wp\/v2\/media\/24094"}],"wp:attachment":[{"href":"https:\/\/www.psib-psoe.org\/mallorca\/wp-json\/wp\/v2\/media?parent=24093"}],"wp:term":[{"taxonomy":"category","embeddable":true,"href":"https:\/\/www.psib-psoe.org\/mallorca\/wp-json\/wp\/v2\/categories?post=24093"},{"taxonomy":"post_tag","embeddable":true,"href":"https:\/\/www.psib-psoe.org\/mallorca\/wp-json\/wp\/v2\/tags?post=24093"}],"curies":[{"name":"wp","href":"https:\/\/api.w.org\/{rel}","templated":true}]}}