{"id":24098,"date":"2019-10-23T09:51:40","date_gmt":"2019-10-23T07:51:40","guid":{"rendered":"http:\/\/www.psib-psoe.org\/mallorca\/el-psib-psoe-fa-una-crida-a-combatre-labstencio-per-tornar-a-guanyar-les-eleccions-i-canviar-la-realitat-per-a-les-generacions-futures\/"},"modified":"2020-01-08T14:30:39","modified_gmt":"2020-01-08T12:30:39","slug":"el-psib-psoe-fa-una-crida-a-combatre-labstencio-per-tornar-a-guanyar-les-eleccions-i-canviar-la-realitat-per-a-les-generacions-futures","status":"publish","type":"post","link":"https:\/\/www.psib-psoe.org\/mallorca\/el-psib-psoe-fa-una-crida-a-combatre-labstencio-per-tornar-a-guanyar-les-eleccions-i-canviar-la-realitat-per-a-les-generacions-futures\/","title":{"rendered":"El PSIB-PSOE fa una crida a combatre l\u2019abstenci\u00f3 \u201cper tornar a guanyar les eleccions i canviar la realitat per a les generacions futures\u201d"},"content":{"rendered":"<div class=\"row wpb_row row-fluid img_noticia\">\n<div class=\"wpb_column columns small-12 medium-12 thb-dark-column\">\n<div class=\"vc_column-inner  \">\n<div class=\"wpb_wrapper\">\n<div class=\"wpb_single_image wpb_content_element vc_align_center  vc_custom_1571816876469\">\n<figure class=\"wpb_wrapper vc_figure\">\n<div class=\"vc_single_image-wrapper   vc_box_border_grey\"><img loading=\"lazy\" decoding=\"async\" width=\"1000\" height=\"750\" src=\"http:\/\/www.psib-psoe.org\/wp-content\/uploads\/sopar-comarcal-marratxi-octubre-2019.jpg\" class=\"vc_single_image-img attachment-full\" alt=\"\" \/><\/div>\n<\/figure><\/div>\n<\/div>\n<\/div>\n<\/div>\n<\/div>\n<div class=\"row wpb_row row-fluid intro full-width-row vc_custom_1558336094678\">\n<div class=\"col_izq wpb_column columns small-12 medium-12 thb-dark-column\">\n<div class=\"vc_column-inner  \">\n<div class=\"wpb_wrapper\">\n<div class=\"wpb_text_column wpb_content_element  \">\n<div class=\"wpb_wrapper\">\n<p><em><u>M\u00e9s de 150 persones han participat en el sopar comarcal celebrat a Marratx\u00ed amb els candidats al Congr\u00e9s i el Senat i la secret\u00e0ria general dels Socialistes de les Illes Balears<\/u><\/em><\/p>\n<\/p><\/div><\/div>\n<\/div>\n<\/div>\n<\/div>\n<\/div>\n<div class=\"row wpb_row row-fluid full-width-row\">\n<div class=\"col_izq wpb_column columns small-12 medium-6 thb-dark-column\">\n<div class=\"vc_column-inner  \">\n<div class=\"wpb_wrapper\">\n<div class=\"wpb_text_column wpb_content_element  \">\n<div class=\"wpb_wrapper\">\n<p>El Partit Socialista de les Illes Balears continua amb il\u00b7lusi\u00f3 i ganes aquesta precampanya electoral, seguint amb els actes territorials i visitant els municipis de les illes. En aquesta ocasi\u00f3, ha estat el torn de Marratx\u00ed, amb un sopar comarcal al qual hi han assistit m\u00e9s de 150 militants i simpatitzants.<\/p>\n<p>Ha estat davant aquesta multitud que els candidats al Congr\u00e9s dels Diputats i al Senat i la secret\u00e0ria general del PSIB-PSOE han demanat que el 10 de novembre ning\u00fa no quedi a casa, perqu\u00e8 \u201csi tots i totes anam a votar, tornarem a guanyar les eleccions per poder canviar la realitat que no ens agrada per a les generacions futures\u201d, ha exposat Armengol.<\/p>\n<p>\u00c9s per aix\u00f2 que ha demanat als assistents que pensin quina Espanya volen deixar als seus fills i n\u00e9ts, \u201cperqu\u00e8 moltes de les coses que necessitam no arribaran si no tenim un govern socialista\u201d.<\/p>\n<p>En particular, Armengol ha fet \u00e8mfasi en la necessitat de votar progressista en aquests comicis, perqu\u00e8 S\u00e1nchez pugui presidir un govern a Espanya \u201cque lluiti contra la precarietat laboral, el canvi clim\u00e0tic, la viol\u00e8ncia de g\u00e8nere i les desigualtats\u201d, i ha fet una crida a combatre l\u2019abstenci\u00f3.<\/p>\n<p>Aix\u00ed mateix, la secret\u00e0ria general ha explicat que, com a \u201cdem\u00f2crata conven\u00e7uda i persona d\u2019esquerres\u201d, no tendr\u00e0 cap dubte en anar a votar el 10 de novembre, \u201cperqu\u00e8 consider que \u00e9s un dret, per\u00f2 tamb\u00e9 una obligaci\u00f3, perqu\u00e8 no deix de pensar en tots aquells que lluitaren perqu\u00e8 avui puguem ser aqu\u00ed\u201d.<\/p>\n<p>Per la seva banda, el candidat al Congr\u00e9s dels Diputats, Pere Joan Pons, ha recordat que els socialistes \u201cestam millor que mai i necessitam tornar a guanyar les eleccions per consolidar a Espanya les pol\u00edtiques progressistes que ja estan en marxa a les Balears\u201d, ha exposat el cap de llista al Congr\u00e9s, Pere Joan Pons.<\/p>\n<\/p><\/div><\/div>\n<\/div>\n<\/div>\n<\/div>\n<div class=\"col_dcha wpb_column columns small-12 medium-6 thb-dark-column\">\n<div class=\"vc_column-inner  \">\n<div class=\"wpb_wrapper\">\n<div class=\"wpb_text_column wpb_content_element  \">\n<div class=\"wpb_wrapper\">\n<p>Pons s\u2019ha referit tamb\u00e9 a la convalidaci\u00f3 en el Parlament i el Congr\u00e9s dels Diputats dels dos decrets amb mesures per als treballadors i petits i mitjanes empreses afectades per la fallida de Thomas Cook. \u201cCoses com aquestes s\u00f3n les que hem aconseguit a les illes: pau social, creixement inclusiu i protecci\u00f3 per als m\u00e9s vulnerables\u201d, ha destacat Pons.<\/p>\n<p>El candidat al Senat per Mallorca, Cosme Bonet, tamb\u00e9 ha animat els participants que vagin a votar per traslladar a Espanya el projecte progressista que ja est\u00e0 en marxa a les Balears des de 2015. \u201cAra, les Balears ja no som conegudes per la corrupci\u00f3 i la par\u00e0lisi, caracter\u00edstiques dels governs del PP, sin\u00f3 per les pol\u00edtiques a favor de la igualtat, de la recuperaci\u00f3 de la mem\u00f2ria hist\u00f2rica i per lluitar contra el canvi clim\u00e0tic\u201d, ha asseverat Bonet.<\/p>\n<p>En aquest sentit tamb\u00e9 s\u2019ha expressat la candidata al Senat per Mallorca, Susanna Moll, qui ha insistit en el fet que tots els aven\u00e7os viscuts a Espanya des de 1977 s\u00f3n \u201cgr\u00e0cies al Partit Socialista\u201d. \u00c9s per aquest motiu que ha demanat que el 10 novembre ning\u00fa no quedi a casa, recordant que \u201cla peresa no \u00e9s una opci\u00f3\u201d, i molt menys per a les dones.<\/p>\n<p>L\u2019acte l\u2019ha presentat el secretari general dels Socialistes de Marratx\u00ed i batle del municipi, Miquel Cabot, qui ha apel\u00b7lat a la \u201cresponsabilitat dels socialistes\u201d per escriure la hist\u00f2ria. \u201cAra ens toca a nosaltres\u201d, ha concl\u00f2s, recordant que \u201cla dreta nom\u00e9s vol treure vots dels principals problemes d\u2019Espanya, no vol solucions\u201d.<\/p>\n<\/p><\/div><\/div>\n<\/div>\n<\/div>\n<\/div>\n<\/div>\n<p>Source: Portada FSM &#8211; Municipis<\/p>\n","protected":false},"excerpt":{"rendered":"<p>M\u00e9s de 150 persones han participat en el sopar comarcal celebrat a Marratx\u00ed amb els candidats al Congr\u00e9s i el Senat i la secret\u00e0ria general dels Socialistes de les Illes Balears El Partit Socialista de les Illes Balears continua amb il\u00b7lusi\u00f3 i ganes aquesta precampanya electoral, seguint amb els actes territorials i visitant els municipis&hellip;<\/p>\n","protected":false},"author":1,"featured_media":24099,"comment_status":"closed","ping_status":"open","sticky":false,"template":"","format":"standard","meta":{"footnotes":""},"categories":[2,90],"tags":[],"class_list":["post-24098","post","type-post","status-publish","format-standard","has-post-thumbnail","hentry","category-federacio-de-mallorca","category-municipis"],"_links":{"self":[{"href":"https:\/\/www.psib-psoe.org\/mallorca\/wp-json\/wp\/v2\/posts\/24098"}],"collection":[{"href":"https:\/\/www.psib-psoe.org\/mallorca\/wp-json\/wp\/v2\/posts"}],"about":[{"href":"https:\/\/www.psib-psoe.org\/mallorca\/wp-json\/wp\/v2\/types\/post"}],"author":[{"embeddable":true,"href":"https:\/\/www.psib-psoe.org\/mallorca\/wp-json\/wp\/v2\/users\/1"}],"replies":[{"embeddable":true,"href":"https:\/\/www.psib-psoe.org\/mallorca\/wp-json\/wp\/v2\/comments?post=24098"}],"version-history":[{"count":0,"href":"https:\/\/www.psib-psoe.org\/mallorca\/wp-json\/wp\/v2\/posts\/24098\/revisions"}],"wp:featuredmedia":[{"embeddable":true,"href":"https:\/\/www.psib-psoe.org\/mallorca\/wp-json\/wp\/v2\/media\/24099"}],"wp:attachment":[{"href":"https:\/\/www.psib-psoe.org\/mallorca\/wp-json\/wp\/v2\/media?parent=24098"}],"wp:term":[{"taxonomy":"category","embeddable":true,"href":"https:\/\/www.psib-psoe.org\/mallorca\/wp-json\/wp\/v2\/categories?post=24098"},{"taxonomy":"post_tag","embeddable":true,"href":"https:\/\/www.psib-psoe.org\/mallorca\/wp-json\/wp\/v2\/tags?post=24098"}],"curies":[{"name":"wp","href":"https:\/\/api.w.org\/{rel}","templated":true}]}}