{"id":24101,"date":"2019-10-24T11:28:36","date_gmt":"2019-10-24T09:28:36","guid":{"rendered":"http:\/\/www.psib-psoe.org\/mallorca\/pere-joan-pons-el-10-de-novembre-decidim-si-volem-que-sigui-president-pedro-sanchez-o-pablo-casado-no-hi-ha-mes-opcions\/"},"modified":"2020-01-08T14:30:28","modified_gmt":"2020-01-08T12:30:28","slug":"pere-joan-pons-el-10-de-novembre-decidim-si-volem-que-sigui-president-pedro-sanchez-o-pablo-casado-no-hi-ha-mes-opcions","status":"publish","type":"post","link":"https:\/\/www.psib-psoe.org\/mallorca\/pere-joan-pons-el-10-de-novembre-decidim-si-volem-que-sigui-president-pedro-sanchez-o-pablo-casado-no-hi-ha-mes-opcions\/","title":{"rendered":"Pere Joan Pons: \u201cEl 10 de novembre decidim si volem que sigui president Pedro S\u00e1nchez o Pablo Casado, no hi ha m\u00e9s opcions\u201d"},"content":{"rendered":"<div class=\"row wpb_row row-fluid img_noticia\">\n<div class=\"wpb_column columns small-12 medium-12 thb-dark-column\">\n<div class=\"vc_column-inner  \">\n<div class=\"wpb_wrapper\">\n<div class=\"wpb_single_image wpb_content_element vc_align_center  vc_custom_1571909212765\">\n<figure class=\"wpb_wrapper vc_figure\">\n<div class=\"vc_single_image-wrapper   vc_box_border_grey\"><img loading=\"lazy\" decoding=\"async\" width=\"1000\" height=\"750\" src=\"http:\/\/www.psib-psoe.org\/wp-content\/uploads\/Pere-Joan-Pons-i-Cosme-Bonet-a-Bunyola.jpg\" class=\"vc_single_image-img attachment-full\" alt=\"\" \/><\/div>\n<\/figure><\/div>\n<\/div>\n<\/div>\n<\/div>\n<\/div>\n<div class=\"row wpb_row row-fluid intro full-width-row vc_custom_1558336094678\">\n<div class=\"col_izq wpb_column columns small-12 medium-12 thb-dark-column\">\n<div class=\"vc_column-inner  \">\n<div class=\"wpb_wrapper\">\n<div class=\"wpb_text_column wpb_content_element  \">\n<div class=\"wpb_wrapper\">\n<p><em><u>Cosme Bonet: <\/u><\/em><em><u>\u201cL\u2019exhumaci\u00f3 del dictador Franco \u00e9s un fet de normalitat democr\u00e0tica a Espanya que demostra que els compromisos que adquireix el president S\u00e1nchez es compleixen\u201d<\/u><\/em><\/p>\n<\/p><\/div><\/div>\n<\/div>\n<\/div>\n<\/div>\n<\/div>\n<div class=\"row wpb_row row-fluid full-width-row\">\n<div class=\"col_izq wpb_column columns small-12 medium-6 thb-dark-column\">\n<div class=\"vc_column-inner  \">\n<div class=\"wpb_wrapper\">\n<div class=\"wpb_text_column wpb_content_element  \">\n<div class=\"wpb_wrapper\">\n<p>El candidat del PSIB-PSOE al Congr\u00e9s, Pere Joan Pons, i el candidat per Mallorca al Senat, Cosme Bonet, han mantingut una trobada de precampanya amb militants i simpatitzants socialistes de Bunyola, on han fet una crida a la mobilitzaci\u00f3 per guanyar les eleccions generals del 10 de novembre i aconseguir un Govern d\u2019Espanya, estable, fort i socialista.<\/p>\n<p>Pons ha advertit que el pr\u00f2xim 10 de novembre es perfilen clarament dues opcions, defensant que \u201cno \u00e9s el temps dels nous partits, sin\u00f3 de decidir si volem que sigui president Pedro S\u00e1nchez o Pablo Casado, no hi ha m\u00e9s opcions\u201d.<\/p>\n<p>Per aix\u00f2, el candidat socialista ha insistit en qu\u00e8 \u201csi no ens mobilitzam, donam una oportunitat al PP i a les dretes per governar, amb la qual cosa no podrem consolidar les pol\u00edtiques que impulsam des de fa 15 mesos a Espanya i des de fa 4 anys a Balears, per la qual cosa necessitam una m\u00e0xima mobilitzaci\u00f3 progressista\u201d.<\/p>\n<p>En el mateix sentit s\u2019ha pronunciat el candidat per Mallorca al Senat, Cosme Bonet, qui ha recordat que \u201cel 28 d\u2019abril la ciutadania va votar un canvi progressista amb relaci\u00f3 als 7 anys de retrocessos socials del PP, i dia 10 tenim els mateixos motius per insistir en aquest canvi\u201d.<\/p>\n<\/p><\/div><\/div>\n<\/div>\n<\/div>\n<\/div>\n<div class=\"col_dcha wpb_column columns small-12 medium-6 thb-dark-column\">\n<div class=\"vc_column-inner  \">\n<div class=\"wpb_wrapper\">\n<div class=\"wpb_text_column wpb_content_element  \">\n<div class=\"wpb_wrapper\">\n<p>Un canvi progressista \u201ciniciat amb la moci\u00f3 de censura que ha de continuar i consolidar-se amb una majoria parlament\u00e0ria \u00e0mplia que faci possible complir amb tota l\u2019agenda social compromesa per Pedro S\u00e1nchez\u201d.<\/p>\n<p>Bonet tampoc ha volgut passar per alt l\u2019exhumaci\u00f3 del dictador Franco, la qual ha qualificat de \u201cfet de normalitat democr\u00e0tica a Espanya que demostra que els compromisos que adquireix el president S\u00e1nchez es compleixen\u201d.<\/p>\n<p>En aquest sentit, ha recordat que ja el 2011 l\u2019informe de la Comissi\u00f3 d\u2019Experts deia que s\u2019havia d\u2019exhumar a Franco del Valle de los Ca\u00eddos, durant 7 anys el PP no va fer res per complir la Llei de Mem\u00f2ria Hist\u00f2rica i ara, a la fi, \u201cveim feta realitat aquesta exhumaci\u00f3\u201d.<\/p>\n<\/p><\/div><\/div>\n<\/div>\n<\/div>\n<\/div>\n<\/div>\n<p>Source: Federaci\u00f3 de Mallorca &#8211; Portada FSM<\/p>\n","protected":false},"excerpt":{"rendered":"<p>Cosme Bonet: \u201cL\u2019exhumaci\u00f3 del dictador Franco \u00e9s un fet de normalitat democr\u00e0tica a Espanya que demostra que els compromisos que adquireix el president S\u00e1nchez es compleixen\u201d El candidat del PSIB-PSOE al Congr\u00e9s, Pere Joan Pons, i el candidat per Mallorca al Senat, Cosme Bonet, han mantingut una trobada de precampanya amb militants i simpatitzants socialistes&hellip;<\/p>\n","protected":false},"author":1,"featured_media":24102,"comment_status":"closed","ping_status":"open","sticky":false,"template":"","format":"standard","meta":{"footnotes":""},"categories":[2,90],"tags":[],"class_list":["post-24101","post","type-post","status-publish","format-standard","has-post-thumbnail","hentry","category-federacio-de-mallorca","category-municipis"],"_links":{"self":[{"href":"https:\/\/www.psib-psoe.org\/mallorca\/wp-json\/wp\/v2\/posts\/24101"}],"collection":[{"href":"https:\/\/www.psib-psoe.org\/mallorca\/wp-json\/wp\/v2\/posts"}],"about":[{"href":"https:\/\/www.psib-psoe.org\/mallorca\/wp-json\/wp\/v2\/types\/post"}],"author":[{"embeddable":true,"href":"https:\/\/www.psib-psoe.org\/mallorca\/wp-json\/wp\/v2\/users\/1"}],"replies":[{"embeddable":true,"href":"https:\/\/www.psib-psoe.org\/mallorca\/wp-json\/wp\/v2\/comments?post=24101"}],"version-history":[{"count":0,"href":"https:\/\/www.psib-psoe.org\/mallorca\/wp-json\/wp\/v2\/posts\/24101\/revisions"}],"wp:featuredmedia":[{"embeddable":true,"href":"https:\/\/www.psib-psoe.org\/mallorca\/wp-json\/wp\/v2\/media\/24102"}],"wp:attachment":[{"href":"https:\/\/www.psib-psoe.org\/mallorca\/wp-json\/wp\/v2\/media?parent=24101"}],"wp:term":[{"taxonomy":"category","embeddable":true,"href":"https:\/\/www.psib-psoe.org\/mallorca\/wp-json\/wp\/v2\/categories?post=24101"},{"taxonomy":"post_tag","embeddable":true,"href":"https:\/\/www.psib-psoe.org\/mallorca\/wp-json\/wp\/v2\/tags?post=24101"}],"curies":[{"name":"wp","href":"https:\/\/api.w.org\/{rel}","templated":true}]}}