{"id":24104,"date":"2019-10-27T15:14:44","date_gmt":"2019-10-27T13:14:44","guid":{"rendered":"http:\/\/www.psib-psoe.org\/mallorca\/carmen-calvo-som-la-garantia-del-futur-a-espanya-i-a-les-illes-balears\/"},"modified":"2020-01-08T14:30:08","modified_gmt":"2020-01-08T12:30:08","slug":"carmen-calvo-som-la-garantia-del-futur-a-espanya-i-a-les-illes-balears","status":"publish","type":"post","link":"https:\/\/www.psib-psoe.org\/mallorca\/carmen-calvo-som-la-garantia-del-futur-a-espanya-i-a-les-illes-balears\/","title":{"rendered":"Carmen Calvo: \u201cSom la garantia del futur a Espanya i a les Illes Balears\u201d"},"content":{"rendered":"<div class=\"row wpb_row row-fluid img_noticia\">\n<div class=\"wpb_column columns small-12 medium-12 thb-dark-column\">\n<div class=\"vc_column-inner  \">\n<div class=\"wpb_wrapper\">\n<div class=\"wpb_single_image wpb_content_element vc_align_center  vc_custom_1572182057683\">\n<figure class=\"wpb_wrapper vc_figure\">\n<div class=\"vc_single_image-wrapper   vc_box_border_grey\"><img loading=\"lazy\" decoding=\"async\" width=\"1000\" height=\"667\" src=\"http:\/\/www.psib-psoe.org\/wp-content\/uploads\/acte-carmen-calvo-octubre-2019-armengol-pere-joan-cosme-susanna-alfonso.jpg\" class=\"vc_single_image-img attachment-full\" alt=\"\" \/><\/div>\n<\/figure><\/div>\n<\/div>\n<\/div>\n<\/div>\n<\/div>\n<div class=\"row wpb_row row-fluid intro full-width-row vc_custom_1558336094678\">\n<div class=\"col_izq wpb_column columns small-12 medium-12 thb-dark-column\">\n<div class=\"vc_column-inner  \">\n<div class=\"wpb_wrapper\">\n<div class=\"wpb_text_column wpb_content_element  \">\n<div class=\"wpb_wrapper\">\n<p><em><u>M\u00e9s de 350 persones han omplit l\u2019auditori de l\u2019IES Bendinat de Calvi\u00e0 en un acte amb els candidats al Congr\u00e9s dels Diputats i el Senat i la secret\u00e0ria general del PSIB-PSOE i presidenta del Govern, Francina Armengol<\/u><\/em><\/p>\n<\/p><\/div><\/div>\n<\/div>\n<\/div>\n<\/div>\n<\/div>\n<div class=\"row wpb_row row-fluid full-width-row\">\n<div class=\"col_izq wpb_column columns small-12 medium-6 thb-dark-column\">\n<div class=\"vc_column-inner  \">\n<div class=\"wpb_wrapper\">\n<div class=\"wpb_text_column wpb_content_element  \">\n<div class=\"wpb_wrapper\">\n<p>La vicepresidenta del Govern d\u2019Espanya i secret\u00e0ria d\u2019Igualtat del PSOE, Carmen Calvo, ha participat avui en un acte a Calvi\u00e0 amb m\u00e9s de 350 persones, davant les quals ha asseverat que \u201cel partit socialista \u00e9s la garantia de futur a Espanya i a les Illes Balears\u201d i ha demanat m\u00e0xima mobilitzaci\u00f3 el 10 de novembre perqu\u00e8 el pa\u00eds avanci \u201cen el mateix sentit\u201d que l\u2019arxip\u00e8lag, perqu\u00e8 les preocupacions \u201cs\u00f3n les mateixes: ocupaci\u00f3, habitatge, canvi clim\u00e0tic, igualtat\u201d.<\/p>\n<p>A l\u2019acte tamb\u00e9 hi han participat els candidats al Congr\u00e9s dels Diputats i el Senat per Mallorca, com tamb\u00e9 la secret\u00e0ria general del PSIB-PSOE, Francina Armengol, i el batle de Calvi\u00e0, el socialista Alfonso Rodr\u00edguez.<\/p>\n<p>Calvo tamb\u00e9 ha recordat que la \u201cinc\u00f2gnita de la suma de les tres dretes\u201d ja s\u2019ha demostrat que no \u00e9s tal \u00a0sin\u00f3 una realitat\u201d, alhora que ha destacat que \u201cper a aquesta dreta, l\u00b4\u00fanic que \u00e9s fonamental \u00e9s el poder, no fer pol\u00edtica\u201d, mentre que per als socialistes \u00e9s just al contrari: \u201cgovernar \u00e9s l\u2019instrument per fer pol\u00edtiques per a la gent\u201d.<\/p>\n<p>En aquest sentit, Calvo ha apel\u00b7lat a la \u201cresponsabilitat\u201d dels socialistes per posar-se \u201cdavant dels problemes de la gent\u201d i fer-hi front. \u201cAqu\u00ed \u00e9s on resideix la fortalesa d\u2019aquest partit, en qu\u00e8 som gent resistent i responsable\u201d, ha emfasitzat. Una responsabilitat, ha recordat la vicepresidenta, que ha duit els socialistes a \u201crecon\u00e8ixer el nostre passat\u201d i que ha de ser, precisament, \u201cen honor dels que varen donar la vida per les urnes que ens hem de mobilitzar i batallar la dreta\u201d.<\/p>\n<p>Precisament, Calvo ha recordat que aquesta dreta nom\u00e9s usa la paraula Espanya \u201cper parlar de crisis, no de solucions\u201d, i ha recordat com, sense ser alternativa de govern, \u201chan bloquejat in\u00fatilment el pa\u00eds; aquesta \u00e9s tota la p\u00e0tria en la qual creu la dreta\u201d.<\/p>\n<p>La secret\u00e0ria general del PSIB-PSOE i presidenta del Govern de les Illes Balears, Francina Armengol, ha comen\u00e7at la seva intervenci\u00f3 recordant, amb fermesa, que els motius per sortir a votar s\u00f3n els mateixos que a la primavera, sols que ara \u201cs\u00f3n m\u00e9s necessaris que mai\u201d, perqu\u00e8 \u201cla si la dreta i l\u2019extrema dreta feien por a l\u2019abril i el maig, ara ja s\u00f3n una realitat\u201d.<\/p>\n<p>Una realitat, ha recordat Armengol, que all\u00f2 que \u00fanicament provoca \u00e9s \u201cm\u00e9s patiment per als m\u00e9s vulnerables, sobretot per a les dones\u201d i que la import\u00e0ncia d\u2019anar a votar d\u2019aqu\u00ed a dues setmanes rau, justament, aqu\u00ed. \u201cMentre la dreta retalla drets, l\u2019esquerra els amplia\u201d.<\/p>\n<p>Armengol s\u2019ha referit, en aquest sentit, a les pol\u00edtiques progressistes iniciades a les Illes Balears els 2015, amb mesures encaminades a retornar drets als m\u00e9s vulnerables, com la renda social b\u00e0sica o la devoluci\u00f3 de la targeta sanit\u00e0ria. \u201cAix\u00f2 \u00e9s el que ens identifica, ha explicat Armengol, i per tot aix\u00f2 val la pena lluitar i per aix\u00f2 necessitam un govern fort i estable presidit per Pedro S\u00e1nchez\u201d.<\/p>\n<\/p><\/div><\/div>\n<\/div>\n<\/div>\n<\/div>\n<div class=\"col_dcha wpb_column columns small-12 medium-6 thb-dark-column\">\n<div class=\"vc_column-inner  \">\n<div class=\"wpb_wrapper\">\n<div class=\"wpb_text_column wpb_content_element  \">\n<div class=\"wpb_wrapper\">\n<p>Finalment, la secret\u00e0ria general del PSIB-PSOE ha expressat amb claredat que el 10 de novembre \u201csortim amb for\u00e7a, il\u00b7lusi\u00f3, comprom\u00eds i coher\u00e8ncia a guanyar les eleccions\u201d, perqu\u00e8 \u201csi alg\u00fa pot solucionar els problemes a qu\u00e8 ens enfrontam, som els socialistes\u201d. \u201cSom imparables\u201d, ha concl\u00f2s contundent Armengol, abans de destacar que els socialistes \u201csom gent seriosa, cosa que \u00e9s fonamental per poder governar en una situaci\u00f3 com la que estam vivint\u201d.<\/p>\n<p>El candidat del PSIB-PSOE al Congr\u00e9s dels Diputats, Pere Joan Pons, tamb\u00e9 s\u2019ha expressat en els mateixos termes que Armengol, apel\u00b7lant a la capacitat del Partit Socialista de tornar a fer hist\u00f2ria el 10 de novembre. \u201cSom un partit fort, unit, responsable, \u00fatil i al servei de la gent\u201d, ha exposat Pons, motius pels quals ha demanat m\u00e0xima mobilitzaci\u00f3, abans d\u2019afegir que \u201ctots sabem quina \u00e9s l\u2019alternativa\u201d.<\/p>\n<p>\u201cCada vot que vagi a l\u2019abstenci\u00f3 va a la dreta i la dreta extrema, que ara representa Pablo Casado\u201d, ha emfasitzat Pons, deixant clar que \u201co governa Pedro S\u00e1nchez o governa Pablo Casa, perqu\u00e8 tots sabem que si la dreta suma, el mateix 10 de novembre es posaran d\u2019acord\u201d.<\/p>\n<p>Per la seva banda, el candidat al Senat per Mallorca, Cosme Bonet, ha posat de relleu que \u201cning\u00fa no aturar\u00e0 l\u2019onada progressista que ens ha dut de vict\u00f2ria en vict\u00f2ria aquest any\u201d i ha destacat la import\u00e0ncia de votar el 10 de novembre per dos motius: \u201cconsolidar el programa de canvi socialista que ja v\u00e0rem votar l\u2019abril\u201d i perqu\u00e8 \u201cnom\u00e9s un govern presidit per Pedro S\u00e1nchez far\u00e0 front els reptes que t\u00e9 aquest pa\u00eds, com sempre hem fet els socialistes al llarg de la hist\u00f2ria\u201d.<\/p>\n<p>Aix\u00ed mateix, Bonet ha qualificat de \u201cvalent\u201d i \u201chist\u00f2ric\u201d el fet que el govern socialista d\u2019Espanya hagi abordat la sortida del dictador Franco del Valle de los Ca\u00eddos i ha denunciat que la dreta \u201cen lloc de sumar-se a la celebraci\u00f3, ho hagi criticat\u201d.<\/p>\n<p>A l\u2019acte tamb\u00e9 ha participat el batle de Calvi\u00e0, Alfonso Rodr\u00edguez, qui ha animat els m\u00e9s de 300 assistents a l\u2019acte que vagin a votar el 10 de novembre, perqu\u00e8 \u201csobren els motius, com mantenir viva la mem\u00f2ria de tots els que varen lluitar perqu\u00e8 puguem anar a votar\u201d. Per aix\u00f2 mateix, Rodr\u00edguez ha deixat clar que \u201cla peresa d\u2019anar a votar\u201d no \u00e9s una opci\u00f3.<\/p>\n<p><strong>Ofrena floral al Bosc de la Mem\u00f2ria<\/strong><\/p>\n<p>Abans de comen\u00e7ar l\u2019acte, els socialistes han realitzat una ofrena floral al bosc de la mem\u00f2ria de Calvi\u00e0, en record i mem\u00f2ria de les v\u00edctimes de la Guerra Civil i la dictadura franquista, justament tres dies despr\u00e9s que el Govern d\u2019Espanya hagi tret el dictador Franco del Valle de los Ca\u00eddos, complint aix\u00ed la llei de Mem\u00f2ria Hist\u00f2rica, el mandat parlamentari i les recomanacions de Nacions Unides.<\/p>\n<\/p><\/div><\/div>\n<\/div>\n<\/div>\n<\/div>\n<\/div>\n<p>Source: Federaci\u00f3 de Mallorca &#8211; Portada FSM<\/p>\n","protected":false},"excerpt":{"rendered":"<p>M\u00e9s de 350 persones han omplit l\u2019auditori de l\u2019IES Bendinat de Calvi\u00e0 en un acte amb els candidats al Congr\u00e9s dels Diputats i el Senat i la secret\u00e0ria general del PSIB-PSOE i presidenta del Govern, Francina Armengol La vicepresidenta del Govern d\u2019Espanya i secret\u00e0ria d\u2019Igualtat del PSOE, Carmen Calvo, ha participat avui en un acte&hellip;<\/p>\n","protected":false},"author":1,"featured_media":24105,"comment_status":"closed","ping_status":"open","sticky":false,"template":"","format":"standard","meta":{"footnotes":""},"categories":[2,90],"tags":[],"class_list":["post-24104","post","type-post","status-publish","format-standard","has-post-thumbnail","hentry","category-federacio-de-mallorca","category-municipis"],"_links":{"self":[{"href":"https:\/\/www.psib-psoe.org\/mallorca\/wp-json\/wp\/v2\/posts\/24104"}],"collection":[{"href":"https:\/\/www.psib-psoe.org\/mallorca\/wp-json\/wp\/v2\/posts"}],"about":[{"href":"https:\/\/www.psib-psoe.org\/mallorca\/wp-json\/wp\/v2\/types\/post"}],"author":[{"embeddable":true,"href":"https:\/\/www.psib-psoe.org\/mallorca\/wp-json\/wp\/v2\/users\/1"}],"replies":[{"embeddable":true,"href":"https:\/\/www.psib-psoe.org\/mallorca\/wp-json\/wp\/v2\/comments?post=24104"}],"version-history":[{"count":0,"href":"https:\/\/www.psib-psoe.org\/mallorca\/wp-json\/wp\/v2\/posts\/24104\/revisions"}],"wp:featuredmedia":[{"embeddable":true,"href":"https:\/\/www.psib-psoe.org\/mallorca\/wp-json\/wp\/v2\/media\/24105"}],"wp:attachment":[{"href":"https:\/\/www.psib-psoe.org\/mallorca\/wp-json\/wp\/v2\/media?parent=24104"}],"wp:term":[{"taxonomy":"category","embeddable":true,"href":"https:\/\/www.psib-psoe.org\/mallorca\/wp-json\/wp\/v2\/categories?post=24104"},{"taxonomy":"post_tag","embeddable":true,"href":"https:\/\/www.psib-psoe.org\/mallorca\/wp-json\/wp\/v2\/tags?post=24104"}],"curies":[{"name":"wp","href":"https:\/\/api.w.org\/{rel}","templated":true}]}}