{"id":24110,"date":"2019-10-30T16:23:29","date_gmt":"2019-10-30T14:23:29","guid":{"rendered":"http:\/\/www.psib-psoe.org\/mallorca\/pedro-sanchez-demana-a-palma-la-concentracio-del-vot-en-lunic-projecte-politic-que-pot-garantir-lestabilitat-a-espanya\/"},"modified":"2020-01-08T14:29:10","modified_gmt":"2020-01-08T12:29:10","slug":"pedro-sanchez-demana-a-palma-la-concentracio-del-vot-en-lunic-projecte-politic-que-pot-garantir-lestabilitat-a-espanya","status":"publish","type":"post","link":"https:\/\/www.psib-psoe.org\/mallorca\/pedro-sanchez-demana-a-palma-la-concentracio-del-vot-en-lunic-projecte-politic-que-pot-garantir-lestabilitat-a-espanya\/","title":{"rendered":"Pedro S\u00e1nchez demana a Palma la concentraci\u00f3 del vot \u201cen l\u2019\u00fanic projecte pol\u00edtic que pot garantir l\u2019estabilitat a Espanya\u201d"},"content":{"rendered":"<div class=\"row wpb_row row-fluid img_noticia\">\n<div class=\"wpb_column columns small-12 medium-12 thb-dark-column\">\n<div class=\"vc_column-inner  \">\n<div class=\"wpb_wrapper\">\n<div class=\"wpb_single_image wpb_content_element vc_align_center  vc_custom_1572445198199\">\n<figure class=\"wpb_wrapper vc_figure\">\n<div class=\"vc_single_image-wrapper   vc_box_border_grey\"><img loading=\"lazy\" decoding=\"async\" width=\"1000\" height=\"666\" src=\"http:\/\/www.psib-psoe.org\/wp-content\/uploads\/acte-pedro-sanchez-30-octubre-2019-armengol-hila-pere-joan-pons.jpg\" class=\"vc_single_image-img attachment-full\" alt=\"\" \/><\/div>\n<\/figure><\/div>\n<\/div>\n<\/div>\n<\/div>\n<\/div>\n<div class=\"row wpb_row row-fluid intro full-width-row vc_custom_1558336094678\">\n<div class=\"col_izq wpb_column columns small-12 medium-12 thb-dark-column\">\n<div class=\"vc_column-inner  \">\n<div class=\"wpb_wrapper\">\n<div class=\"wpb_text_column wpb_content_element  \">\n<div class=\"wpb_wrapper\">\n<p><em><u>El candidat a la presid\u00e8ncia del Govern d\u2019Espanya ha recordat que el 10 de novembre \u201cno podem faltar a les urnes\u201d perqu\u00e8 ara mateix \u201ctenim el mateix nombre de vots que la resta de partits: zero\u201d<\/u><\/em><\/p>\n<\/p><\/div><\/div>\n<\/div>\n<\/div>\n<\/div>\n<\/div>\n<div class=\"row wpb_row row-fluid full-width-row\">\n<div class=\"col_izq wpb_column columns small-12 medium-6 thb-dark-column\">\n<div class=\"vc_column-inner  \">\n<div class=\"wpb_wrapper\">\n<div class=\"wpb_text_column wpb_content_element  \">\n<div class=\"wpb_wrapper\">\n<p>El secretari general del PSOE i president del Govern en funcions, Pedro S\u00e1nchez, ha demanat en un acte a Palma amb 600 assistents que el 10 de novembre \u201cconcentrem el vot en l\u2019\u00fanic projecte pol\u00edtic que pot garantir l\u2019estabilitat a Espanya: el del Partit Socialista\u201d, alhora que ha recordat que \u201cara mateix tenim el mateix nombre de vots que la resta de partits: zero\u201d, motiu pel qual \u201cdia 10 de novembre no podem faltar a les urnes\u201d.<\/p>\n<p>S\u00e1nchez ha dirigit aquest missatge particularment \u201ca tots aquells que posen per damunt l\u2019inter\u00e8s general enfront del particular\u201d, amb l\u2019objectiu de \u201ctombar el mur del principal problema pol\u00edtic del nostre pa\u00eds, que \u00e9s el bloqueig\u201d, ja que \u201csense govern, els problemes reals de la gent no es poden resoldre\u201d.<\/p>\n<p>En aquest punt, S\u00e1nchez ha fet refer\u00e8ncia als compromisos del Partit Socialista per derogar la LOMCE i aprovar una nova llei educativa, aprovar la llei d\u2019Eutan\u00e0sia, seguir apujant el salari m\u00ednim interprofessional, aprovar un nou Estatut dels Treballadors o garantir el sistema de pensions, entre altres mesures.<\/p>\n<p>Un seguit de mesures enumerades per S\u00e1nchez que han incl\u00f2s un comprom\u00eds destacat per a les Illes Balears, com \u00e9s aprovar la part fiscal del R\u00e8gim Especial de les Balears i que nom\u00e9s ser\u00e0 possible \u201camb un govern estable i amb una majoria parlament\u00e0ria clara\u201d, ha insistit el secretari general del PSOE.<\/p>\n<p>Aix\u00ed mateix, S\u00e1nchez tamb\u00e9 ha anunciat que el Consell de Ministres aprovar\u00e0 dem\u00e0 els 18 milions per als afectats per les torrentades a Mallorca.<\/p>\n<p>El candidat a la presid\u00e8ncia del Govern d\u2019Espanya tamb\u00e9 ha tengut paraules per recordar l\u2019exhumaci\u00f3 del dictador Franco del Valle de los Ca\u00eddos, que ha descrit com a \u201cvict\u00f2ria de la democr\u00e0cia\u201d. No obstant aix\u00f2, S\u00e1nchez ha recordat que \u201cjust hem comen\u00e7at a pagar el deute\u201d i que encara queda molt per fer.<\/p>\n<p>A l\u2019acte tamb\u00e9 ha participat la secret\u00e0ria general del Partit Socialista de les Illes Balears i presidenta del Govern de les Illes Balears, Francina Armengol, qui ha comen\u00e7at la seva intervenci\u00f3 animant els m\u00e9s de 600 assistents a l\u2019acte que vagi a votar el 10 de novembre, perqu\u00e8 nom\u00e9s aix\u00ed \u201ctornarem a guanyar\u201d.<\/p>\n<p>Una fita per a la qual el Partit Socialista est\u00e0 ben preparat, ha afirmat Armengol, al\u00b7ludint al fet que els socialistes \u201cestam m\u00e9s forts i units que mai i som l\u2019\u00fanic partit que t\u00e9 projecte, hist\u00f2ria, idees, il\u00b7lusi\u00f3, valentia i la gent preparada\u201d.<\/p>\n<p>Armengol ha posat d\u2019exemple les Illes Balears per demanar el m\u00e0xim suport a les urnes el 10 de novembre. \u201cVolem per a Espanya el que ja tenim per a les illes\u201d, en refer\u00e8ncia, entre d\u2019altres, a mesures com la llei contra el canvi clim\u00e0tic, la renda social garantida o l\u2019eliminaci\u00f3 del copagament farmac\u00e8utic.<\/p>\n<\/p><\/div><\/div>\n<\/div>\n<\/div>\n<\/div>\n<div class=\"col_dcha wpb_column columns small-12 medium-6 thb-dark-column\">\n<div class=\"vc_column-inner  \">\n<div class=\"wpb_wrapper\">\n<div class=\"wpb_text_column wpb_content_element  \">\n<div class=\"wpb_wrapper\">\n<p>Precisament, Armengol ha insistit que \u201cnom\u00e9s un Govern presidit per Pedro S\u00e1nchez\u201d podr\u00e0 dur a terme mesures com aquestes, \u201ci no les dretes, que si a l\u2019abril ja intu\u00edem que es podien ajuntar, ara ja ho sabem cert\u201d. \u201cNecessitam un govern estable, fort i progressista que encari els problemes reals de la gent\u201d, ha dit Armengol.<\/p>\n<p>La socialista tamb\u00e9 ha exposat com \u00e9s de necessari un govern presidit per S\u00e1nchez, en particular per a les Illes Balears, recordant els 8 milions d\u2019euros aprovats recentment per pal\u00b7liar els efectes de la caiguda de Thomas Cook o per dissenyar uns pressupostos generals de l\u2019Estat \u201cque tenguin en compte el factor de la insularitat\u201d. \u201cQui penseu que ho far\u00e0? Qui va aprovar el r\u00e8gim especial de Balears o qui el critica?\u201d, ha demanat Armengol als m\u00e9s de 600 assistents a l\u2019acte.<\/p>\n<p>\u201cEspanya necessita un govern comprom\u00e8s amb la gent\u201d, ha asseverat Armengol, abans de recordar algunes fites de governs socialistes en mat\u00e8ria de diversitat, igualtat i mem\u00f2ria hist\u00f2rica. \u201cTotes les lleis d\u2019igualtat tenen llinatge socialista\u201d, ha recordat la socialista, alhora que ha donat les gr\u00e0cies a Pedro S\u00e1nchez per \u201chaver tret el dictador el mausoleu\u201d.<\/p>\n<p>El candidat del PSIB-PSOE al Congr\u00e9s dels Diputats, Pere Joan Pons, ha demanat m\u00e0xima mobilitzaci\u00f3 el 10 de novembre \u201cper tornar a fer hist\u00f2rica\u201d i perqu\u00e8 \u201csi a l\u2019abril v\u00e0rem combatre la foto, ara ja els tenim davant; s\u00f3n de carn i ossos\u201d, ha asseverat Pons en refer\u00e8ncia als governs de la dreta amb l\u2019extrema dreta.<\/p>\n<p>En aquest sentit, Pons tamb\u00e9 ha recordat les difer\u00e8ncies en la manera de fer pol\u00edtica dels governs de dreta respecte dels socialistes. \u201cFa 15 mesos que anem a millor\u201d, ha exposat Pons, posant d\u2019exemple casos com el de Thomas Cook, la pujada del salari m\u00ednim o la protecci\u00f3 de pensions. \u201cNo hi ha color entre el pa\u00eds que va deixar Mariano Rajoy i el de Pedro S\u00e1nchez\u201d, ha insistit Pons.<\/p>\n<p>Per la seva banda, el batle de Palma, Jos\u00e9 Hila, ha recordat que \u201cels socialistes mai no ho tenim f\u00e0cil\u201d, fent al\u00b7lusi\u00f3 a les \u201ctraves\u201d a qu\u00e8 s\u2019han d\u2019enfrontar els socialistes \u201cperqu\u00e8 volem canviar les coses i aix\u00f2 hi ha molta gent a qui no li interessa\u201d.<\/p>\n<p>Entre els canvis que ha mencionat Hila s\u2019hi troba la lluita contra el canvi clim\u00e0tic, i ha dit que aix\u00f2 no ser\u00e0 possible \u201csense un president que s\u2019ho cregui\u201d. \u201cAix\u00f2 no \u00e9s nom\u00e9s una cosa de progressistes, \u00e9s el que demanen els joves de tot arreu\u201d. Per aix\u00f2, Hila ha demanat fer president Pedro S\u00e1nchez el 10 de novembre.<\/p>\n<\/p><\/div><\/div>\n<\/div>\n<\/div>\n<\/div>\n<\/div>\n<p>Source: Portada FSM &#8211; Municipis<\/p>\n","protected":false},"excerpt":{"rendered":"<p>El candidat a la presid\u00e8ncia del Govern d\u2019Espanya ha recordat que el 10 de novembre \u201cno podem faltar a les urnes\u201d perqu\u00e8 ara mateix \u201ctenim el mateix nombre de vots que la resta de partits: zero\u201d El secretari general del PSOE i president del Govern en funcions, Pedro S\u00e1nchez, ha demanat en un acte a&hellip;<\/p>\n","protected":false},"author":1,"featured_media":24111,"comment_status":"closed","ping_status":"open","sticky":false,"template":"","format":"standard","meta":{"footnotes":""},"categories":[2,90],"tags":[],"class_list":["post-24110","post","type-post","status-publish","format-standard","has-post-thumbnail","hentry","category-federacio-de-mallorca","category-municipis"],"_links":{"self":[{"href":"https:\/\/www.psib-psoe.org\/mallorca\/wp-json\/wp\/v2\/posts\/24110"}],"collection":[{"href":"https:\/\/www.psib-psoe.org\/mallorca\/wp-json\/wp\/v2\/posts"}],"about":[{"href":"https:\/\/www.psib-psoe.org\/mallorca\/wp-json\/wp\/v2\/types\/post"}],"author":[{"embeddable":true,"href":"https:\/\/www.psib-psoe.org\/mallorca\/wp-json\/wp\/v2\/users\/1"}],"replies":[{"embeddable":true,"href":"https:\/\/www.psib-psoe.org\/mallorca\/wp-json\/wp\/v2\/comments?post=24110"}],"version-history":[{"count":0,"href":"https:\/\/www.psib-psoe.org\/mallorca\/wp-json\/wp\/v2\/posts\/24110\/revisions"}],"wp:featuredmedia":[{"embeddable":true,"href":"https:\/\/www.psib-psoe.org\/mallorca\/wp-json\/wp\/v2\/media\/24111"}],"wp:attachment":[{"href":"https:\/\/www.psib-psoe.org\/mallorca\/wp-json\/wp\/v2\/media?parent=24110"}],"wp:term":[{"taxonomy":"category","embeddable":true,"href":"https:\/\/www.psib-psoe.org\/mallorca\/wp-json\/wp\/v2\/categories?post=24110"},{"taxonomy":"post_tag","embeddable":true,"href":"https:\/\/www.psib-psoe.org\/mallorca\/wp-json\/wp\/v2\/tags?post=24110"}],"curies":[{"name":"wp","href":"https:\/\/api.w.org\/{rel}","templated":true}]}}