{"id":24115,"date":"2019-10-31T15:34:33","date_gmt":"2019-10-31T13:34:33","guid":{"rendered":"http:\/\/www.psib-psoe.org\/mallorca\/?p=24115"},"modified":"2020-01-08T14:28:46","modified_gmt":"2020-01-08T12:28:46","slug":"els-socialistes-de-soller-expressen-la-seva-preocupacio-per-lalarmant-inactivitat-del-pacte-pp-cs-a-lajuntament","status":"publish","type":"post","link":"https:\/\/www.psib-psoe.org\/mallorca\/els-socialistes-de-soller-expressen-la-seva-preocupacio-per-lalarmant-inactivitat-del-pacte-pp-cs-a-lajuntament\/","title":{"rendered":"Els Socialistes de S\u00f3ller expressen la seva preocupaci\u00f3 per l\u2019alarmant inactivitat del pacte PP-C\u2019s a l\u2019Ajuntament"},"content":{"rendered":"<div class=\"wpb-content-wrapper\">[vc_row el_class=&#8221;img_noticia&#8221;][vc_column][vc_single_image image=&#8221;24116&#8243; img_size=&#8221;full&#8221;][\/vc_column][\/vc_row][vc_row el_class=&#8221;intro&#8221;][vc_column][vc_column_text]<em><u>Jaume Mateu: \u201cNo entenem com l\u2019equip de govern, amb una de les pujades de retribucions m\u00e9s grans dels darrers anys, \u00e9s incapa\u00e7 de treure cap iniciativa pol\u00edtica i governa donant l\u2019esquena a les sessions plen\u00e0ries, \u00e9s a dir, als sollerics i les solleriques\u201d<\/u><\/em>[\/vc_column_text][\/vc_column][\/vc_row][vc_row][vc_column width=&#8221;1\/2&#8243;][vc_column_text]Els Socialistes de S\u00f3ller volen expressar la seva preocupaci\u00f3 per la manca de continguts del ple ordinari de l\u2019Ajuntament del pr\u00f2xim 5 de novembre, la qual cosa es tradueix en una \u201calarmant inactivitat del pacte \u2018PP-C\u2019s\u201d.<\/p>\n<p>Aix\u00ed ho ha expressat el portaveu municipal dels socialistes, Jaume Mateu, qui ha lamentat que \u201ca la Junta de Portaveus de la corporaci\u00f3 municipal sollerica hem constatat que al pr\u00f2xim ple ordinari no s\u2019hi dur\u00e0 cap proposta d\u2019acord de l\u2019equip de govern, mentre que curiosament, s\u00ed que es duran un total d\u2019onze mocions, moltes d\u2019elles dels propis partits del pacte de Govern\u201d. Un fet que per Mateu, \u00e9s \u201cuna maniobra per tapar el fet vergony\u00f3s que no es dugui cap punt ordinari a ple\u201d.<\/p>\n<p>En aquest sentit, el portaveu socialista ha defensat que \u201cens causa una gran preocupaci\u00f3 veure com aquest equip de govern, format pel pacte PP i Ciutadans, \u00e9s incapa\u00e7 de dur endavant iniciatives de govern\u201d, a la qual cosa ha afegit que \u201cno ens consta cap precedent en l\u2019Ajuntament solleric de no dur cap punt al ple\u201d.<\/p>\n<p>Una inactivitat que pels socialistes ve confirmada tamb\u00e9 per altres s\u00edmptomes, \u201ccom \u00e9s la ren\u00fancia a projectes d\u2019inversi\u00f3 propis que ja estaven pressupostats, la manca de convocat\u00f2ria de comissions informatives en algunes regidories o la manca d\u2019activitat en \u00e0mbits com el medi ambient, el turisme, la cultura o la participaci\u00f3 ciutadana\u201d, ha lamentat Mateu.[\/vc_column_text][\/vc_column][vc_column width=&#8221;1\/2&#8243;][vc_column_text]Per tot plegat, els Socialistes de S\u00f3ller demanen al batle que expliqui \u201cquins s\u00f3n els motius pels quals, tenint nom\u00e9s un ple cada dos mesos, el seu equip de govern \u00e9s incapa\u00e7 de presentar propostes d\u2019acord ordin\u00e0ries, perqu\u00e8 no entenem com l\u2019equip de govern, amb una de les pujades de retribucions m\u00e9s grans dels darrers anys, \u00e9s incapa\u00e7 de treure cap iniciativa pol\u00edtica i governa donant l\u2019esquena a les sessions plen\u00e0ries, \u00e9s a dir, als sollerics i les solleriques\u201d.<\/p>\n<p>A m\u00e9s a m\u00e9s, Mateu s\u2019ha demanat si \u201cl\u2019equip de govern pensa renunciar a les dietes que cobrar\u00e0 per aquest ple totalment buit de contingut, ja que va posar el crit al cel quan des de l\u2019oposici\u00f3 sol\u00b7licit\u00e0rem un ple extraordinari per valorar diferents q\u00fcestions a les que encara no se\u2019ns ha donat resposta, pel possible cost que tendria, per\u00f2 ara organitzen un ple sense propostes d\u2019acord\u201d, la qual cosa \u00e9s \u201cun vertader engany a tots els ciutadans i ciutadanes\u201d.<\/p>\n[\/vc_column_text][\/vc_column][\/vc_row]\n<\/div>","protected":false},"excerpt":{"rendered":"<p>[vc_row el_class=&#8221;img_noticia&#8221;][vc_column][vc_single_image image=&#8221;24116&#8243; img_size=&#8221;full&#8221;][\/vc_column][\/vc_row][vc_row el_class=&#8221;intro&#8221;][vc_column][vc_column_text]Jaume Mateu: \u201cNo entenem com l\u2019equip de govern, amb una de les pujades de retribucions m\u00e9s grans dels darrers anys, \u00e9s incapa\u00e7 de treure cap iniciativa pol\u00edtica i governa donant l\u2019esquena a les sessions plen\u00e0ries, \u00e9s a dir, als sollerics i les solleriques\u201d[\/vc_column_text][\/vc_column][\/vc_row][vc_row][vc_column width=&#8221;1\/2&#8243;][vc_column_text]Els Socialistes de S\u00f3ller volen expressar la seva&hellip;<\/p>\n","protected":false},"author":4,"featured_media":24116,"comment_status":"open","ping_status":"open","sticky":false,"template":"","format":"standard","meta":{"footnotes":""},"categories":[90],"tags":[],"class_list":["post-24115","post","type-post","status-publish","format-standard","has-post-thumbnail","hentry","category-municipis"],"_links":{"self":[{"href":"https:\/\/www.psib-psoe.org\/mallorca\/wp-json\/wp\/v2\/posts\/24115"}],"collection":[{"href":"https:\/\/www.psib-psoe.org\/mallorca\/wp-json\/wp\/v2\/posts"}],"about":[{"href":"https:\/\/www.psib-psoe.org\/mallorca\/wp-json\/wp\/v2\/types\/post"}],"author":[{"embeddable":true,"href":"https:\/\/www.psib-psoe.org\/mallorca\/wp-json\/wp\/v2\/users\/4"}],"replies":[{"embeddable":true,"href":"https:\/\/www.psib-psoe.org\/mallorca\/wp-json\/wp\/v2\/comments?post=24115"}],"version-history":[{"count":0,"href":"https:\/\/www.psib-psoe.org\/mallorca\/wp-json\/wp\/v2\/posts\/24115\/revisions"}],"wp:featuredmedia":[{"embeddable":true,"href":"https:\/\/www.psib-psoe.org\/mallorca\/wp-json\/wp\/v2\/media\/24116"}],"wp:attachment":[{"href":"https:\/\/www.psib-psoe.org\/mallorca\/wp-json\/wp\/v2\/media?parent=24115"}],"wp:term":[{"taxonomy":"category","embeddable":true,"href":"https:\/\/www.psib-psoe.org\/mallorca\/wp-json\/wp\/v2\/categories?post=24115"},{"taxonomy":"post_tag","embeddable":true,"href":"https:\/\/www.psib-psoe.org\/mallorca\/wp-json\/wp\/v2\/tags?post=24115"}],"curies":[{"name":"wp","href":"https:\/\/api.w.org\/{rel}","templated":true}]}}