{"id":24129,"date":"2019-11-02T13:12:58","date_gmt":"2019-11-02T11:12:58","guid":{"rendered":"http:\/\/www.psib-psoe.org\/mallorca\/pere-joan-pons-anuncia-el-compromis-dels-socialistes-de-tornar-a-augmentar-el-salari-minim-interprofessional\/"},"modified":"2020-01-08T14:27:36","modified_gmt":"2020-01-08T12:27:36","slug":"pere-joan-pons-anuncia-el-compromis-dels-socialistes-de-tornar-a-augmentar-el-salari-minim-interprofessional","status":"publish","type":"post","link":"https:\/\/www.psib-psoe.org\/mallorca\/pere-joan-pons-anuncia-el-compromis-dels-socialistes-de-tornar-a-augmentar-el-salari-minim-interprofessional\/","title":{"rendered":"Pere Joan Pons anuncia el comprom\u00eds dels socialistes de tornar a augmentar el salari m\u00ednim interprofessional"},"content":{"rendered":"<div class=\"row wpb_row row-fluid img_noticia\">\n<div class=\"wpb_column columns small-12 medium-12 thb-dark-column\">\n<div class=\"vc_column-inner  \">\n<div class=\"wpb_wrapper\">\n<div class=\"wpb_single_image wpb_content_element vc_align_center  vc_custom_1572693070565\">\n<figure class=\"wpb_wrapper vc_figure\">\n<div class=\"vc_single_image-wrapper   vc_box_border_grey\"><img loading=\"lazy\" decoding=\"async\" width=\"1000\" height=\"750\" src=\"http:\/\/www.psib-psoe.org\/wp-content\/uploads\/pere-joan-pons-jose-hila-pere-garau-eleccions-10-novembre.jpg\" class=\"vc_single_image-img attachment-full\" alt=\"\" \/><\/div>\n<\/figure><\/div>\n<\/div>\n<\/div>\n<\/div>\n<\/div>\n<div class=\"row wpb_row row-fluid intro full-width-row vc_custom_1558336094678\">\n<div class=\"col_izq wpb_column columns small-12 medium-12 thb-dark-column\">\n<div class=\"vc_column-inner  \">\n<div class=\"wpb_wrapper\">\n<div class=\"wpb_text_column wpb_content_element  \">\n<div class=\"wpb_wrapper\">\n<p><em><u>El candidat al Congr\u00e9s tamb\u00e9 ha demanat al PP \u201cque expliqui d\u2019on t\u00e9 pensat retallar per poder fer la gran baixada d\u2019impostos que proposen\u201d<\/u><\/em><\/p>\n<\/p><\/div><\/div>\n<\/div>\n<\/div>\n<\/div>\n<\/div>\n<div class=\"row wpb_row row-fluid full-width-row\">\n<div class=\"col_izq wpb_column columns small-12 medium-6 thb-dark-column\">\n<div class=\"vc_column-inner  \">\n<div class=\"wpb_wrapper\">\n<div class=\"wpb_text_column wpb_content_element  \">\n<div class=\"wpb_wrapper\">\n<p>El candidat del PSIB-PSOE al Congr\u00e9s dels Diputats, Pere Joan Pons, ha visitat avui demat\u00ed la taula informativa que els socialistes de Palma han muntat en el mercat de Pere Garau, on s\u2019ha comprom\u00e8s a augmentar, de nou, el salari m\u00ednim interprofessional i a continuar desenvolupant una economia que \u201ccre\u00ef ocupaci\u00f3 el m\u00e9s indefinida possible i permeti tenir uns salaris dignes\u201d.<\/p>\n<p>Pons ha explicat la proposta econ\u00f2mica del Partit Socialista de cara a les eleccions del 10 de novembre i ha explicat que el model econ\u00f2mic que persegueixen \u00e9s el \u201cd\u2019un futur basat en una economia centrada en la transici\u00f3 ecol\u00f2gica i que aposti per la innovaci\u00f3 i la ci\u00e8ncia\u201d.<\/p>\n<p>En aquest sentit, el candidat al Congr\u00e9s tamb\u00e9 ha anunciat que la inversi\u00f3 en innovaci\u00f3 i ci\u00e8ncia en els pr\u00f2xims pressupostos generals de l\u2019estat ser\u00e0 del 2,5% i que, a m\u00e9s, s\u2019aprovar\u00e0 un nou Estatut dels Treballadors.<\/p>\n<p>\u201cEl Partit Socialista \u00e9s l\u2019\u00fanic partit, a menys de 10 dies de les eleccions, amb un projecte clar i amb una proposta de model econ\u00f2mic socialment sostenible, tal com hem demostrat els darrers 15 mesos\u201d, ha assegurat Pons, qui ha posat d\u2019exemple les pol\u00edtiques desenvolupades a les Illes Balears al llarg dels darrers anys.<\/p>\n<\/p><\/div><\/div>\n<\/div>\n<\/div>\n<\/div>\n<div class=\"col_dcha wpb_column columns small-12 medium-6 thb-dark-column\">\n<div class=\"vc_column-inner  \">\n<div class=\"wpb_wrapper\">\n<div class=\"wpb_text_column wpb_content_element  \">\n<div class=\"wpb_wrapper\">\n<p>Aix\u00ed, el socialista s\u2019ha referit al model \u201cd\u2019estabilitat i pau social\u201d que ha perm\u00e8s a les Balears \u201ctenir seguretat i bones inversions\u201d, com tamb\u00e9 la posada en marxa de mesures que han fet possible que m\u00e9s de 70.000 persones surtin d\u2019una situaci\u00f3 d\u2019exclusi\u00f3 o la resposta conjunta a situacions excepcionals, com la provocada per la fallida de Thomas Cook.<\/p>\n<p>\u201cEnfront de situacions de dificultat, hem treballat de manera conjunta, fent feina per preservar els sectors i els llocs de feina quan ha estat necessari\u201d, ha exposat Pons, qui tamb\u00e9 ha insistit en el fet que \u201cno s\u00e9 com es pot dir que \u00e9s possible fer tot aix\u00f2 sense impostos, com diu el PP; hauran d\u2019explicar d\u2019on pensen retallar els pr\u00f2xims anys per fer aquesta gran baixa d\u2019impostos que proposen\u201d.<\/p>\n<p>Tamb\u00e9 ha visitat la taula informativa dels socialistes el batle de Palma i secretari general del PSOE Palma, Jos\u00e9 Hila, qui tamb\u00e9 ha demanat el vot massiu per al Partit Socialista el 10 de novembre per fer possible \u201cun govern seri\u00f3s i que es dediqui a solucionar els problemes de la gent, no a crear-los\u201d.<\/p>\n<\/p><\/div><\/div>\n<\/div>\n<\/div>\n<\/div>\n<\/div>\n<p>Source: Portada FSM &#8211; Municipis<\/p>\n","protected":false},"excerpt":{"rendered":"<p>El candidat al Congr\u00e9s tamb\u00e9 ha demanat al PP \u201cque expliqui d\u2019on t\u00e9 pensat retallar per poder fer la gran baixada d\u2019impostos que proposen\u201d El candidat del PSIB-PSOE al Congr\u00e9s dels Diputats, Pere Joan Pons, ha visitat avui demat\u00ed la taula informativa que els socialistes de Palma han muntat en el mercat de Pere Garau,&hellip;<\/p>\n","protected":false},"author":1,"featured_media":24130,"comment_status":"closed","ping_status":"open","sticky":false,"template":"","format":"standard","meta":{"footnotes":""},"categories":[2,90],"tags":[],"class_list":["post-24129","post","type-post","status-publish","format-standard","has-post-thumbnail","hentry","category-federacio-de-mallorca","category-municipis"],"_links":{"self":[{"href":"https:\/\/www.psib-psoe.org\/mallorca\/wp-json\/wp\/v2\/posts\/24129"}],"collection":[{"href":"https:\/\/www.psib-psoe.org\/mallorca\/wp-json\/wp\/v2\/posts"}],"about":[{"href":"https:\/\/www.psib-psoe.org\/mallorca\/wp-json\/wp\/v2\/types\/post"}],"author":[{"embeddable":true,"href":"https:\/\/www.psib-psoe.org\/mallorca\/wp-json\/wp\/v2\/users\/1"}],"replies":[{"embeddable":true,"href":"https:\/\/www.psib-psoe.org\/mallorca\/wp-json\/wp\/v2\/comments?post=24129"}],"version-history":[{"count":0,"href":"https:\/\/www.psib-psoe.org\/mallorca\/wp-json\/wp\/v2\/posts\/24129\/revisions"}],"wp:featuredmedia":[{"embeddable":true,"href":"https:\/\/www.psib-psoe.org\/mallorca\/wp-json\/wp\/v2\/media\/24130"}],"wp:attachment":[{"href":"https:\/\/www.psib-psoe.org\/mallorca\/wp-json\/wp\/v2\/media?parent=24129"}],"wp:term":[{"taxonomy":"category","embeddable":true,"href":"https:\/\/www.psib-psoe.org\/mallorca\/wp-json\/wp\/v2\/categories?post=24129"},{"taxonomy":"post_tag","embeddable":true,"href":"https:\/\/www.psib-psoe.org\/mallorca\/wp-json\/wp\/v2\/tags?post=24129"}],"curies":[{"name":"wp","href":"https:\/\/api.w.org\/{rel}","templated":true}]}}