{"id":24141,"date":"2019-11-04T19:56:05","date_gmt":"2019-11-04T17:56:05","guid":{"rendered":"http:\/\/www.psib-psoe.org\/mallorca\/bonet-ressalta-la-importancia-de-votar-el-proxim-diumenge-per-defensar-una-sanitat-publica-universal-accessible-i-de-qualitat\/"},"modified":"2019-12-04T13:08:21","modified_gmt":"2019-12-04T11:08:21","slug":"bonet-ressalta-la-importancia-de-votar-el-proxim-diumenge-per-defensar-una-sanitat-publica-universal-accessible-i-de-qualitat","status":"publish","type":"post","link":"https:\/\/www.psib-psoe.org\/mallorca\/bonet-ressalta-la-importancia-de-votar-el-proxim-diumenge-per-defensar-una-sanitat-publica-universal-accessible-i-de-qualitat\/","title":{"rendered":"Bonet ressalta la import\u00e0ncia de votar el pr\u00f2xim diumenge per \u201cdefensar una sanitat p\u00fablica universal, accessible i de qualitat\u201d"},"content":{"rendered":"<div class=\"row wpb_row row-fluid img_noticia\">\n<div class=\"wpb_column columns small-12 medium-12 thb-dark-column\">\n<div class=\"vc_column-inner  \">\n<div class=\"wpb_wrapper\">\n<div class=\"wpb_single_image wpb_content_element vc_align_center  vc_custom_1572890078715\">\n<figure class=\"wpb_wrapper vc_figure\">\n<div class=\"vc_single_image-wrapper   vc_box_border_grey\"><img loading=\"lazy\" decoding=\"async\" width=\"1000\" height=\"750\" src=\"http:\/\/www.psib-psoe.org\/wp-content\/uploads\/bonet-moll-gomez-acte-salut-novembre-2019.jpg\" class=\"vc_single_image-img attachment-full\" alt=\"\" \/><\/div>\n<\/figure><\/div>\n<\/div>\n<\/div>\n<\/div>\n<\/div>\n<div class=\"row wpb_row row-fluid intro full-width-row vc_custom_1558336094678\">\n<div class=\"col_izq wpb_column columns small-12 medium-12 thb-dark-column\">\n<div class=\"vc_column-inner  \">\n<div class=\"wpb_wrapper\">\n<div class=\"wpb_text_column wpb_content_element  \">\n<div class=\"wpb_wrapper\">\n<p><em><u>Els candidats al Senat per Mallorca, Cosme Bonet i Susanna Moll, i la consellera de Salut, Patricia G\u00f3mez, han participat en un acte sectorial amb representant del sector de la Salut a les Illes Balears<\/u><\/em><\/p>\n<\/p><\/div><\/div>\n<\/div>\n<\/div>\n<\/div>\n<\/div>\n<div class=\"row wpb_row row-fluid full-width-row\">\n<div class=\"col_izq wpb_column columns small-12 medium-6 thb-dark-column\">\n<div class=\"vc_column-inner  \">\n<div class=\"wpb_wrapper\">\n<div class=\"wpb_text_column wpb_content_element  \">\n<div class=\"wpb_wrapper\">\n<p>El Partit Socialista de les Illes Balears continua amb els actes sectorials que ve organitzant des de la precampanya electoral. Avui ha estat el torn de la Salut, en un acte en qu\u00e8 han participat representants del sector i que ha comptat amb l\u2019assist\u00e8ncia dels candidats al Senat per Mallorca, Cosme Bonet i Susanna Moll, i la consellera de Salut i Consum del Govern de les Illes Balears, Patricia G\u00f3mez.<\/p>\n<p>Cosme Bonet ha reivindicat les pol\u00edtiques desenvolupades pels socialistes al llarg dels anys en mat\u00e8ria de sanitat, recordant que \u201c\u00e9s una de les banderes del PSOE\u201d, alhora que ha insistit en el fet que el sistema p\u00fablic de sanitat vigent avui dia a Espanya \u201cva ser feina de ministres socialistes\u201d.<\/p>\n<p>Una tasca en favor de la sanitat p\u00fablica que nom\u00e9s duu a terme el Partit Socialista, enfront del model \u201cde p\u00e8rdua de drets\u201d de la dreta.<\/p>\n<p>En aquest sentit, Bonet ha recordat que el 10 de novembre s\u2019haur\u00e0 d\u2019elegir entre dos models: \u201cel del Partit Socialista, que representa aquells que defensa una sanitat p\u00fablica universal, accessible i de qualitat\u201d enfront del model de la dreta, basat \u201cen les retallades de professionals, eliminaci\u00f3 de la sanitat universal i tancament d\u2019hospitals\u201d.<\/p>\n<\/p><\/div><\/div>\n<\/div>\n<\/div>\n<\/div>\n<div class=\"col_dcha wpb_column columns small-12 medium-6 thb-dark-column\">\n<div class=\"vc_column-inner  \">\n<div class=\"wpb_wrapper\">\n<div class=\"wpb_text_column wpb_content_element  \">\n<div class=\"wpb_wrapper\">\n<p>\u00c9s per tot aix\u00f2 que el candidat al Senat ha insistit en la import\u00e0ncia de \u201cvotar el Partit Socialista\u201d el pr\u00f2xim diumenge, perqu\u00e8 aix\u00f2 vol dir \u201cvotar per una sanitat p\u00fablica de qualitat\u201d.<\/p>\n<p>En els mateixos termes s\u2019ha expressat la candidata al Senat per Mallorca, Susanna Moll, qui ha assegurat que a Espanya \u201ca sanitat \u00e9s, juntament amb l\u2019educaci\u00f3, un dels pilars m\u00e9s importants de l\u2019Estat del Benestar\u201d a Espanya.<\/p>\n<p>\u201cTenim un dels millors sistemes de salut del m\u00f3n\u201d, ha asseverat la socialista, motiu pel qual ha demanat m\u00e0xima mobilitzaci\u00f3 el 10 de novembre, per tal de \u201crefor\u00e7ar-lo, augmentar la cartera de serveis i incrementar inversions\u201d.<\/p>\n<p>L\u2019acte l\u2019ha presentat la consellera de Salut i Consum del Govern de les Illes Balears, Patricia G\u00f3mez, qui tamb\u00e9 ha demanat el vot per al Partit Socialista per \u201cdonar impuls a lleis estatals que encara bloquegen la recuperaci\u00f3 de drets a tots els territoris\u201d.<\/p>\n<\/p><\/div><\/div>\n<\/div>\n<\/div>\n<\/div>\n<\/div>\n<p>Source: Federaci\u00f3 de Mallorca &#8211; Portada FSM<\/p>\n","protected":false},"excerpt":{"rendered":"<p>Els candidats al Senat per Mallorca, Cosme Bonet i Susanna Moll, i la consellera de Salut, Patricia G\u00f3mez, han participat en un acte sectorial amb representant del sector de la Salut a les Illes Balears El Partit Socialista de les Illes Balears continua amb els actes sectorials que ve organitzant des de la precampanya electoral.&hellip;<\/p>\n","protected":false},"author":1,"featured_media":24142,"comment_status":"closed","ping_status":"open","sticky":false,"template":"","format":"standard","meta":{"footnotes":""},"categories":[2],"tags":[],"class_list":["post-24141","post","type-post","status-publish","format-standard","has-post-thumbnail","hentry","category-federacio-de-mallorca"],"_links":{"self":[{"href":"https:\/\/www.psib-psoe.org\/mallorca\/wp-json\/wp\/v2\/posts\/24141"}],"collection":[{"href":"https:\/\/www.psib-psoe.org\/mallorca\/wp-json\/wp\/v2\/posts"}],"about":[{"href":"https:\/\/www.psib-psoe.org\/mallorca\/wp-json\/wp\/v2\/types\/post"}],"author":[{"embeddable":true,"href":"https:\/\/www.psib-psoe.org\/mallorca\/wp-json\/wp\/v2\/users\/1"}],"replies":[{"embeddable":true,"href":"https:\/\/www.psib-psoe.org\/mallorca\/wp-json\/wp\/v2\/comments?post=24141"}],"version-history":[{"count":0,"href":"https:\/\/www.psib-psoe.org\/mallorca\/wp-json\/wp\/v2\/posts\/24141\/revisions"}],"wp:featuredmedia":[{"embeddable":true,"href":"https:\/\/www.psib-psoe.org\/mallorca\/wp-json\/wp\/v2\/media\/24142"}],"wp:attachment":[{"href":"https:\/\/www.psib-psoe.org\/mallorca\/wp-json\/wp\/v2\/media?parent=24141"}],"wp:term":[{"taxonomy":"category","embeddable":true,"href":"https:\/\/www.psib-psoe.org\/mallorca\/wp-json\/wp\/v2\/categories?post=24141"},{"taxonomy":"post_tag","embeddable":true,"href":"https:\/\/www.psib-psoe.org\/mallorca\/wp-json\/wp\/v2\/tags?post=24141"}],"curies":[{"name":"wp","href":"https:\/\/api.w.org\/{rel}","templated":true}]}}