{"id":24147,"date":"2019-11-06T13:15:30","date_gmt":"2019-11-06T11:15:30","guid":{"rendered":"http:\/\/www.psib-psoe.org\/mallorca\/el-psib-psoe-es-compromet-a-tornar-a-apujar-el-salari-minim-i-aprovar-un-nou-estatut-dels-treballadors\/"},"modified":"2019-12-04T13:07:28","modified_gmt":"2019-12-04T11:07:28","slug":"el-psib-psoe-es-compromet-a-tornar-a-apujar-el-salari-minim-i-aprovar-un-nou-estatut-dels-treballadors","status":"publish","type":"post","link":"https:\/\/www.psib-psoe.org\/mallorca\/el-psib-psoe-es-compromet-a-tornar-a-apujar-el-salari-minim-i-aprovar-un-nou-estatut-dels-treballadors\/","title":{"rendered":"El PSIB-PSOE es compromet a tornar a apujar el salari m\u00ednim i aprovar un nou Estatut dels Treballadors"},"content":{"rendered":"<div class=\"row wpb_row row-fluid img_noticia\">\n<div class=\"wpb_column columns small-12 medium-12 thb-dark-column\">\n<div class=\"vc_column-inner  \">\n<div class=\"wpb_wrapper\">\n<div class=\"wpb_single_image wpb_content_element vc_align_center  vc_custom_1573038788204\">\n<figure class=\"wpb_wrapper vc_figure\">\n<div class=\"vc_single_image-wrapper   vc_box_border_grey\"><img loading=\"lazy\" decoding=\"async\" width=\"1000\" height=\"750\" src=\"http:\/\/www.psib-psoe.org\/wp-content\/uploads\/pere-joan-pons-cosme-bonet-susanna-moll-propostes-ocupacio-eleccions-10-novembre.jpg\" class=\"vc_single_image-img attachment-full\" alt=\"\"><\/div>\n<\/figure>\n<\/div>\n<\/div>\n<\/div>\n<\/div>\n<\/div>\n<div class=\"row wpb_row row-fluid intro full-width-row vc_custom_1558336094678\">\n<div class=\"col_izq wpb_column columns small-12 medium-12 thb-dark-column\">\n<div class=\"vc_column-inner  \">\n<div class=\"wpb_wrapper\">\n<div class=\"wpb_text_column wpb_content_element  \">\n<div class=\"wpb_wrapper\">\n<p><em><u>Els joves tamb\u00e9 centren una de les mesures en ocupaci\u00f3 m\u00e9s destacades dels socialistes, amb la posada en marxa d\u2019un Pla de Xoc d\u2019Ocupaci\u00f3 Jove que permeti retenir el talent<\/u><\/em><\/p>\n<\/div>\n<\/div>\n<\/div>\n<\/div>\n<\/div>\n<\/div>\n<div class=\"row wpb_row row-fluid full-width-row\">\n<div class=\"col_izq wpb_column columns small-12 medium-6 thb-dark-column\">\n<div class=\"vc_column-inner  \">\n<div class=\"wpb_wrapper\">\n<div class=\"wpb_text_column wpb_content_element  \">\n<div class=\"wpb_wrapper\">\n<p>Els candidats al Congr\u00e9s dels Diputats, Pere Joan Pons, i al Senat per Mallorca, Cosme Bonet i Susanna Mall, han explicat les principals propostes dels socialistes en l\u2019\u00e0mbit laboral i de l\u2019ocupaci\u00f3 de cara als comicis generals d\u2019aquest diumenge, entre les quals destaquen tornar a apujar el salari m\u00ednim interprofessional, aprovar un nou Estatut dels Treballadors i executar un Pla de Xoc d\u2019Ocupaci\u00f3 Jove.<\/p>\n<p>Tal com ha explicat Pons, la redacci\u00f3 d\u2019un nou Estatut dels Treballadors persegueix l\u2019objectiu de \u201ctornar a la negociaci\u00f3 col\u00b7lectiva i al di\u00e0leg per tal de crear una ocupaci\u00f3 digna, millorar la qualitat dels llocs de feina i retornar la dignitat als treballadors\u201d.<\/p>\n<p>El candidat socialista, en aquest punt, ha parlat de les mesures dutes a terme a les Illes Balears els darrers quatre anys i que ara es volen \u201cexportar\u201d a la resta d\u2019Espanya. En particular, s\u2019ha referit a Pla contra la precarietat laboral, gr\u00e0cies al qual m\u00e9s de 24.000 persones han vist millorades les condicions laborals.<\/p>\n<p>\u201cLes Illes Balears som un model clar d\u2019\u00e8xit\u201d, ha asseverat Pons, qui tamb\u00e9 ha recordat que en quatre anys s\u2019han creat a l\u2019arxip\u00e8lag m\u00e9s de 85.000 llocs de feina, s\u2019han col\u00b7locat els salaris per damunt de la mitjana estatal i s\u2019han signat convenis per millorar els salaris i condicions a l\u2019hostaleria i el comer\u00e7, entre altres mesures.<\/p>\n<p>Enfront d\u2019aquest model, ha explicat Pons, \u201ctrobam el model del PP, amb acomiadaments i retallades, que all\u00f2 que aconsegueix \u00e9s obrir l\u2019escletxa salarial i dificultar que els treballadors puguin arribar a final de mes\u201d.<\/p>\n<\/div>\n<\/div>\n<\/div>\n<\/div>\n<\/div>\n<div class=\"col_dcha wpb_column columns small-12 medium-6 thb-dark-column\">\n<div class=\"vc_column-inner  \">\n<div class=\"wpb_wrapper\">\n<div class=\"wpb_text_column wpb_content_element  \">\n<div class=\"wpb_wrapper\">\n<p>Per la seva banda, el candidat al Senat, Cosme Bonet, ha emfasitzat el comprom\u00eds dels socialistes per tornar a apujar el salari m\u00ednim interprofessional fins a situar-lo en el 60% del salari mitj\u00e0 a final de legislatura per tal \u201cd\u2019apropar-nos a l\u2019est\u00e0ndard europeu\u201d.<\/p>\n<p>\u201cS\u2019ha demostrat que la pujada del salari m\u00ednim a 900\u20ac no va enfonsar l\u2019economia espanyola, tal com va anunciar la dreta\u201d, ha exposat Bonet, \u201csin\u00f3 que ha perm\u00e8s una millora en els salaris de milers de treballadors\u201d.<\/p>\n<p>Aix\u00ed mateix, Bonet ha criticat el model laboral del PP perqu\u00e8 \u201crepresenta un retroc\u00e9s en els drets dels treballadors\u201d i ha recordat com \u201cels socis de la dreta\u201d pretenen suprimir dl dret a vaga o substituir els convenis col\u00b7lectius per pactes interpersonals, cosa que provocaria que la negociaci\u00f3 col\u00b7lectiva \u201cperdi for\u00e7a\u201d.<\/p>\n<p>La tercera mesura destacada t\u00e9 els joves com a principals destinataris, col\u00b7lectiu \u201cperjudicat especialment per la dreta\u201d, tal com ha asseverat la candidata al Senat Susanna Moll.<\/p>\n<p>Es tracta de la posada en marxa d\u2019un Pla de Xoc d\u2019Ocupaci\u00f3 Jove que permeti la retenci\u00f3 de talent i eviti que els joves hagin de sortir a fora per trobar una feina digna o que no es puguin dedicar professionalment en la mat\u00e8ria en la qual s\u2019han format.<\/p>\n<p>Per tot aix\u00f2, els tres candidats han demanat el vot per al Partit Socialista aquest diumenge, per vetllar pels drets dels treballadors i treballadores del pa\u00eds.<\/p>\n<\/div>\n<\/div>\n<\/div>\n<\/div>\n<\/div>\n<\/div>\n<p>Source: Federaci\u00f3 de Mallorca &#8211; Portada FSM<\/p>\n","protected":false},"excerpt":{"rendered":"<p>Els joves tamb\u00e9 centren una de les mesures en ocupaci\u00f3 m\u00e9s destacades dels socialistes, amb la posada en marxa d\u2019un Pla de Xoc d\u2019Ocupaci\u00f3 Jove que permeti retenir el talent Els candidats al Congr\u00e9s dels Diputats, Pere Joan Pons, i al Senat per Mallorca, Cosme Bonet i Susanna Mall, han explicat les principals propostes dels&hellip;<\/p>\n","protected":false},"author":1,"featured_media":24148,"comment_status":"closed","ping_status":"open","sticky":false,"template":"","format":"standard","meta":{"footnotes":""},"categories":[2],"tags":[],"class_list":["post-24147","post","type-post","status-publish","format-standard","has-post-thumbnail","hentry","category-federacio-de-mallorca"],"_links":{"self":[{"href":"https:\/\/www.psib-psoe.org\/mallorca\/wp-json\/wp\/v2\/posts\/24147"}],"collection":[{"href":"https:\/\/www.psib-psoe.org\/mallorca\/wp-json\/wp\/v2\/posts"}],"about":[{"href":"https:\/\/www.psib-psoe.org\/mallorca\/wp-json\/wp\/v2\/types\/post"}],"author":[{"embeddable":true,"href":"https:\/\/www.psib-psoe.org\/mallorca\/wp-json\/wp\/v2\/users\/1"}],"replies":[{"embeddable":true,"href":"https:\/\/www.psib-psoe.org\/mallorca\/wp-json\/wp\/v2\/comments?post=24147"}],"version-history":[{"count":0,"href":"https:\/\/www.psib-psoe.org\/mallorca\/wp-json\/wp\/v2\/posts\/24147\/revisions"}],"wp:featuredmedia":[{"embeddable":true,"href":"https:\/\/www.psib-psoe.org\/mallorca\/wp-json\/wp\/v2\/media\/24148"}],"wp:attachment":[{"href":"https:\/\/www.psib-psoe.org\/mallorca\/wp-json\/wp\/v2\/media?parent=24147"}],"wp:term":[{"taxonomy":"category","embeddable":true,"href":"https:\/\/www.psib-psoe.org\/mallorca\/wp-json\/wp\/v2\/categories?post=24147"},{"taxonomy":"post_tag","embeddable":true,"href":"https:\/\/www.psib-psoe.org\/mallorca\/wp-json\/wp\/v2\/tags?post=24147"}],"curies":[{"name":"wp","href":"https:\/\/api.w.org\/{rel}","templated":true}]}}