{"id":24150,"date":"2019-11-06T23:10:09","date_gmt":"2019-11-06T21:10:09","guid":{"rendered":"http:\/\/www.psib-psoe.org\/mallorca\/armengol-apella-a-votar-amb-el-cor-i-amb-el-cap-el-10-de-novembre-per-fer-possible-un-govern-serios-i-responsable\/"},"modified":"2020-01-08T14:25:12","modified_gmt":"2020-01-08T12:25:12","slug":"armengol-apella-a-votar-amb-el-cor-i-amb-el-cap-el-10-de-novembre-per-fer-possible-un-govern-serios-i-responsable","status":"publish","type":"post","link":"https:\/\/www.psib-psoe.org\/mallorca\/armengol-apella-a-votar-amb-el-cor-i-amb-el-cap-el-10-de-novembre-per-fer-possible-un-govern-serios-i-responsable\/","title":{"rendered":"Armengol apel\u00b7la a \u201cvotar amb el cor i amb el cap\u201d el 10 de novembre per fer possible un \u201cgovern seri\u00f3s i responsable\u201d"},"content":{"rendered":"<div class=\"row wpb_row row-fluid img_noticia\">\n<div class=\"wpb_column columns small-12 medium-12 thb-dark-column\">\n<div class=\"vc_column-inner  \">\n<div class=\"wpb_wrapper\">\n<div class=\"wpb_single_image wpb_content_element vc_align_center  vc_custom_1573074414262\">\n<figure class=\"wpb_wrapper vc_figure\">\n<div class=\"vc_single_image-wrapper   vc_box_border_grey\"><img loading=\"lazy\" decoding=\"async\" width=\"1000\" height=\"750\" src=\"http:\/\/www.psib-psoe.org\/wp-content\/uploads\/armengol-cladera-garrido-pons-moll-bonet-hinojosa-manacor-novembre-2019.jpg\" class=\"vc_single_image-img attachment-full\" alt=\"\"><\/div>\n<\/figure>\n<\/div>\n<\/div>\n<\/div>\n<\/div>\n<\/div>\n<div class=\"row wpb_row row-fluid intro full-width-row vc_custom_1558336094678\">\n<div class=\"col_izq wpb_column columns small-12 medium-12 thb-dark-column\">\n<div class=\"vc_column-inner  \">\n<div class=\"wpb_wrapper\">\n<div class=\"wpb_text_column wpb_content_element  \">\n<div class=\"wpb_wrapper\">\n<p><em><u>La secret\u00e0ria general del PSIB-PSOE ha fet costat als candidats al Congr\u00e9s i el Senat per Mallorca en un acte a Manacor amb m\u00e9s de 150 persones<\/u><\/em><\/p>\n<\/div>\n<\/div>\n<\/div>\n<\/div>\n<\/div>\n<\/div>\n<div class=\"row wpb_row row-fluid full-width-row\">\n<div class=\"col_izq wpb_column columns small-12 medium-6 thb-dark-column\">\n<div class=\"vc_column-inner  \">\n<div class=\"wpb_wrapper\">\n<div class=\"wpb_text_column wpb_content_element  \">\n<div class=\"wpb_wrapper\">\n<p>Els Socialistes de les Illes Balears continuen la seva ruta pels municipis de les illes en aquesta campanya electoral amb un acte a Manacor amb m\u00e9s de 150 persones en el qual han demanat una mobilitzaci\u00f3 \u201cfins al darrer minut\u201d per \u201ctornar a fer hist\u00f2ria el 10 de novembre\u201d i possibilitar un Govern socialista que continu\u00ef amb les pol\u00edtiques de progr\u00e9s iniciades els darrers 15 mesos.<\/p>\n<p>\u00c9s el que ha demanat el candidat del PSIB-PSOE al Congr\u00e9s dels Diputats, Pere Joan Pons, qui ha recordat que \u201caquests vots es tradueixen en pol\u00edtiques per a la gent, com ja hem demostrat\u201d, en refer\u00e8ncia a mesures com \u201cla pujada del salari m\u00ednim, el retorn de la sanitat universal, la millora dels salaris i de l\u2019economia\u201d. \u201cEns presentam per defensar uns valors i transformar aquesta societat a millor\u201d, ha recordat el candidat socialista.<\/p>\n<p>La secret\u00e0ria general del PSIB-PSOE, Francina Armengol, no s\u2019ha volgut perdre l\u2019acte, en el qual ha demanat \u201cvotar amb el cor, per\u00f2 tamb\u00e9 amb el cap\u201d per tenir, com m\u00e9s aviat millor, un govern \u201cseri\u00f3s i responsable\u201d a Espanya.<\/p>\n<p>\u201cLes eleccions de diumenge s\u00f3n clau per a la nostra generaci\u00f3, per\u00f2 especialment pels que vendran despr\u00e9s\u201d, ha emfasitzat Armengol, en refer\u00e8ncia a la lluita contra el canvi clim\u00e0tic, un dels principals compromisos socialistes en el que \u201cno hi creu gens la dreta\u201d, ha insistit la socialista.<\/p>\n<\/div>\n<\/div>\n<\/div>\n<\/div>\n<\/div>\n<div class=\"col_dcha wpb_column columns small-12 medium-6 thb-dark-column\">\n<div class=\"vc_column-inner  \">\n<div class=\"wpb_wrapper\">\n<div class=\"wpb_text_column wpb_content_element  \">\n<div class=\"wpb_wrapper\">\n<p>Per la seva banda, el candidat al Senat per Mallorca, Cosme Bonet, ha recordat que \u201ctotes les cartes estan damunt la taula\u201d i que no \u201chi haur\u00e0 sorpreses\u201d, en refer\u00e8ncia als pactes de les tres dretes el 10 de novembre si sumen. \u201cEl PP espera governar amb la ultradreta\u201d, ha asseverat. Per aix\u00f2, el socialista ha apel\u00b7lat a la milit\u00e0ncia i la seva capacitat de mobilitzaci\u00f3 per \u201caturar les dretes que neguen la viol\u00e8ncia masclista i persegueixen a qui pensa diferent\u201d.<\/p>\n<p>La tamb\u00e9 candidata al Senat per Mallorca, Susanna Moll, ha demanat el vot per al Partit Socialista perqu\u00e8 \u00e9s \u201cel partit de les persones\u201d, alhora que ha aprofitat per donar les gr\u00e0cies a la milit\u00e0ncia per la \u201cimpressionant\u201d mobilitzaci\u00f3 realitzada. &nbsp;\u201cEstam per tot arreu: en els barris, en les fires, en els mercats\u2026\u201d i ha demanat un \u201cdarrer esfor\u00e7\u201d per aturar \u201cla dreta que blanqueja el feixisme\u201d.<\/p>\n<p>L\u2019acte l\u2019ha presentat la secret\u00e0ria general dels Socialistes de Manacor, N\u00faria Hinojosa, qui tamb\u00e9 ha demanat \u201cmolta mobilitzaci\u00f3\u201d enfront d\u2019una cita \u201cineludible en la qual ens jugam tant\u00edssimes coses\u201d.<\/p>\n<\/div>\n<\/div>\n<\/div>\n<\/div>\n<\/div>\n<\/div>\n<p>Source: Federaci\u00f3 de Mallorca &#8211; Portada FSM<\/p>\n","protected":false},"excerpt":{"rendered":"<p>La secret\u00e0ria general del PSIB-PSOE ha fet costat als candidats al Congr\u00e9s i el Senat per Mallorca en un acte a Manacor amb m\u00e9s de 150 persones Els Socialistes de les Illes Balears continuen la seva ruta pels municipis de les illes en aquesta campanya electoral amb un acte a Manacor amb m\u00e9s de 150&hellip;<\/p>\n","protected":false},"author":1,"featured_media":24151,"comment_status":"closed","ping_status":"open","sticky":false,"template":"","format":"standard","meta":{"footnotes":""},"categories":[2,90],"tags":[],"class_list":["post-24150","post","type-post","status-publish","format-standard","has-post-thumbnail","hentry","category-federacio-de-mallorca","category-municipis"],"_links":{"self":[{"href":"https:\/\/www.psib-psoe.org\/mallorca\/wp-json\/wp\/v2\/posts\/24150"}],"collection":[{"href":"https:\/\/www.psib-psoe.org\/mallorca\/wp-json\/wp\/v2\/posts"}],"about":[{"href":"https:\/\/www.psib-psoe.org\/mallorca\/wp-json\/wp\/v2\/types\/post"}],"author":[{"embeddable":true,"href":"https:\/\/www.psib-psoe.org\/mallorca\/wp-json\/wp\/v2\/users\/1"}],"replies":[{"embeddable":true,"href":"https:\/\/www.psib-psoe.org\/mallorca\/wp-json\/wp\/v2\/comments?post=24150"}],"version-history":[{"count":0,"href":"https:\/\/www.psib-psoe.org\/mallorca\/wp-json\/wp\/v2\/posts\/24150\/revisions"}],"wp:featuredmedia":[{"embeddable":true,"href":"https:\/\/www.psib-psoe.org\/mallorca\/wp-json\/wp\/v2\/media\/24151"}],"wp:attachment":[{"href":"https:\/\/www.psib-psoe.org\/mallorca\/wp-json\/wp\/v2\/media?parent=24150"}],"wp:term":[{"taxonomy":"category","embeddable":true,"href":"https:\/\/www.psib-psoe.org\/mallorca\/wp-json\/wp\/v2\/categories?post=24150"},{"taxonomy":"post_tag","embeddable":true,"href":"https:\/\/www.psib-psoe.org\/mallorca\/wp-json\/wp\/v2\/tags?post=24150"}],"curies":[{"name":"wp","href":"https:\/\/api.w.org\/{rel}","templated":true}]}}