{"id":24153,"date":"2019-11-07T14:14:31","date_gmt":"2019-11-07T12:14:31","guid":{"rendered":"http:\/\/www.psib-psoe.org\/mallorca\/el-psib-psoe-es-compromet-amb-una-llei-de-canvi-climatic-i-una-llei-de-plastics-dun-sol-us-dambit-estatal-per-assolir-lobjectiu-zero-residus-el-2050\/"},"modified":"2019-12-04T13:04:03","modified_gmt":"2019-12-04T11:04:03","slug":"el-psib-psoe-es-compromet-amb-una-llei-de-canvi-climatic-i-una-llei-de-plastics-dun-sol-us-dambit-estatal-per-assolir-lobjectiu-zero-residus-el-2050","status":"publish","type":"post","link":"https:\/\/www.psib-psoe.org\/mallorca\/el-psib-psoe-es-compromet-amb-una-llei-de-canvi-climatic-i-una-llei-de-plastics-dun-sol-us-dambit-estatal-per-assolir-lobjectiu-zero-residus-el-2050\/","title":{"rendered":"El PSIB-PSOE es compromet amb una llei de canvi clim\u00e0tic i una llei de pl\u00e0stics d\u2019un sol \u00fas d\u2019\u00e0mbit estatal per assolir l\u2019objectiu \u201czero residus\u201d el 2050"},"content":{"rendered":"<div class=\"row wpb_row row-fluid img_noticia\">\n<div class=\"wpb_column columns small-12 medium-12 thb-dark-column\">\n<div class=\"vc_column-inner  \">\n<div class=\"wpb_wrapper\">\n<div class=\"wpb_single_image wpb_content_element vc_align_center  vc_custom_1573128730109\">\n<figure class=\"wpb_wrapper vc_figure\">\n<div class=\"vc_single_image-wrapper   vc_box_border_grey\"><img loading=\"lazy\" decoding=\"async\" width=\"1000\" height=\"750\" src=\"http:\/\/www.psib-psoe.org\/wp-content\/uploads\/propostes-canvi-climatic-1.jpg\" class=\"vc_single_image-img attachment-full\" alt=\"\"><\/div>\n<\/figure>\n<\/div>\n<\/div>\n<\/div>\n<\/div>\n<\/div>\n<div class=\"row wpb_row row-fluid intro full-width-row vc_custom_1558336094678\">\n<div class=\"col_izq wpb_column columns small-12 medium-12 thb-dark-column\">\n<div class=\"vc_column-inner  \">\n<div class=\"wpb_wrapper\">\n<div class=\"wpb_text_column wpb_content_element  \">\n<div class=\"wpb_wrapper\">\n<p><em><u>Les dues propostes prenen com a referent les pol\u00edtiques pioneres engegades a les Illes Balears la passada legislatura i se sumen a la proposta d\u2019implantar zones de baixes emissions en els municipis de m\u00e9s de 50.000 habitants<\/u><\/em><\/p>\n<\/div>\n<\/div>\n<\/div>\n<\/div>\n<\/div>\n<\/div>\n<div class=\"row wpb_row row-fluid full-width-row\">\n<div class=\"col_izq wpb_column columns small-12 medium-6 thb-dark-column\">\n<div class=\"vc_column-inner  \">\n<div class=\"wpb_wrapper\">\n<div class=\"wpb_text_column wpb_content_element  \">\n<div class=\"wpb_wrapper\">\n<p>Els candidats al Senat per Mallorca, Cosme Bonet i Susanna Moll, han explicat les principals propostes socialistes en mat\u00e8ria de canvi clim\u00e0tic per al 10 de novembre, centrades en impulsar dues grans lleis: la llei de lluita de canvi clim\u00e0tic i transici\u00f3 ecol\u00f2gica i la llei per a l\u2019eliminaci\u00f3 dels pl\u00e0stics d\u2019un sol \u00fas per tal d\u2019assolir l\u2019objectiu \u201czero residus\u201d el 2050<\/p>\n<p>La secret\u00e0ria general del PSIB-PSOE i presidenta del Govern de les Illes Balears, Francina Armengol, ha fet costat els dos candidats en la presentaci\u00f3 d\u2019aquestes mesures \u201cvalentes i clares per a l\u2019absolutament necess\u00e0ria\u201d sostenibilitat del planeta.<\/p>\n<p>\u201cEl Partit Socialista t\u00e9 un projecte clar de protecci\u00f3 del medi ambient i de sostenibilitat en termes econ\u00f2mics, socials i ambientals\u201d, ha posat de relleu Armengol, qui tamb\u00e9 ha fet una crida \u201cespecialment a la gent jove i compromesa amb el planeta\u201d perqu\u00e8 diumenge es mobilitzin per fer possible un govern progressista que \u201ctiri endavant amb els projectes que tamb\u00e9 tenim a la Comunitat Aut\u00f2noma amb la Transici\u00f3 Ecol\u00f2gica\u201d.<\/p>\n<p>Armengol tamb\u00e9 ha destacat la celebraci\u00f3 a Espanya de la pr\u00f2xima cimera pel clima. \u201cVolem ser el mirall mundial de les pol\u00edtiques de lluita contra el canvi clim\u00e0tic, i un dels exemples m\u00e9s importants s\u00f3n les Illes Balears\u201d, ha concl\u00f2s.<\/p>\n<\/div>\n<\/div>\n<\/div>\n<\/div>\n<\/div>\n<div class=\"col_dcha wpb_column columns small-12 medium-6 thb-dark-column\">\n<div class=\"vc_column-inner  \">\n<div class=\"wpb_wrapper\">\n<div class=\"wpb_text_column wpb_content_element  \">\n<div class=\"wpb_wrapper\">\n<p>Bonet ha explicat que les lleis de canvi clim\u00e0tic i de residus amb les quals s\u2019han comprom\u00e8s els socialistes s\u00f3n \u201cfites important\u00edssimes\u201d, i ha recordat que prenen com a referent les pol\u00edtiques impulsades pel Govern de les Illes Balears la passada legislatura. \u201cLes Illes Balears lideren la lluita contra el canvi clim\u00e0tic i aquest \u00e9s el model que volem exportar a tot l\u2019Estat\u201d, ha emfasitzat.<\/p>\n<p>El candidat socialista tamb\u00e9 ha avan\u00e7at que l\u2019esborrany de la llei de canvi clim\u00e0tic ja est\u00e0 pr\u00e0cticament enllestit i que tan aviat com es posi en marxa la legislatura se n\u2019iniciar\u00e0 el procediment parlamentari.<\/p>\n<p>Es tracta de dues mesures que \u201cnecessiten governs conven\u00e7uts amb la lluita contra el canvi clim\u00e0tic\u201d, ha exposat Bonet, explicitant de nou el comprom\u00eds del Partit Socialista en aquesta lluita \u201cenfront de les dretes negacionistes\u201d.<\/p>\n<p>Una altra de les mesures destacades \u00e9s la implantaci\u00f3 de zones de baixes emissions en els municipis de m\u00e9s de 50.000 habitants, per a la qual s\u2019impulsarien les modificacions legals necess\u00e0ries, tal com ha anunciat la candidata al Senat, Susanna Moll.<\/p>\n<p>En aquest sentit, Moll ha demanat el vot \u201cdels joves que creuen en un planeta net, dels indecisos que volen que el seu vot serveixi d\u2019alguna cosa i de tots els progressistes que volen sortir del bloqueig per impulsar mesures en la lluita contra el canvi clim\u00e0tic\u201d.<\/p>\n<\/div>\n<\/div>\n<\/div>\n<\/div>\n<\/div>\n<\/div>\n<p>Source: Federaci\u00f3 de Mallorca &#8211; Portada FSM<\/p>\n","protected":false},"excerpt":{"rendered":"<p>Les dues propostes prenen com a referent les pol\u00edtiques pioneres engegades a les Illes Balears la passada legislatura i se sumen a la proposta d\u2019implantar zones de baixes emissions en els municipis de m\u00e9s de 50.000 habitants Els candidats al Senat per Mallorca, Cosme Bonet i Susanna Moll, han explicat les principals propostes socialistes en&hellip;<\/p>\n","protected":false},"author":1,"featured_media":24154,"comment_status":"closed","ping_status":"open","sticky":false,"template":"","format":"standard","meta":{"footnotes":""},"categories":[2],"tags":[],"class_list":["post-24153","post","type-post","status-publish","format-standard","has-post-thumbnail","hentry","category-federacio-de-mallorca"],"_links":{"self":[{"href":"https:\/\/www.psib-psoe.org\/mallorca\/wp-json\/wp\/v2\/posts\/24153"}],"collection":[{"href":"https:\/\/www.psib-psoe.org\/mallorca\/wp-json\/wp\/v2\/posts"}],"about":[{"href":"https:\/\/www.psib-psoe.org\/mallorca\/wp-json\/wp\/v2\/types\/post"}],"author":[{"embeddable":true,"href":"https:\/\/www.psib-psoe.org\/mallorca\/wp-json\/wp\/v2\/users\/1"}],"replies":[{"embeddable":true,"href":"https:\/\/www.psib-psoe.org\/mallorca\/wp-json\/wp\/v2\/comments?post=24153"}],"version-history":[{"count":0,"href":"https:\/\/www.psib-psoe.org\/mallorca\/wp-json\/wp\/v2\/posts\/24153\/revisions"}],"wp:featuredmedia":[{"embeddable":true,"href":"https:\/\/www.psib-psoe.org\/mallorca\/wp-json\/wp\/v2\/media\/24154"}],"wp:attachment":[{"href":"https:\/\/www.psib-psoe.org\/mallorca\/wp-json\/wp\/v2\/media?parent=24153"}],"wp:term":[{"taxonomy":"category","embeddable":true,"href":"https:\/\/www.psib-psoe.org\/mallorca\/wp-json\/wp\/v2\/categories?post=24153"},{"taxonomy":"post_tag","embeddable":true,"href":"https:\/\/www.psib-psoe.org\/mallorca\/wp-json\/wp\/v2\/tags?post=24153"}],"curies":[{"name":"wp","href":"https:\/\/api.w.org\/{rel}","templated":true}]}}