{"id":24156,"date":"2019-11-08T14:51:55","date_gmt":"2019-11-08T12:51:55","guid":{"rendered":"http:\/\/www.psib-psoe.org\/mallorca\/armengol-demana-el-vot-feminista-per-fer-front-als-que-volen-acabar-amb-la-igualtat-i-posen-en-dubte-la-violencia-masclista\/"},"modified":"2019-12-04T13:03:25","modified_gmt":"2019-12-04T11:03:25","slug":"armengol-demana-el-vot-feminista-per-fer-front-als-que-volen-acabar-amb-la-igualtat-i-posen-en-dubte-la-violencia-masclista","status":"publish","type":"post","link":"https:\/\/www.psib-psoe.org\/mallorca\/armengol-demana-el-vot-feminista-per-fer-front-als-que-volen-acabar-amb-la-igualtat-i-posen-en-dubte-la-violencia-masclista\/","title":{"rendered":"Armengol demana \u201cel vot feminista\u201d per fer front \u201cals que volen acabar amb la igualtat i posen en dubte la viol\u00e8ncia masclista\u201d"},"content":{"rendered":"<div class=\"row wpb_row row-fluid img_noticia\">\n<div class=\"wpb_column columns small-12 medium-12 thb-dark-column\">\n<div class=\"vc_column-inner  \">\n<div class=\"wpb_wrapper\">\n<div class=\"wpb_single_image wpb_content_element vc_align_center  vc_custom_1573217315506\">\n<figure class=\"wpb_wrapper vc_figure\">\n<div class=\"vc_single_image-wrapper   vc_box_border_grey\"><img loading=\"lazy\" decoding=\"async\" width=\"1000\" height=\"750\" src=\"http:\/\/www.psib-psoe.org\/wp-content\/uploads\/trobada-dones-eleccions-10-novembre.jpg\" class=\"vc_single_image-img attachment-full\" alt=\"\"><\/div>\n<\/figure>\n<\/div>\n<\/div>\n<\/div>\n<\/div>\n<\/div>\n<div class=\"row wpb_row row-fluid intro full-width-row vc_custom_1558336094678\">\n<div class=\"col_izq wpb_column columns small-12 medium-12 thb-dark-column\">\n<div class=\"vc_column-inner  \">\n<div class=\"wpb_wrapper\">\n<div class=\"wpb_text_column wpb_content_element  \">\n<div class=\"wpb_wrapper\">\n<p><em><u>El Candidat al Congr\u00e9s dels Diputats i la secret\u00e0ria general han explicat les propostes en Igualtat en una trobada amb dones del partit<\/u><\/em><\/p>\n<\/div>\n<\/div>\n<\/div>\n<\/div>\n<\/div>\n<\/div>\n<div class=\"row wpb_row row-fluid full-width-row\">\n<div class=\"col_izq wpb_column columns small-12 medium-6 thb-dark-column\">\n<div class=\"vc_column-inner  \">\n<div class=\"wpb_wrapper\">\n<div class=\"wpb_text_column wpb_content_element  \">\n<div class=\"wpb_wrapper\">\n<p>Els Socialistes de les Illes Balears han explicat les propostes de la formaci\u00f3 en mat\u00e8ria d\u2019Igualtat per al 10 de novembre en una trobada amb dones del partit i a la qual tamb\u00e9 ha assistit la secret\u00e0ria general del PSIB-PSOE, Francina Armengol, qui ha demanat \u201cel vot feminista\u201d per plantar cara \u201ca tots els que volen acabar amb les lleis d\u2019Igualtat i que posen en dubte la viol\u00e8ncia masclista que tant de mal fa a la nostra societat\u201d.<\/p>\n<p>La tamb\u00e9 presidenta del Govern ha insistit en qu\u00e8 aquestes eleccions s\u00f3n \u201cclau per a les dones\u201d perqu\u00e8 est\u00e0 en joc seguir avan\u00e7ant en igualtat, motiu pel qual ha qualificat \u201cd\u2019absolutament necessari\u201d votar el Partit Socialista diumenge.<\/p>\n<p>Armengol ha recordat que el Partit Socialista \u00e9s \u201cel partit de la Igualtat\u201d i que aix\u00ed ho demostren els fets, emfasitzant el fet que \u201cels aven\u00e7os en mat\u00e8ria d\u2019igualtat tenen llinatge socialista\u201d, com per exemple la llei d\u2019Igualtat, el Pacte contra les viol\u00e8ncies masclistes, el programa SOIB Dona o l\u2019impuls de la coeducaci\u00f3.<\/p>\n<p>No obstant aix\u00f2, la socialista ha dit que encara queda molt per fer i que \u201cno permetrem ni una passa enrere\u201d a la vegada que ha refermat el comprom\u00eds dels socialistes per \u201cseguir treballant amb for\u00e7a i amb els moviments feministes per aconseguir una igualtat real entre homes i dones\u201d.<\/p>\n<\/div>\n<\/div>\n<\/div>\n<\/div>\n<\/div>\n<div class=\"col_dcha wpb_column columns small-12 medium-6 thb-dark-column\">\n<div class=\"vc_column-inner  \">\n<div class=\"wpb_wrapper\">\n<div class=\"wpb_text_column wpb_content_element  \">\n<div class=\"wpb_wrapper\">\n<p>\u201cNecessitam legislar a nivell estatal perqu\u00e8 totes les dones puguem viure lliures i en igualtat de condicions\u201d, ha asseverat Armengol, qui ha anunciat que el plantejament dels socialistes tamb\u00e9 passa per duplicar l\u2019aportaci\u00f3 als ajuntaments per a la lluita contra la viol\u00e8ncia de g\u00e8nere.<\/p>\n<p>Entre les mesures d\u2019\u00e0mbit estatal que el Partit Socialista ha comprom\u00e8s de cara al 10 de novembre es troben&nbsp; una llei d\u2019usos del temps per impulsar la corresponsabilitat i la conciliaci\u00f3 i una llei d\u2019Igualtat Laboral.<\/p>\n<p>Es tracta de dues mesures \u201cfonamentals\u201d per aconseguir una \u201cvida m\u00e9s igualit\u00e0ria\u201d, tal com ha exposat el candidat al Congr\u00e9s dels Diputats, Pere Joan Pons, qui tamb\u00e9 ha fet una crida \u201ca la mobilitzaci\u00f3 especialment de les dones\u201d perqu\u00e8 aquestes \u201cs\u00f3n les seves eleccions\u201d. \u201c\u00c9s extremadament necessari que les dones vagin a votar diumenge\u201d, ha concl\u00f2s contundent Pons.<\/p>\n<\/div>\n<\/div>\n<\/div>\n<\/div>\n<\/div>\n<\/div>\n<p>Source: Federaci\u00f3 de Mallorca &#8211; Portada FSM<\/p>\n","protected":false},"excerpt":{"rendered":"<p>El Candidat al Congr\u00e9s dels Diputats i la secret\u00e0ria general han explicat les propostes en Igualtat en una trobada amb dones del partit Els Socialistes de les Illes Balears han explicat les propostes de la formaci\u00f3 en mat\u00e8ria d\u2019Igualtat per al 10 de novembre en una trobada amb dones del partit i a la qual&hellip;<\/p>\n","protected":false},"author":1,"featured_media":24157,"comment_status":"closed","ping_status":"open","sticky":false,"template":"","format":"standard","meta":{"footnotes":""},"categories":[2],"tags":[],"class_list":["post-24156","post","type-post","status-publish","format-standard","has-post-thumbnail","hentry","category-federacio-de-mallorca"],"_links":{"self":[{"href":"https:\/\/www.psib-psoe.org\/mallorca\/wp-json\/wp\/v2\/posts\/24156"}],"collection":[{"href":"https:\/\/www.psib-psoe.org\/mallorca\/wp-json\/wp\/v2\/posts"}],"about":[{"href":"https:\/\/www.psib-psoe.org\/mallorca\/wp-json\/wp\/v2\/types\/post"}],"author":[{"embeddable":true,"href":"https:\/\/www.psib-psoe.org\/mallorca\/wp-json\/wp\/v2\/users\/1"}],"replies":[{"embeddable":true,"href":"https:\/\/www.psib-psoe.org\/mallorca\/wp-json\/wp\/v2\/comments?post=24156"}],"version-history":[{"count":0,"href":"https:\/\/www.psib-psoe.org\/mallorca\/wp-json\/wp\/v2\/posts\/24156\/revisions"}],"wp:featuredmedia":[{"embeddable":true,"href":"https:\/\/www.psib-psoe.org\/mallorca\/wp-json\/wp\/v2\/media\/24157"}],"wp:attachment":[{"href":"https:\/\/www.psib-psoe.org\/mallorca\/wp-json\/wp\/v2\/media?parent=24156"}],"wp:term":[{"taxonomy":"category","embeddable":true,"href":"https:\/\/www.psib-psoe.org\/mallorca\/wp-json\/wp\/v2\/categories?post=24156"},{"taxonomy":"post_tag","embeddable":true,"href":"https:\/\/www.psib-psoe.org\/mallorca\/wp-json\/wp\/v2\/tags?post=24156"}],"curies":[{"name":"wp","href":"https:\/\/api.w.org\/{rel}","templated":true}]}}