{"id":24160,"date":"2019-11-13T12:28:28","date_gmt":"2019-11-13T10:28:28","guid":{"rendered":"http:\/\/www.psib-psoe.org\/mallorca\/?p=24160"},"modified":"2020-01-08T14:22:50","modified_gmt":"2020-01-08T12:22:50","slug":"aprovada-la-mocio-socialista-perque-lajuntament-de-lloret-subvencioni-el-transport-als-alumnes-densenyaments-no-obligatoris-i-universitaris","status":"publish","type":"post","link":"https:\/\/www.psib-psoe.org\/mallorca\/aprovada-la-mocio-socialista-perque-lajuntament-de-lloret-subvencioni-el-transport-als-alumnes-densenyaments-no-obligatoris-i-universitaris\/","title":{"rendered":"Aprovada la moci\u00f3 socialista perqu\u00e8 l\u2019Ajuntament de Lloret subvencioni el transport als alumnes d\u2019ensenyaments no obligatoris i universitaris"},"content":{"rendered":"<div class=\"wpb-content-wrapper\">[vc_row el_class=&#8221;img_noticia&#8221;][vc_column][vc_single_image image=&#8221;24161&#8243; img_size=&#8221;full&#8221;][\/vc_column][\/vc_row][vc_row el_class=&#8221;intro&#8221;][vc_column][vc_column_text]<em><u>La iniciativa t\u00e9 l\u2019objectiu de \u201cfacilitar que els joves lloritans i lloritanes es puguin seguir formant sense que aix\u00f2 suposi un sobrecost per a les fam\u00edlies\u201d<\/u><\/em>[\/vc_column_text][\/vc_column][\/vc_row][vc_row][vc_column width=&#8221;1\/2&#8243;][vc_column_text]El plenari de l\u2019Ajuntament de Lloret de Vistalegre ha aprovat una moci\u00f3 presentada pel Grup Municipal Socialista perqu\u00e8 el consistori subvencioni el transport als alumnes empadronats al municipi que cursen estudis no obligatoris o universitaris.<\/p>\n<p>Aquesta iniciativa t\u00e9 l\u2019objectiu de \u201cfacilitar que els joves lloritans i lloritanes es puguin seguir formant sense que aix\u00f2 suposi un sobrecost per a les fam\u00edlies\u201d, tal com han apuntat els socialistes, recordant que els alumnes, majorit\u00e0riament, s\u2019ha de despla\u00e7ar fins a l\u2019IES Sineu per cursar els estudis no obligatoris i fins a Palma per cursar-ne els universitaris.[\/vc_column_text][\/vc_column][vc_column width=&#8221;1\/2&#8243;][vc_column_text]D\u2019aquesta manera, els alumnes empadronats en el municipi i que n\u2019han de sortir per poder cursar els estudis no obligatoris i universitaris, no es veuran en \u201cdesavantatge en mat\u00e8ria de transport\u201d.<\/p>\n<p>Mitjan\u00e7ant aquesta moci\u00f3, l\u2019Ajuntament de Lloret de Vistalegre s\u2019ha comprom\u00e8s a iniciar la tramitaci\u00f3 d\u2019aquesta ajuda durant el present curs acad\u00e8mic, que aquesta s\u2019estengui durant els seg\u00fcents anys acad\u00e8mics i que la subvenci\u00f3 s\u2019inclogui en els pressupostos municipals.[\/vc_column_text][\/vc_column][\/vc_row]\n<\/div>","protected":false},"excerpt":{"rendered":"<p>[vc_row el_class=&#8221;img_noticia&#8221;][vc_column][vc_single_image image=&#8221;24161&#8243; img_size=&#8221;full&#8221;][\/vc_column][\/vc_row][vc_row el_class=&#8221;intro&#8221;][vc_column][vc_column_text]La iniciativa t\u00e9 l\u2019objectiu de \u201cfacilitar que els joves lloritans i lloritanes es puguin seguir formant sense que aix\u00f2 suposi un sobrecost per a les fam\u00edlies\u201d[\/vc_column_text][\/vc_column][\/vc_row][vc_row][vc_column width=&#8221;1\/2&#8243;][vc_column_text]El plenari de l\u2019Ajuntament de Lloret de Vistalegre ha aprovat una moci\u00f3 presentada pel Grup Municipal Socialista perqu\u00e8 el consistori subvencioni el transport als alumnes&hellip;<\/p>\n","protected":false},"author":3,"featured_media":24161,"comment_status":"open","ping_status":"open","sticky":false,"template":"","format":"standard","meta":{"footnotes":""},"categories":[90],"tags":[77,78,76,80,79,81],"class_list":["post-24160","post","type-post","status-publish","format-standard","has-post-thumbnail","hentry","category-municipis","tag-federacio-socialista-de-mallorca","tag-fsm","tag-lloret-de-vistalegre","tag-socialistes-de-lloret","tag-socialistes-de-mallorca","tag-xisco-arrom"],"_links":{"self":[{"href":"https:\/\/www.psib-psoe.org\/mallorca\/wp-json\/wp\/v2\/posts\/24160"}],"collection":[{"href":"https:\/\/www.psib-psoe.org\/mallorca\/wp-json\/wp\/v2\/posts"}],"about":[{"href":"https:\/\/www.psib-psoe.org\/mallorca\/wp-json\/wp\/v2\/types\/post"}],"author":[{"embeddable":true,"href":"https:\/\/www.psib-psoe.org\/mallorca\/wp-json\/wp\/v2\/users\/3"}],"replies":[{"embeddable":true,"href":"https:\/\/www.psib-psoe.org\/mallorca\/wp-json\/wp\/v2\/comments?post=24160"}],"version-history":[{"count":0,"href":"https:\/\/www.psib-psoe.org\/mallorca\/wp-json\/wp\/v2\/posts\/24160\/revisions"}],"wp:featuredmedia":[{"embeddable":true,"href":"https:\/\/www.psib-psoe.org\/mallorca\/wp-json\/wp\/v2\/media\/24161"}],"wp:attachment":[{"href":"https:\/\/www.psib-psoe.org\/mallorca\/wp-json\/wp\/v2\/media?parent=24160"}],"wp:term":[{"taxonomy":"category","embeddable":true,"href":"https:\/\/www.psib-psoe.org\/mallorca\/wp-json\/wp\/v2\/categories?post=24160"},{"taxonomy":"post_tag","embeddable":true,"href":"https:\/\/www.psib-psoe.org\/mallorca\/wp-json\/wp\/v2\/tags?post=24160"}],"curies":[{"name":"wp","href":"https:\/\/api.w.org\/{rel}","templated":true}]}}