{"id":24170,"date":"2019-11-05T12:58:37","date_gmt":"2019-11-05T10:58:37","guid":{"rendered":"http:\/\/www.psib-psoe.org\/mallorca\/el-psib-psoe-proposa-una-nova-llei-educativa-arribar-al-5-del-pib-en-inversio-per-a-educacio-i-fer-gratuita-letapa-de-0-a-3-anys\/"},"modified":"2019-12-04T13:08:04","modified_gmt":"2019-12-04T11:08:04","slug":"el-psib-psoe-proposa-una-nova-llei-educativa-arribar-al-5-del-pib-en-inversio-per-a-educacio-i-fer-gratuita-letapa-de-0-a-3-anys","status":"publish","type":"post","link":"https:\/\/www.psib-psoe.org\/mallorca\/el-psib-psoe-proposa-una-nova-llei-educativa-arribar-al-5-del-pib-en-inversio-per-a-educacio-i-fer-gratuita-letapa-de-0-a-3-anys\/","title":{"rendered":"El PSIB-PSOE proposa una nova Llei Educativa, arribar al 5% del PIB en inversi\u00f3 per a educaci\u00f3 i fer gratu\u00efta l\u2019etapa de 0 a 3 anys"},"content":{"rendered":"<div class=\"row wpb_row row-fluid img_noticia\">\n<div class=\"wpb_column columns small-12 medium-12 thb-dark-column\">\n<div class=\"vc_column-inner  \">\n<div class=\"wpb_wrapper\">\n<div class=\"wpb_single_image wpb_content_element vc_align_center  vc_custom_1572951426857\">\n<figure class=\"wpb_wrapper vc_figure\">\n<div class=\"vc_single_image-wrapper   vc_box_border_grey\"><img loading=\"lazy\" decoding=\"async\" width=\"1000\" height=\"750\" src=\"http:\/\/www.psib-psoe.org\/wp-content\/uploads\/pj-cb-i-sm-educaci\u00f3.jpg\" class=\"vc_single_image-img attachment-full\" alt=\"\" \/><\/div>\n<\/figure><\/div>\n<\/div>\n<\/div>\n<\/div>\n<\/div>\n<div class=\"row wpb_row row-fluid intro full-width-row vc_custom_1558336094678\">\n<div class=\"col_izq wpb_column columns small-12 medium-12 thb-dark-column\">\n<div class=\"vc_column-inner  \">\n<div class=\"wpb_wrapper\">\n<div class=\"wpb_text_column wpb_content_element  \">\n<div class=\"wpb_wrapper\">\n<p><em><u>Pere Joan Pons ha defensat aquesta nova llei, que suposaria acabar amb l\u2019actual LOMCE, perqu\u00e8 \u201cdes de Balears hem demostrat que sabem treballar des del consens, el di\u00e0leg i el pacte amb la comunitat educativa<\/u><\/em><\/p>\n<\/p><\/div><\/div>\n<\/div>\n<\/div>\n<\/div>\n<\/div>\n<div class=\"row wpb_row row-fluid full-width-row\">\n<div class=\"col_izq wpb_column columns small-12 medium-6 thb-dark-column\">\n<div class=\"vc_column-inner  \">\n<div class=\"wpb_wrapper\">\n<div class=\"wpb_text_column wpb_content_element  \">\n<div class=\"wpb_wrapper\">\n<p>El PSIB-PSOE ha explicat les seves propostes en mat\u00e8ria d\u2019educaci\u00f3, incloses en una s\u00e8rie de motxilles que ha exhibit cada candidat a les Corts Generals amb una iniciativa concreta a cada una d\u2019elles.<\/p>\n<p>En el cas del candidat al Congr\u00e9s, Pere Joan Pons, ha defensat que \u201cl\u2019experi\u00e8ncia de Balears ens mostra que sabem treballar des del consens, el di\u00e0leg i el pacte\u201d, per la qual cosa ha apostat per \u201ctornar al pacte educatiu, del qual ha de sortir una nova Llei d\u2019Educaci\u00f3 que garanteixi l\u2019excel\u00b7l\u00e8ncia educativa, el fi de la segregaci\u00f3, una millor qualitat en l\u2019educaci\u00f3 p\u00fablica i la igualtat d\u2019oportunitats\u201d.<\/p>\n<p>Per al candidat socialista, \u201caquesta llei ha de ser priorit\u00e0ria la pr\u00f2xima legislatura, en un marc de consens i de di\u00e0leg amb la comunitat educativa que a Balears ja hem constru\u00eft\u201d.<\/p>\n<p>Segons Pons, aix\u00f2 demostra que per a les eleccions de diumenge \u201ctriam entre avan\u00e7ar cap a un model progressista, que arriba als 1.000 milions d\u2019euros de pressupost per a educaci\u00f3, que contracta professors i que abaixa les r\u00e0tios a les aules, o un de retroc\u00e9s, que retalla i que treu 100.000 persones al carrer contra el seu model educatiu, com va passar amb l\u2019anterior Govern del PP amb el seu expresident que ara est\u00e0 a les files de Ciutadans\u201d.<\/p>\n<p>Per fer tot aix\u00f2 possible, el candidat per Mallorca al Senat, Cosme Bonet, ha defensat que \u201c\u00e9s important que l\u2019educaci\u00f3 estigui ben finan\u00e7ada, perqu\u00e8 \u00e9s una eina b\u00e0sica per lluitar contra les desigualtats, la xenof\u00f2bia, el racisme o la viol\u00e8ncia masclista\u201d.<\/p>\n<p>En aquest sentit, ha proposat \u201caugmentar la inversi\u00f3 en educaci\u00f3 fins el 5% del PIB\u201d, la qual cosa s\u2019hauria d\u2019aconseguir \u201cde forma progressiva cap a l\u2019any 2025\u201d. Un increment de recursos importants que, tal com ha avan\u00e7at Bonet, \u201crevertiria a les comunitats aut\u00f2nomes perqu\u00e8 som les competents en mat\u00e8ria d\u2019educaci\u00f3\u201d.<\/p>\n<\/p><\/div><\/div>\n<\/div>\n<\/div>\n<\/div>\n<div class=\"col_dcha wpb_column columns small-12 medium-6 thb-dark-column\">\n<div class=\"vc_column-inner  \">\n<div class=\"wpb_wrapper\">\n<div class=\"wpb_text_column wpb_content_element  \">\n<div class=\"wpb_wrapper\">\n<p>A m\u00e9s a m\u00e9s, el candidat socialista ha argumentat que \u201caquest increment pressupostari permetria tenir millor pol\u00edtica de beques, impulsar la Formaci\u00f3 Professional com estam fent a Balears i treballar per fer gratu\u00efts els llibres de text, les matr\u00edcules o els menjadors en el cas de fam\u00edlies en situaci\u00f3 vulnerable\u201d.<\/p>\n<p>En conseq\u00fc\u00e8ncia, Bonet ha demanat el vot per al Partit Socialista perqu\u00e8, \u201cfront un model que creu en l\u2019educaci\u00f3 p\u00fablica, tenim les dretes abra\u00e7ades a la ultradreta que ja sabem que fan amb l\u2019educaci\u00f3, com a Andalusia, on lluiten contra les beques i no deixen parlar d\u2019igualtat per\u00f2 s\u00ed promouen parlar de ca\u00e7a\u201d.<\/p>\n<p>Finalment, la candidata per Mallorca al Senat, Susanna Moll, ha recordat que \u201cl\u2019educaci\u00f3 p\u00fablica, universal i gratu\u00efta t\u00e9 el segell del Partit Socialista per\u00f2 volem fer una passa m\u00e9s, incorporant l\u2019etapa de 0 a 3 anys\u201d.<\/p>\n<p>Moll ha insistit en qu\u00e8 \u201cva ser un comprom\u00eds dels socialistes per a la campanya auton\u00f2mica per\u00f2 necessita del Govern d\u2019Espanya per desenvolupar-ho, a m\u00e9s de ser una mesura molt important per conciliar i reduir desigualtats\u201d.<\/p>\n<p>\u201cMolts de partits ho proposen per\u00f2 l\u2019\u00fanic que ho pot fer possible \u00e9s el Partit Socialista\u201d ha concl\u00f2s Moll.<\/p>\n<\/p><\/div><\/div>\n<\/div>\n<\/div>\n<\/div>\n<\/div>\n<p>Source: Federaci\u00f3 de Mallorca &#8211; Portada FSM<\/p>\n","protected":false},"excerpt":{"rendered":"<p>Pere Joan Pons ha defensat aquesta nova llei, que suposaria acabar amb l\u2019actual LOMCE, perqu\u00e8 \u201cdes de Balears hem demostrat que sabem treballar des del consens, el di\u00e0leg i el pacte amb la comunitat educativa El PSIB-PSOE ha explicat les seves propostes en mat\u00e8ria d\u2019educaci\u00f3, incloses en una s\u00e8rie de motxilles que ha exhibit cada&hellip;<\/p>\n","protected":false},"author":1,"featured_media":24171,"comment_status":"closed","ping_status":"open","sticky":false,"template":"","format":"standard","meta":{"footnotes":""},"categories":[2],"tags":[],"class_list":["post-24170","post","type-post","status-publish","format-standard","has-post-thumbnail","hentry","category-federacio-de-mallorca"],"_links":{"self":[{"href":"https:\/\/www.psib-psoe.org\/mallorca\/wp-json\/wp\/v2\/posts\/24170"}],"collection":[{"href":"https:\/\/www.psib-psoe.org\/mallorca\/wp-json\/wp\/v2\/posts"}],"about":[{"href":"https:\/\/www.psib-psoe.org\/mallorca\/wp-json\/wp\/v2\/types\/post"}],"author":[{"embeddable":true,"href":"https:\/\/www.psib-psoe.org\/mallorca\/wp-json\/wp\/v2\/users\/1"}],"replies":[{"embeddable":true,"href":"https:\/\/www.psib-psoe.org\/mallorca\/wp-json\/wp\/v2\/comments?post=24170"}],"version-history":[{"count":0,"href":"https:\/\/www.psib-psoe.org\/mallorca\/wp-json\/wp\/v2\/posts\/24170\/revisions"}],"wp:featuredmedia":[{"embeddable":true,"href":"https:\/\/www.psib-psoe.org\/mallorca\/wp-json\/wp\/v2\/media\/24171"}],"wp:attachment":[{"href":"https:\/\/www.psib-psoe.org\/mallorca\/wp-json\/wp\/v2\/media?parent=24170"}],"wp:term":[{"taxonomy":"category","embeddable":true,"href":"https:\/\/www.psib-psoe.org\/mallorca\/wp-json\/wp\/v2\/categories?post=24170"},{"taxonomy":"post_tag","embeddable":true,"href":"https:\/\/www.psib-psoe.org\/mallorca\/wp-json\/wp\/v2\/tags?post=24170"}],"curies":[{"name":"wp","href":"https:\/\/api.w.org\/{rel}","templated":true}]}}