{"id":24399,"date":"2019-04-11T12:45:57","date_gmt":"2019-04-11T10:45:57","guid":{"rendered":"http:\/\/www.psib-psoe.org\/mallorca\/el-psib-psoe-comenca-una-campanya-en-positiu-i-amb-propostes-i-convencuts-que-serem-la-primera-forca-a-les-illes-balears\/"},"modified":"2019-04-11T12:45:57","modified_gmt":"2019-04-11T10:45:57","slug":"el-psib-psoe-comenca-una-campanya-en-positiu-i-amb-propostes-i-convencuts-que-serem-la-primera-forca-a-les-illes-balears","status":"publish","type":"post","link":"https:\/\/www.psib-psoe.org\/mallorca\/el-psib-psoe-comenca-una-campanya-en-positiu-i-amb-propostes-i-convencuts-que-serem-la-primera-forca-a-les-illes-balears\/","title":{"rendered":"El PSIB-PSOE comen\u00e7a una campanya \u201cen positiu i amb propostes\u201d i \u201cconven\u00e7uts que serem la primera for\u00e7a a les Illes Balears\u201d"},"content":{"rendered":"<div class=\"row wpb_row row-fluid img_noticia\">\n<div class=\"wpb_column columns small-12 medium-12 thb-dark-column\">\n<div class=\"vc_column-inner  \">\n<div class=\"wpb_wrapper\">\n<div class=\"wpb_single_image wpb_content_element vc_align_center  vc_custom_1560163672885\">\n<figure class=\"wpb_wrapper vc_figure\">\n<div class=\"vc_single_image-wrapper   vc_box_border_grey\"><img loading=\"lazy\" decoding=\"async\" width=\"1000\" height=\"750\" src=\"http:\/\/www.psib-psoe.org\/wp-content\/uploads\/penjada-cartells-eleccions-generals-2019.jpeg\" class=\"vc_single_image-img attachment-full\" alt=\"\" \/><\/div>\n<\/figure><\/div>\n<\/div>\n<\/div>\n<\/div>\n<\/div>\n<div class=\"row wpb_row row-fluid intro full-width-row vc_custom_1558336094678\">\n<div class=\"col_izq wpb_column columns small-12 medium-12 thb-dark-column\">\n<div class=\"vc_column-inner  \">\n<div class=\"wpb_wrapper\">\n<div class=\"wpb_text_column wpb_content_element  \">\n<div class=\"wpb_wrapper\">\n<p><em><u>Pere Joan Pons i Francina Armengol han destacat \u201cla il\u00b7lusi\u00f3\u201d amb qu\u00e8 els socialistes encaren aquesta campanya, \u201cen positiu i amb propostes\u201d per\u00f2 per a la que demanen \u201cuna gran mobilitzaci\u00f3\u201d perqu\u00e8 \u201cles enquestes no fan guanyar eleccions, sin\u00f3 els vots\u201d<\/u><\/em><\/p>\n<\/p><\/div><\/div>\n<\/div>\n<\/div>\n<\/div>\n<\/div>\n<div class=\"row wpb_row row-fluid full-width-row\">\n<div class=\"col_izq wpb_column columns small-12 medium-6 thb-dark-column\">\n<div class=\"vc_column-inner  \">\n<div class=\"wpb_wrapper\">\n<div class=\"wpb_text_column wpb_content_element  \">\n<div class=\"wpb_wrapper\">\n<p>El PSIB-PSOE ha donat el sus a la campanya electoral amb la tradicional penjada de cartells a la seu de Palma i ho ha fet \u201cconven\u00e7uts que serem la primera for\u00e7a a les Illes Balears\u201d, ha destacat el candidat al Congr\u00e9s dels Diputats Pere Joan Pons, qui tot seguit ha insistit en el fet que \u201cles enquestes no fan guanyar eleccions, sin\u00f3 els vots\u201d i que per aix\u00f2 \u201cels socialistes fem una crida a la mobilitzaci\u00f3\u201d.<\/p>\n<p>El candidat socialista ha exposat que tant el 28 d\u2019abril com el 26 de maig els ciutadans i ciutadanes hauran d\u2019escollir entre dos models, \u201cun de progr\u00e9s i un d\u2019involuci\u00f3, per aix\u00f2 demanam una mobilitzaci\u00f3 massiva que permeti una gran vict\u00f2ria del Partit Socialista tant a les Illes Balears com a Espanya\u201d.<\/p>\n<p>En aquest sentit, Pons ha asseverat que els socialistes \u201csom l\u2019\u00fanic partit que tenim programa\u201d i ha apuntat que la campanya que es presenta s\u2019enfocar\u00e0 \u201cen positiu, amb propostes i sense atacar ning\u00fa\u201d i ha demanat a la resta de forces pol\u00edtiques \u201cresponsabilitat perqu\u00e8 puguem debatre i els ciutadans i ciutadanes puguin comparar\u201d propostes.<\/p>\n<p>Per la seva banda, la secret\u00e0ria general del PSIB-PSOE i candidata al Govern de les Illes Balears, Francina Armengol, ha dit que els socialistes comencen \u201ccarregats d\u2019esperan\u00e7a\u201d aquesta campanya \u201ca doble volta\u201d, perqu\u00e8 davant tenen \u201cdos reptes: consolidar el govern a Espanya i tamb\u00e9 a les Illes Balears, amb un pacte de progr\u00e9s i un plantejament s\u00f2lid de gent que vol seguir treballant pel futur d\u2019aquesta terra\u201d.<\/p>\n<\/p><\/div><\/div>\n<\/div>\n<\/div>\n<\/div>\n<div class=\"col_dcha wpb_column columns small-12 medium-6 thb-dark-column\">\n<div class=\"vc_column-inner  \">\n<div class=\"wpb_wrapper\">\n<div class=\"wpb_text_column wpb_content_element  \">\n<div class=\"wpb_wrapper\">\n<p>En aquest sentit, Armengol ha emfasitzat que \u201cens deixarem la pell per conv\u00e8ncer tothom que es fonamental participar\u201d, perqu\u00e8 \u201cens jugam molt\u00edssim\u201d i ara \u00e9s el \u201cmoment adequat per poder dur a la pr\u00e0ctica aquesta il\u00b7lusi\u00f3, for\u00e7a, projecte i comprom\u00eds amb aquesta terra i amb tot Espanya\u201d.<\/p>\n<p>Respecte d\u2019aix\u00f2, la secret\u00e0ria general dels socialistes ha insistit en el fet que \u201cel 28 d\u2019abril ens jugam si el R\u00e8gim Especial de les Illes Balears es desenvolupar\u00e0 o no, com tamb\u00e9 la part fiscal, que \u00e9s absolutament necess\u00e0ria\u201d.<\/p>\n<p>Aix\u00ed mateix, ha insistit en est\u00e0 en joc que \u201cse segueixi apostant per la mobilitat, la pluralitat, la diversitat, el respecte als territoris, el feminisme, el dret a l\u2019eutan\u00e0sia, la redistribuci\u00f3 de l\u2019economia, l\u2019educaci\u00f3, la investigaci\u00f3 i la formaci\u00f3\u201d. En definitiva, \u201ctantes coses que ens sonen molt\u00edssim perqu\u00e8 l\u2019Espanya que vol construir Pedro S\u00e1nchez \u00e9s la que hem treballat a les Illes Balears aquests quatre anys\u201d.<\/p>\n<p>\u201cVolem una Espanya i unes Illes Balears progressistes, feministes, ecologies i carregades de m\u00e9s drets, llibertats i democr\u00e0cia\u201d, ha concl\u00f2s la candidata socialista a revalidar la presid\u00e8ncia del Govern de les Illes Balears.<\/p>\n<\/p><\/div><\/div>\n<\/div>\n<\/div>\n<\/div>\n<\/div>\n<p>Source: Actualitat Fedaraci\u00f3 Mallorca<\/p>\n","protected":false},"excerpt":{"rendered":"<p>Pere Joan Pons i Francina Armengol han destacat \u201cla il\u00b7lusi\u00f3\u201d amb qu\u00e8 els socialistes encaren aquesta campanya, \u201cen positiu i amb propostes\u201d per\u00f2 per a la que demanen \u201cuna gran mobilitzaci\u00f3\u201d perqu\u00e8 \u201cles enquestes no fan guanyar eleccions, sin\u00f3 els vots\u201d El PSIB-PSOE ha donat el sus a la campanya electoral amb la tradicional penjada&hellip;<\/p>\n","protected":false},"author":1,"featured_media":24400,"comment_status":"false","ping_status":"open","sticky":false,"template":"","format":"standard","meta":{"footnotes":""},"categories":[2],"tags":[],"class_list":["post-24399","post","type-post","status-publish","format-standard","has-post-thumbnail","hentry","category-federacio-de-mallorca"],"_links":{"self":[{"href":"https:\/\/www.psib-psoe.org\/mallorca\/wp-json\/wp\/v2\/posts\/24399"}],"collection":[{"href":"https:\/\/www.psib-psoe.org\/mallorca\/wp-json\/wp\/v2\/posts"}],"about":[{"href":"https:\/\/www.psib-psoe.org\/mallorca\/wp-json\/wp\/v2\/types\/post"}],"author":[{"embeddable":true,"href":"https:\/\/www.psib-psoe.org\/mallorca\/wp-json\/wp\/v2\/users\/1"}],"replies":[{"embeddable":true,"href":"https:\/\/www.psib-psoe.org\/mallorca\/wp-json\/wp\/v2\/comments?post=24399"}],"version-history":[{"count":0,"href":"https:\/\/www.psib-psoe.org\/mallorca\/wp-json\/wp\/v2\/posts\/24399\/revisions"}],"wp:featuredmedia":[{"embeddable":true,"href":"https:\/\/www.psib-psoe.org\/mallorca\/wp-json\/wp\/v2\/media\/24400"}],"wp:attachment":[{"href":"https:\/\/www.psib-psoe.org\/mallorca\/wp-json\/wp\/v2\/media?parent=24399"}],"wp:term":[{"taxonomy":"category","embeddable":true,"href":"https:\/\/www.psib-psoe.org\/mallorca\/wp-json\/wp\/v2\/categories?post=24399"},{"taxonomy":"post_tag","embeddable":true,"href":"https:\/\/www.psib-psoe.org\/mallorca\/wp-json\/wp\/v2\/tags?post=24399"}],"curies":[{"name":"wp","href":"https:\/\/api.w.org\/{rel}","templated":true}]}}