{"id":24405,"date":"2019-03-29T11:15:18","date_gmt":"2019-03-29T09:15:18","guid":{"rendered":"http:\/\/www.psib-psoe.org\/mallorca\/pere-joan-pons-a-diferencia-del-psib-psoe-cap-altra-forca-politica-no-te-un-paquet-de-mesures-que-els-ciutadans-puguin-valorar-de-cara-al-28-dabril\/"},"modified":"2019-03-29T11:15:18","modified_gmt":"2019-03-29T09:15:18","slug":"pere-joan-pons-a-diferencia-del-psib-psoe-cap-altra-forca-politica-no-te-un-paquet-de-mesures-que-els-ciutadans-puguin-valorar-de-cara-al-28-dabril","status":"publish","type":"post","link":"https:\/\/www.psib-psoe.org\/mallorca\/pere-joan-pons-a-diferencia-del-psib-psoe-cap-altra-forca-politica-no-te-un-paquet-de-mesures-que-els-ciutadans-puguin-valorar-de-cara-al-28-dabril\/","title":{"rendered":"Pere Joan Pons: \u201cA difer\u00e8ncia del PSIB-PSOE, cap altra for\u00e7a pol\u00edtica no t\u00e9 un paquet de mesures que els ciutadans puguin valorar de cara al 28 d\u2019abril\u201d"},"content":{"rendered":"<div class=\"row wpb_row row-fluid img_noticia\">\n<div class=\"wpb_column columns small-12 medium-12 thb-dark-column\">\n<div class=\"vc_column-inner  \">\n<div class=\"wpb_wrapper\">\n<div class=\"wpb_single_image wpb_content_element vc_align_center  vc_custom_1560244672535\">\n<figure class=\"wpb_wrapper vc_figure\">\n<div class=\"vc_single_image-wrapper   vc_box_border_grey\"><img loading=\"lazy\" decoding=\"async\" width=\"1000\" height=\"750\" src=\"http:\/\/www.psib-psoe.org\/wp-content\/uploads\/valoracio-inici-precampanya-generals-2019.jpeg\" class=\"vc_single_image-img attachment-full\" alt=\"\" \/><\/div>\n<\/figure><\/div>\n<\/div>\n<\/div>\n<\/div>\n<\/div>\n<div class=\"row wpb_row row-fluid intro full-width-row vc_custom_1558336094678\">\n<div class=\"col_izq wpb_column columns small-12 medium-12 thb-dark-column\">\n<div class=\"vc_column-inner  \">\n<div class=\"wpb_wrapper\">\n<div class=\"wpb_text_column wpb_content_element  \">\n<div class=\"wpb_wrapper\">\n<p><em><u>Els candidats i candidata al Congr\u00e9s dels Diputats i al Senat per Mallorca han destacat el fet que \u201cmoltes de les pol\u00edtiques desenvolupades pel govern de Francina Armengol han inspirat mesures contemplades en els 110 compromisos del partit a nivell nacional\u201d<\/u><\/em><\/p>\n<\/p><\/div><\/div>\n<\/div>\n<\/div>\n<\/div>\n<\/div>\n<div class=\"row wpb_row row-fluid full-width-row\">\n<div class=\"col_izq wpb_column columns small-12 medium-6 thb-dark-column\">\n<div class=\"vc_column-inner  \">\n<div class=\"wpb_wrapper\">\n<div class=\"wpb_text_column wpb_content_element  \">\n<div class=\"wpb_wrapper\">\n<p>Els candidats i candidata del PSIB-PSOE a les eleccions generals, Pere Joan Pons, Cosme Bonet i Susanna Moll, han afirmat que encaren \u201camb molta for\u00e7a\u201d la campanya que est\u00e0 a punt de comen\u00e7ar i que \u201ca difer\u00e8ncia dels socialistes, cap altra for\u00e7a pol\u00edtica no t\u00e9 un paquet de mesures ni un projecte que els ciutadans i ciutadanes puguin valorar de cara al 28 d\u2019abril\u201d, ha destacat Pons. El socialista, en aquest sentit, tamb\u00e9 ha instat a la dreta a qu\u00e8 \u201cen lloc de fer soflames, proposin mesures que no ens facin tornar 50 anys enrere\u201d.<\/p>\n<p>Pere Joan Pons ha destacat que durant aquesta legislatura, els socialistes sempre \u201dhem defensat els interessos dels ciutadans i ciutadanes de les Illes Balears\u201d i que en aquest sentit s\u2019enfocaran els tres grans eixos que s\u2019impulsaran a partir del 28 d\u2019abril: la part fiscal del REB, la reforma del sistema de finan\u00e7ament auton\u00f2mic i l\u2019impuls de l\u2019Agenda 2030 en mat\u00e8ria de turisme sostenible.<\/p>\n<p>El diputat i candidat a la reelecci\u00f3 tamb\u00e9 ha volgut insistir \u201cla gesti\u00f3 feta aquests quatre anys, ja moltes pol\u00edtiques desenvolupades pel govern de Francina Armengol han inspirat mesures contemplades en els 110 compromisos del partit a nivell nacional\u201d. En aquest sentit, Pons ha posat com a exemple destacat la reforma del sistema de finan\u00e7ament, una reivindicaci\u00f3 \u201cque hem lluitat molt i que Rajoy no va fer en 7 anys\u201d, ha apuntat Pons, qui ha dit sentir-se \u201cmolt content que s\u2019hagi traslladat al document de les 110 propostes\u201d.<\/p>\n<p>Per la seva banda, Cosme Bonet ha insistit en l\u2019exist\u00e8ncia d\u2019un fil conductor entre les pol\u00edtiques realitzades pels governs de Francina Armengol a les Illes Balears i de Pedro S\u00e1nchez a Madrid, cosa que demostra que \u201cformam part d\u2019un projecte com\u00fa, compartim valors i som els \u00fanics que tenim una idea de pa\u00eds en qu\u00e8 cap tothom\u201d.<\/p>\n<\/p><\/div><\/div>\n<\/div>\n<\/div>\n<\/div>\n<div class=\"col_dcha wpb_column columns small-12 medium-6 thb-dark-column\">\n<div class=\"vc_column-inner  \">\n<div class=\"wpb_wrapper\">\n<div class=\"wpb_text_column wpb_content_element  \">\n<div class=\"wpb_wrapper\">\n<p>El candidat al Senat per Mallorca tamb\u00e9 ha emfasitzat \u201cla campanya en positiu\u201d dels socialistes enfront de la \u201ccampanya en negatiu\u201d de les dretes i ha remarcat que \u201cnosaltres no necessitam cercar un enemic amb qui confrontar-nos perqu\u00e8 abordam les inquietuds reals dels ciutadans i ciutadanes amb mesures concretes\u201d.<\/p>\n<p>Bonet tamb\u00e9 ha insistit en la voluntat dels socialistes de reformar el Senat \u201cper dur la veu dels pobles i que deixi de ser una instituci\u00f3 de bloqueig de les pol\u00edtiques de Govern, com ha estat fent el PP amb el govern de Pedro S\u00e1nchez\u201d.<\/p>\n<p>En aquest sentit tamb\u00e9 s\u2019ha referit Susanna Moll, candidata al Senat per Mallorca i que aquesta legislatura ha format part de l\u2019equip de Jos\u00e9 Hila a l\u2019Ajuntament de Palma. Moll ha explicat com \u00e9s d\u2019important \u201ctraslladar aquesta comunicaci\u00f3 directa amb els ciutadans\u201d a la cambra de representaci\u00f3 territorial.<\/p>\n<p>Aix\u00ed mateix, Moll ha volgut enumerar algunes de les mesures impulsades a les Illes que han inspirat els 110 compromisos a nivell nacional, \u201ccom el Pla per a la Lluita contra la Precarietat, la renda social garantida, l\u2019aposta per a la sostenibilitat o el Pacte per a la lluita contra les viol\u00e8ncies masclistes o la reparaci\u00f3 de la mem\u00f2ria hist\u00f2rica\u201d.<\/p>\n<\/p><\/div><\/div>\n<\/div>\n<\/div>\n<\/div>\n<\/div>\n<p>Source: Actualitat Fedaraci\u00f3 Mallorca<\/p>\n","protected":false},"excerpt":{"rendered":"<p>Els candidats i candidata al Congr\u00e9s dels Diputats i al Senat per Mallorca han destacat el fet que \u201cmoltes de les pol\u00edtiques desenvolupades pel govern de Francina Armengol han inspirat mesures contemplades en els 110 compromisos del partit a nivell nacional\u201d Els candidats i candidata del PSIB-PSOE a les eleccions generals, Pere Joan Pons, Cosme&hellip;<\/p>\n","protected":false},"author":1,"featured_media":24406,"comment_status":"false","ping_status":"open","sticky":false,"template":"","format":"standard","meta":{"footnotes":""},"categories":[2],"tags":[],"class_list":["post-24405","post","type-post","status-publish","format-standard","has-post-thumbnail","hentry","category-federacio-de-mallorca"],"_links":{"self":[{"href":"https:\/\/www.psib-psoe.org\/mallorca\/wp-json\/wp\/v2\/posts\/24405"}],"collection":[{"href":"https:\/\/www.psib-psoe.org\/mallorca\/wp-json\/wp\/v2\/posts"}],"about":[{"href":"https:\/\/www.psib-psoe.org\/mallorca\/wp-json\/wp\/v2\/types\/post"}],"author":[{"embeddable":true,"href":"https:\/\/www.psib-psoe.org\/mallorca\/wp-json\/wp\/v2\/users\/1"}],"replies":[{"embeddable":true,"href":"https:\/\/www.psib-psoe.org\/mallorca\/wp-json\/wp\/v2\/comments?post=24405"}],"version-history":[{"count":0,"href":"https:\/\/www.psib-psoe.org\/mallorca\/wp-json\/wp\/v2\/posts\/24405\/revisions"}],"wp:featuredmedia":[{"embeddable":true,"href":"https:\/\/www.psib-psoe.org\/mallorca\/wp-json\/wp\/v2\/media\/24406"}],"wp:attachment":[{"href":"https:\/\/www.psib-psoe.org\/mallorca\/wp-json\/wp\/v2\/media?parent=24405"}],"wp:term":[{"taxonomy":"category","embeddable":true,"href":"https:\/\/www.psib-psoe.org\/mallorca\/wp-json\/wp\/v2\/categories?post=24405"},{"taxonomy":"post_tag","embeddable":true,"href":"https:\/\/www.psib-psoe.org\/mallorca\/wp-json\/wp\/v2\/tags?post=24405"}],"curies":[{"name":"wp","href":"https:\/\/api.w.org\/{rel}","templated":true}]}}