{"id":24417,"date":"2019-11-08T22:03:59","date_gmt":"2019-11-08T20:03:59","guid":{"rendered":"http:\/\/www.psib-psoe.org\/mallorca\/el-psib-psoe-tanca-la-campanya-davant-400-persones-convencut-que-diumenge-guanyarem-les-eleccions-a-balears-i-a-espanya-per-tercera-vegada\/"},"modified":"2019-12-12T13:30:40","modified_gmt":"2019-12-12T11:30:40","slug":"el-psib-psoe-tanca-la-campanya-davant-400-persones-convencut-que-diumenge-guanyarem-les-eleccions-a-balears-i-a-espanya-per-tercera-vegada","status":"publish","type":"post","link":"https:\/\/www.psib-psoe.org\/mallorca\/el-psib-psoe-tanca-la-campanya-davant-400-persones-convencut-que-diumenge-guanyarem-les-eleccions-a-balears-i-a-espanya-per-tercera-vegada\/","title":{"rendered":"El PSIB-PSOE tanca la campanya davant 400 persones conven\u00e7ut que \u201cdiumenge guanyarem les eleccions a Balears i a Espanya per tercera vegada\u201d"},"content":{"rendered":"<div class=\"row wpb_row row-fluid img_noticia\">\n<div class=\"wpb_column columns small-12 medium-12 thb-dark-column\">\n<div class=\"vc_column-inner \">\n<div class=\"wpb_wrapper\">\n<div class=\"wpb_single_image wpb_content_element vc_align_center vc_custom_1573243319470\">\n<figure class=\"wpb_wrapper vc_figure\">\n<div class=\"vc_single_image-wrapper vc_box_border_grey\"><img loading=\"lazy\" decoding=\"async\" class=\"vc_single_image-img attachment-full\" src=\"http:\/\/www.psib-psoe.org\/wp-content\/uploads\/Fi-campany-10N.jpg\" alt=\"\" width=\"3994\" height=\"2435\" \/><\/div>\n<\/figure>\n<\/div>\n<\/div>\n<\/div>\n<\/div>\n<\/div>\n<div class=\"row wpb_row row-fluid intro full-width-row vc_custom_1558336094678\">\n<div class=\"col_izq wpb_column columns small-12 medium-12 thb-dark-column\">\n<div class=\"vc_column-inner \">\n<div class=\"wpb_wrapper\">\n<div class=\"wpb_text_column wpb_content_element \">\n<div class=\"wpb_wrapper\">\n<p><em><u>Francina Armengol, Pere Joan Pons, Cosme Bonet, Susanna Moll i Jose Hila han fet una crida a la mobilitzaci\u00f3 per evitar que la dreta i la ultradreta \u201cgovernin i ens canvi\u00efn el model de vida que tenim\u201d<\/u><\/em><\/p>\n<\/div>\n<\/div>\n<\/div>\n<\/div>\n<\/div>\n<\/div>\n<div class=\"row wpb_row row-fluid full-width-row\">\n<div class=\"col_izq wpb_column columns small-12 medium-6 thb-dark-column\">\n<div class=\"vc_column-inner \">\n<div class=\"wpb_wrapper\">\n<div class=\"wpb_text_column wpb_content_element \">\n<div class=\"wpb_wrapper\">\n<p>M\u00e9s de 400 persones han participat al Parc de Son Cotoner de Palma en la festa final de campanya del PSIB-PSOE, on la secret\u00e0ria general, Francina Armengol, ha demanat el vot \u201camb il\u00b7lusi\u00f3, for\u00e7a, empatia, comprom\u00eds i valentia per a l\u2019\u00fanic partit que ens pot fer avan\u00e7ar, el Partit Socialista\u201d.<\/p>\n<p>Armengol ha avan\u00e7at que \u201cguanyarem aquest diumenge a Balears i a Espanya per tercera vegada, ho tornarem a aconseguir\u201d, perqu\u00e8 \u201cno podem consentir que la dreta amb la ultradreta vulgui canviar-nos el model de vida que tenim\u201d.<\/p>\n<p>Per aix\u00f2, la secret\u00e0ria general ha insistit en qu\u00e8 \u201cno farem ni una passa enrere en la lluita per la igualtat, per la just\u00edcia social, per la solidaritat i pel nostre Estat del Benestar\u201d.<\/p>\n<p>El candidat del PSIB-PSOE al Congr\u00e9s, Pere Joan Pons, ha explicat que \u201ctancam una campanya en positiu, en la qual hem estat els \u00fanics que hem fet propostes\u201d.<\/p>\n<p>De cara a diumenge, Pons ha demanat que voti \u201cfins a la darrera persona\u201d, perqu\u00e8 \u201cens jugam continuar amb unes pol\u00edtiques progressistes per pujar pensions, assumir el repte ecol\u00f2gic, continuar amb la sanitat universal, per reduir la precarietat laboral o perqu\u00e8 Espanya entri en una nova \u00e8poca populista, de dretes, amb una agenda que ser\u00e0 la de Trump, Salvini o Le Pen\u201d.<\/p>\n<\/div>\n<\/div>\n<\/div>\n<\/div>\n<\/div>\n<div class=\"col_dcha wpb_column columns small-12 medium-6 thb-dark-column\">\n<div class=\"vc_column-inner \">\n<div class=\"wpb_wrapper\">\n<div class=\"wpb_text_column wpb_content_element \">\n<div class=\"wpb_wrapper\">\n<p>Per evitar tot aix\u00f2, Pons ha animat a tothom a \u201ccombatre-ho diumenge a les urnes i tornar a fer hist\u00f2ria, com ja vam fer el 28 d\u2019abril i el 26 de maig\u201d.<\/p>\n<p>Per part seva, el candidat per Mallorca al Senat, Cosme Bonet, ha remarcat que diumenge \u201c\u00e9s fonamental anar a votar, perqu\u00e8 nom\u00e9s el Partit Socialista pot salvaguardar els principis democr\u00e0tics d\u2019aquest pa\u00eds\u201d.<\/p>\n<p>La candidata per Mallorca al Senat, Susanna Moll, ha defensat que \u201cles socialistes defensam els drets de les dones per tenir les mateixes oportunitats, per cobrar el mateix que els homes per una mateixa feina, per poder decidir sobre el nostre cos, per no tenir por quan anem pels carrers, per no patir la viol\u00e8ncia masclista\u201d, per la qual cosa ha demanat que \u201cdiumenge facem un darrer esfor\u00e7 i omplim les urnes de vots socialistes una altra vegada\u201d.<\/p>\n<p>Finalment, el secretari general dels Socialistes de Palma, Jos\u00e9 Hila, ha demanat el vot per al Partit Socialista perqu\u00e8 \u201cel PSOE ens d\u00f3na futur, just\u00edcia social, igualtat i llibertat\u201d. Per aix\u00f2, ha apostat per \u201cun Govern valent, que prengui mesures per a la gent i per guanyar el futur com s\u2019est\u00e0 fent a Balears\u201d.<\/p>\n<\/div>\n<\/div>\n<\/div>\n<\/div>\n<\/div>\n<\/div>\n<p>Source: Actualitat Fedaraci\u00f3 Mallorca<\/p>\n","protected":false},"excerpt":{"rendered":"<p>Francina Armengol, Pere Joan Pons, Cosme Bonet, Susanna Moll i Jose Hila han fet una crida a la mobilitzaci\u00f3 per evitar que la dreta i la ultradreta \u201cgovernin i ens canvi\u00efn el model de vida que tenim\u201d M\u00e9s de 400 persones han participat al Parc de Son Cotoner de Palma en la festa final de&hellip;<\/p>\n","protected":false},"author":1,"featured_media":24418,"comment_status":"closed","ping_status":"open","sticky":false,"template":"","format":"standard","meta":{"footnotes":""},"categories":[2,90],"tags":[],"class_list":["post-24417","post","type-post","status-publish","format-standard","has-post-thumbnail","hentry","category-federacio-de-mallorca","category-municipis"],"_links":{"self":[{"href":"https:\/\/www.psib-psoe.org\/mallorca\/wp-json\/wp\/v2\/posts\/24417"}],"collection":[{"href":"https:\/\/www.psib-psoe.org\/mallorca\/wp-json\/wp\/v2\/posts"}],"about":[{"href":"https:\/\/www.psib-psoe.org\/mallorca\/wp-json\/wp\/v2\/types\/post"}],"author":[{"embeddable":true,"href":"https:\/\/www.psib-psoe.org\/mallorca\/wp-json\/wp\/v2\/users\/1"}],"replies":[{"embeddable":true,"href":"https:\/\/www.psib-psoe.org\/mallorca\/wp-json\/wp\/v2\/comments?post=24417"}],"version-history":[{"count":0,"href":"https:\/\/www.psib-psoe.org\/mallorca\/wp-json\/wp\/v2\/posts\/24417\/revisions"}],"wp:featuredmedia":[{"embeddable":true,"href":"https:\/\/www.psib-psoe.org\/mallorca\/wp-json\/wp\/v2\/media\/24418"}],"wp:attachment":[{"href":"https:\/\/www.psib-psoe.org\/mallorca\/wp-json\/wp\/v2\/media?parent=24417"}],"wp:term":[{"taxonomy":"category","embeddable":true,"href":"https:\/\/www.psib-psoe.org\/mallorca\/wp-json\/wp\/v2\/categories?post=24417"},{"taxonomy":"post_tag","embeddable":true,"href":"https:\/\/www.psib-psoe.org\/mallorca\/wp-json\/wp\/v2\/tags?post=24417"}],"curies":[{"name":"wp","href":"https:\/\/api.w.org\/{rel}","templated":true}]}}