{"id":24437,"date":"2019-10-29T15:29:59","date_gmt":"2019-10-29T13:29:59","guid":{"rendered":"http:\/\/www.psib-psoe.org\/mallorca\/el-psib-psoe-presenta-una-campanya-que-sera-en-positiu-i-amb-propostes-per-consolidar-les-politiques-progressistes-que-impulsam-a-balears-i-a-espanya\/"},"modified":"2019-10-29T15:29:59","modified_gmt":"2019-10-29T13:29:59","slug":"el-psib-psoe-presenta-una-campanya-que-sera-en-positiu-i-amb-propostes-per-consolidar-les-politiques-progressistes-que-impulsam-a-balears-i-a-espanya","status":"publish","type":"post","link":"https:\/\/www.psib-psoe.org\/mallorca\/el-psib-psoe-presenta-una-campanya-que-sera-en-positiu-i-amb-propostes-per-consolidar-les-politiques-progressistes-que-impulsam-a-balears-i-a-espanya\/","title":{"rendered":"El PSIB-PSOE presenta una campanya que ser\u00e0 \u201cen positiu i amb propostes per consolidar les pol\u00edtiques progressistes que impulsam a Balears i a Espanya\u201d"},"content":{"rendered":"<div class=\"row wpb_row row-fluid img_noticia\">\n<div class=\"wpb_column columns small-12 medium-12 thb-dark-column\">\n<div class=\"vc_column-inner  \">\n<div class=\"wpb_wrapper\">\n<div class=\"wpb_single_image wpb_content_element vc_align_center  vc_custom_1572355682401\">\n<figure class=\"wpb_wrapper vc_figure\">\n<div class=\"vc_single_image-wrapper   vc_box_border_grey\"><img loading=\"lazy\" decoding=\"async\" width=\"1000\" height=\"715\" src=\"http:\/\/www.psib-psoe.org\/wp-content\/uploads\/Presentaci\u00f3-campanya-10N.jpg\" class=\"vc_single_image-img attachment-full\" alt=\"\" \/><\/div>\n<\/figure><\/div>\n<\/div>\n<\/div>\n<\/div>\n<\/div>\n<div class=\"row wpb_row row-fluid intro full-width-row vc_custom_1558336094678\">\n<div class=\"col_izq wpb_column columns small-12 medium-12 thb-dark-column\">\n<div class=\"vc_column-inner  \">\n<div class=\"wpb_wrapper\">\n<div class=\"wpb_text_column wpb_content_element  \">\n<div class=\"wpb_wrapper\">\n<p><em><u>Actes per tot el territori, 100 punts informatius, 10 trobades sectorials i les visites de Pedro S\u00e1nchez, Reyes Maroto i Teresa Ribera, punts forts de la campanya socialista <\/u><\/em><\/p>\n<\/p><\/div><\/div>\n<\/div>\n<\/div>\n<\/div>\n<\/div>\n<div class=\"row wpb_row row-fluid full-width-row\">\n<div class=\"col_izq wpb_column columns small-12 medium-6 thb-dark-column\">\n<div class=\"vc_column-inner  \">\n<div class=\"wpb_wrapper\">\n<div class=\"wpb_text_column wpb_content_element  \">\n<div class=\"wpb_wrapper\">\n<p>El PSIB-PSOE ha presentat la campanya electoral per a les eleccions del 10 de novembre, que segons ha avan\u00e7at el candidat al Congr\u00e9s, Pere Joan Pons, ser\u00e0 \u201cen positiu i amb propostes per consolidar les pol\u00edtiques progressistes que impulsam des de fa m\u00e9s de quatre anys a Balears i des de fa 15 mesos a Espanya\u201d.<\/p>\n<p>Pons ha apuntat que dem\u00e0 rebrem la visita del president del Govern d\u2019Espanya en funcions i secretari general del PSOE, Pedro S\u00e1nchez, a les 13 hores a la Pla\u00e7a de Sant Jeroni de Palma.<\/p>\n<p>Un darrer acte de precampanya que donar\u00e0 pas a una campanya electoral que Pons ha definit com a \u201cm\u00e9s important que la del 28 d\u2019abril, perqu\u00e8 veim clarament que l\u2019alternativa als socialistes \u00e9s una dreta i una extrema dreta que ja governa\u201d.<\/p>\n<p>Per aix\u00f2, Pons ha apostat per \u201cconsolidar les pol\u00edtiques progressistes perqu\u00e8 si no ho feim, podem tornar a un Govern d\u2019Espanya podrit per la G\u00fcrtel\u201d.<\/p>\n<p>El candidat socialista ha defensat que els socialistes \u201ctenim un projecte cre\u00efble, s\u00f2lid i responsable\u201d, i ha reivindicat que \u201cens fa m\u00e9s falta que mai uns Pressuposts Generals de l\u2019Estat, una llei estatal del canvi clim\u00e0tic, augmentar les pensions i el salari m\u00ednim, una llei d\u2019eutan\u00e0sia, la pota fiscal del REB o millorar el nostre finan\u00e7ament\u201d.<\/p>\n<p>Per part seva, el candidat per Mallorca al Senat, Cosme Bonet, ha anunciat que, a m\u00e9s de Pedro S\u00e1nchez, els socialistes tendran m\u00e9s suport des de Madrid a Balears, amb la visita de la ministra d\u2019Ind\u00fastria, Comer\u00e7 i Turisme, Reyes Maroto, el pr\u00f2xim dia 2, o la ministra per a la Transici\u00f3 Ecol\u00f2gica, Teresa Ribera.<\/p>\n<\/p><\/div><\/div>\n<\/div>\n<\/div>\n<\/div>\n<div class=\"col_dcha wpb_column columns small-12 medium-6 thb-dark-column\">\n<div class=\"vc_column-inner  \">\n<div class=\"wpb_wrapper\">\n<div class=\"wpb_text_column wpb_content_element  \">\n<div class=\"wpb_wrapper\">\n<p>A m\u00e9s a m\u00e9s, Bonet ha traslladat que hi haur\u00e0 100 punts informatius del PSIB-PSOE a totes les illes, actes a tot el territori, 10 actes sectorials i la participaci\u00f3 en la campanya de la secret\u00e0ria general, Francina Armengol, dels consellers socialistes del Govern, de les presidentes dels Consells Insulars, de la secret\u00e0ria d\u2019Estat de Turisme en funcions, Bel Oliver, de l\u2019eurodiputada Al\u00edcia Homs, i dels batles i batlesses.<\/p>\n<p>Bonet tamb\u00e9 ha avan\u00e7at els 5 eixos program\u00e0tics dels socialistes per a aquesta campanya, els quals s\u00f3n la qualitat de vida, perqu\u00e8 \u201csom l\u2019\u00fanic partit que pot garantir l\u2019augment de les pensions, dels salaris, la creaci\u00f3 d\u2019ocupaci\u00f3 o la modificaci\u00f3 de l\u2019Estatut dels Treballadors\u201d, la millora dels drets, amb el desplegament de la llei de depend\u00e8ncia i la millora de la sanitat i l\u2019educaci\u00f3, tamb\u00e9 l\u2019economia, els emprenedors i els aut\u00f2noms, la lluita contra el canvi clim\u00e0tic com a quart eix o el feminisme i la igualtat \u201cdavant una dreta que nega la viol\u00e8ncia masclista\u201d.<\/p>\n<p>Per Bonet, \u201cel 10 de novembre tornam a decidir sobre temes cabdals pel futur del pa\u00eds i els \u00fanics que podem sumar una majoria suficient per constituir un Govern estable i progressista per a Espanya som el PSOE\u201d.<\/p>\n<p>Finalment, la candidata per Mallorca al Senat, Susanna Moll, ha defensat que \u201ctenim un partit mobilitzat, preparat i il\u00b7lusionat per votar i aconseguir un Govern socialista\u201d.<\/p>\n<p>Un Govern que a criteri de la candidata socialista \u00e9s necessari \u201cper desbloquejar els pressuposts estatals, perqu\u00e8 ens arribi m\u00e9s finan\u00e7ament, per desenvolupar la part fiscal del REB i per tenir un interlocutor sensible a Madrid per a les pol\u00edtiques que volem impulsar\u201d.<\/p>\n<p>Moll ha afirmat que \u201cel t\u00e0ndem Pedro S\u00e1nchez-Francina Armengol funciona molt b\u00e9 i les pol\u00edtiques que aqu\u00ed ja implantam s\u00f3n les que volem dur a l\u2019\u00e0mbit estatal, ja que a Balears som pioners en la lluita contra el canvi clim\u00e0tic, l\u2019eliminaci\u00f3 dels copagaments, l\u2019impuls de la mem\u00f2ria hist\u00f2rica i l\u2019obertura de fosses, la igualtat i la lluita contra la viol\u00e8ncia masclista\u201d.<\/p>\n<p>Per acabar, Moll ha volgut apel\u00b7lar \u201cals joves i a les dones, perqu\u00e8 ens jugam molt en aquestes eleccions, \u00e9s important\u00edssim sortir a votar\u201d.<\/p>\n<\/p><\/div><\/div>\n<\/div>\n<\/div>\n<\/div>\n<\/div>\n<p>Source: Actualitat Fedaraci\u00f3 Mallorca<\/p>\n","protected":false},"excerpt":{"rendered":"<p>Actes per tot el territori, 100 punts informatius, 10 trobades sectorials i les visites de Pedro S\u00e1nchez, Reyes Maroto i Teresa Ribera, punts forts de la campanya socialista El PSIB-PSOE ha presentat la campanya electoral per a les eleccions del 10 de novembre, que segons ha avan\u00e7at el candidat al Congr\u00e9s, Pere Joan Pons, ser\u00e0&hellip;<\/p>\n","protected":false},"author":1,"featured_media":24438,"comment_status":"false","ping_status":"open","sticky":false,"template":"","format":"standard","meta":{"footnotes":""},"categories":[2],"tags":[],"class_list":["post-24437","post","type-post","status-publish","format-standard","has-post-thumbnail","hentry","category-federacio-de-mallorca"],"_links":{"self":[{"href":"https:\/\/www.psib-psoe.org\/mallorca\/wp-json\/wp\/v2\/posts\/24437"}],"collection":[{"href":"https:\/\/www.psib-psoe.org\/mallorca\/wp-json\/wp\/v2\/posts"}],"about":[{"href":"https:\/\/www.psib-psoe.org\/mallorca\/wp-json\/wp\/v2\/types\/post"}],"author":[{"embeddable":true,"href":"https:\/\/www.psib-psoe.org\/mallorca\/wp-json\/wp\/v2\/users\/1"}],"replies":[{"embeddable":true,"href":"https:\/\/www.psib-psoe.org\/mallorca\/wp-json\/wp\/v2\/comments?post=24437"}],"version-history":[{"count":0,"href":"https:\/\/www.psib-psoe.org\/mallorca\/wp-json\/wp\/v2\/posts\/24437\/revisions"}],"wp:featuredmedia":[{"embeddable":true,"href":"https:\/\/www.psib-psoe.org\/mallorca\/wp-json\/wp\/v2\/media\/24438"}],"wp:attachment":[{"href":"https:\/\/www.psib-psoe.org\/mallorca\/wp-json\/wp\/v2\/media?parent=24437"}],"wp:term":[{"taxonomy":"category","embeddable":true,"href":"https:\/\/www.psib-psoe.org\/mallorca\/wp-json\/wp\/v2\/categories?post=24437"},{"taxonomy":"post_tag","embeddable":true,"href":"https:\/\/www.psib-psoe.org\/mallorca\/wp-json\/wp\/v2\/tags?post=24437"}],"curies":[{"name":"wp","href":"https:\/\/api.w.org\/{rel}","templated":true}]}}