{"id":24443,"date":"2019-10-18T21:46:11","date_gmt":"2019-10-18T19:46:11","guid":{"rendered":"http:\/\/www.psib-psoe.org\/mallorca\/maroto-tenim-el-projecte-les-idees-i-els-equips-ara-nomes-ens-falta-omplir-les-urnes-de-vots\/"},"modified":"2020-01-08T14:31:06","modified_gmt":"2020-01-08T12:31:06","slug":"maroto-tenim-el-projecte-les-idees-i-els-equips-ara-nomes-ens-falta-omplir-les-urnes-de-vots","status":"publish","type":"post","link":"https:\/\/www.psib-psoe.org\/mallorca\/maroto-tenim-el-projecte-les-idees-i-els-equips-ara-nomes-ens-falta-omplir-les-urnes-de-vots\/","title":{"rendered":"Maroto: \u201cTenim el projecte, les idees i els equips; ara nom\u00e9s ens falta omplir les urnes de vots\u201d"},"content":{"rendered":"<div class=\"row wpb_row row-fluid img_noticia\">\n<div class=\"wpb_column columns small-12 medium-12 thb-dark-column\">\n<div class=\"vc_column-inner  \">\n<div class=\"wpb_wrapper\">\n<div class=\"wpb_images_carousel wpb_content_element vc_clearfix\">\n<div class=\"wpb_wrapper\">\n<div id=\"vc_images-carousel-1-1576153661\" data-ride=\"vc_carousel\" data-wrap=\"false\" style=\"width: 100%\" data-interval=\"5000\" data-auto-height=\"yes\" data-mode=\"horizontal\" data-partial=\"false\" data-per-view=\"1\" data-hide-on-end=\"false\" class=\"vc_slide vc_images_carousel\">\n<ol class=\"vc_carousel-indicators\">\n<li data-target=\"#vc_images-carousel-1-1576153661\" data-slide-to=\"0\"><\/li>\n<li data-target=\"#vc_images-carousel-1-1576153661\" data-slide-to=\"1\"><\/li>\n<\/ol>\n<div class=\"vc_carousel-inner\">\n<div class=\"vc_carousel-slideline\">\n<div class=\"vc_carousel-slideline-inner\">\n<div class=\"vc_item\">\n<div class=\"vc_inner\"><a class=\"prettyphoto\" href=\"http:\/\/www.psib-psoe.org\/wp-content\/uploads\/acte-reyes-maroto-alcudia-octubre-2019-2.jpg\" data-rel=\"prettyPhoto[rel-25725-4030340058]\"><img loading=\"lazy\" decoding=\"async\" width=\"1000\" height=\"750\" src=\"http:\/\/www.psib-psoe.org\/wp-content\/uploads\/acte-reyes-maroto-alcudia-octubre-2019-2.jpg\" class=\"attachment-full\" alt=\"\" \/><\/a><\/div>\n<\/div>\n<div class=\"vc_item\">\n<div class=\"vc_inner\"><a class=\"prettyphoto\" href=\"http:\/\/www.psib-psoe.org\/wp-content\/uploads\/acte-reyes-maroto-alcudia-octubre-2019-1.jpg\" data-rel=\"prettyPhoto[rel-25725-4030340058]\"><img loading=\"lazy\" decoding=\"async\" width=\"1000\" height=\"750\" src=\"http:\/\/www.psib-psoe.org\/wp-content\/uploads\/acte-reyes-maroto-alcudia-octubre-2019-1.jpg\" class=\"attachment-full\" alt=\"\" \/><\/a><\/div>\n<\/div>\n<\/div>\n<\/div>\n<\/div>\n<p><a class=\"vc_left vc_carousel-control\" href=\"#vc_images-carousel-1-1576153661\" data-slide=\"prev\"><span class=\"icon-prev\"><\/span><\/a><a class=\"vc_right vc_carousel-control\" href=\"#vc_images-carousel-1-1576153661\" data-slide=\"next\"><span class=\"icon-next\"><\/span><\/a><\/div>\n<\/div>\n<\/div>\n<\/div>\n<\/div>\n<\/div>\n<\/div>\n<div class=\"row wpb_row row-fluid intro full-width-row vc_custom_1558336094678\">\n<div class=\"col_izq wpb_column columns small-12 medium-12 thb-dark-column\">\n<div class=\"vc_column-inner  \">\n<div class=\"wpb_wrapper\">\n<div class=\"wpb_text_column wpb_content_element  \">\n<div class=\"wpb_wrapper\">\n<p><em><u>La ministra d\u2019Ind\u00fastria ha participat en un acte a Alc\u00fadia amb els candidats al Congr\u00e9s i el Senat en el qual han assistit m\u00e9s de cent militants i simpatitzants<\/u><\/em><\/p>\n<\/p><\/div><\/div>\n<\/div>\n<\/div>\n<\/div>\n<\/div>\n<div class=\"row wpb_row row-fluid full-width-row\">\n<div class=\"col_izq wpb_column columns small-12 medium-6 thb-dark-column\">\n<div class=\"vc_column-inner  \">\n<div class=\"wpb_wrapper\">\n<div class=\"wpb_text_column wpb_content_element  \">\n<div class=\"wpb_wrapper\">\n<p>La ministra d\u2019Ind\u00fastria, Comer\u00e7 i Turisme, Reyes Maroto, ha participat en un acte a Alc\u00fadia amb els candidats del PSIB-PSOE al Congr\u00e9s dels Diputats i el Senat en el qual ha demanat als m\u00e9s d\u2019un centenar de militants i simpatitzants que el 10 de novembre surtin a votar, perqu\u00e8 els socialistes \u201ctenim el projecte, les idees i els equips i ara nom\u00e9s ens falta omplir les urnes de vots\u201d.<\/p>\n<p>Maroto ha comen\u00e7at la seva intervenci\u00f3 reivindicant la feina feta pel govern d\u2019Espanya i el Govern de les Illes Balears, juntament amb la resta d\u2019administracions i agents empresarials i socials implicats, per donar sortida a la crisi provocada per la caiguda del turoperador Thomas Cook.<\/p>\n<p>\u201cHem estat devora dels que m\u00e9s ho necessiten\u201d, ha destacat la ministra, qui ha afegit que \u201cmentre nosaltres treballam de la m\u00e0 de tota aquesta gent, altres opten per no fer res\u201d.<\/p>\n<p>En aquest sentit, Maroto ha recordat \u201cels 15 mesos de pol\u00edtica \u00fatil\u201d d\u2019en\u00e7\u00e0 de la moci\u00f3 de censura i ha insistit en la import\u00e0ncia de \u201csortir a guanyar\u201d les eleccions generals perqu\u00e8 les pol\u00edtiques progressistes iniciades pel govern de Pedro S\u00e1nchez puguin tenir continu\u00eftat.<\/p>\n<p>Unes eleccions, ha continuat Maroto, que poden marcar la difer\u00e8ncia entre un govern de Pedro S\u00e1nchez que permeti consolidar els drets socials i llibertats adquirits aquests o que torni a governar la dreta, aquesta vegada de la m\u00e0 de la ultradreta, perqu\u00e8 \u201csi sumen, pactaran\u201d, ha concl\u00f2s Maroto.<\/p>\n<\/p><\/div><\/div>\n<\/div>\n<\/div>\n<\/div>\n<div class=\"col_dcha wpb_column columns small-12 medium-6 thb-dark-column\">\n<div class=\"vc_column-inner  \">\n<div class=\"wpb_wrapper\">\n<div class=\"wpb_text_column wpb_content_element  \">\n<div class=\"wpb_wrapper\">\n<p>La secret\u00e0ria general del PSIB-PSOE i presidenta del Govern de les Illes Balears, Francina Armengol, tamb\u00e9 ha fet costat la ministra i els candidats en aquest acte, en el qual ha recordat al centenar d\u2019assistents com \u00e9s de \u201cfonamental\u201d votar el 10 de novembre, precisament perqu\u00e8 \u201cja sabem com gestionen els amics del turisme\u201d crisis tan important com la de Thomas Cook.<\/p>\n<p>Armengol tamb\u00e9 ha demanat mobilitzaci\u00f3 per \u201cdecidir quin model pol\u00edtic volem per a Espanya\u201d. Un model pol\u00edtic que el Partit Socialista centra en les persones, especialment en les m\u00e9s vulnerables, ha recordat la socialista.<\/p>\n<p>El candidat al Congr\u00e9s dels Diputats, Pere Joan Pons, ha posat de relleu les vict\u00f2ries clares i contundents dels socialistes en les eleccions del 28 d\u2019abril i el 26 maig i ha demanat que es torni a votar amb la mateixa convicci\u00f3 el 10 de novembre, no nom\u00e9s per \u201ctornar a fer hist\u00f2ria\u201d, sin\u00f3 tamb\u00e9 per \u201cconsolidar totes pol\u00edtiques progressistes i combatre la dreta i l\u2019extrema dreta\u201d.<\/p>\n<p>Per la seva banda, el candidat al Senat per Mallorca, Cosme Bonet, ha qualificat de \u201csegona oportunitat per a la dreta i l\u2019extrema dreta\u201d aquests comicis generals, per la qual cosa ha insistit en el missatge de mobilitzaci\u00f3. \u201cJa sabem quin rostre t\u00e9 la dreta i ja sabem com d\u2019aviat es posen d\u2019acord\u201d, ha asseverat.<\/p>\n<p>L\u2019acte l\u2019ha presentat la batlessa d\u2019Alc\u00fadia, la socialista B\u00e0rbara Rebassa, qui ha aprofitat tamb\u00e9 per demanar als militants i simpatitzants que han acudit a l\u2019acte que el 10 de novembre no quedin a casa per fer possible \u201cun govern fort i que il\u00b7lusioni\u201d.<\/p>\n<\/p><\/div><\/div>\n<\/div>\n<\/div>\n<\/div>\n<\/div>\n<p>Source: Federaci\u00f3 de Mallorca &#8211; Municipis<\/p>\n","protected":false},"excerpt":{"rendered":"<p>La ministra d\u2019Ind\u00fastria ha participat en un acte a Alc\u00fadia amb els candidats al Congr\u00e9s i el Senat en el qual han assistit m\u00e9s de cent militants i simpatitzants La ministra d\u2019Ind\u00fastria, Comer\u00e7 i Turisme, Reyes Maroto, ha participat en un acte a Alc\u00fadia amb els candidats del PSIB-PSOE al Congr\u00e9s dels Diputats i el&hellip;<\/p>\n","protected":false},"author":1,"featured_media":24444,"comment_status":"closed","ping_status":"open","sticky":false,"template":"","format":"standard","meta":{"footnotes":""},"categories":[2,90],"tags":[],"class_list":["post-24443","post","type-post","status-publish","format-standard","has-post-thumbnail","hentry","category-federacio-de-mallorca","category-municipis"],"_links":{"self":[{"href":"https:\/\/www.psib-psoe.org\/mallorca\/wp-json\/wp\/v2\/posts\/24443"}],"collection":[{"href":"https:\/\/www.psib-psoe.org\/mallorca\/wp-json\/wp\/v2\/posts"}],"about":[{"href":"https:\/\/www.psib-psoe.org\/mallorca\/wp-json\/wp\/v2\/types\/post"}],"author":[{"embeddable":true,"href":"https:\/\/www.psib-psoe.org\/mallorca\/wp-json\/wp\/v2\/users\/1"}],"replies":[{"embeddable":true,"href":"https:\/\/www.psib-psoe.org\/mallorca\/wp-json\/wp\/v2\/comments?post=24443"}],"version-history":[{"count":0,"href":"https:\/\/www.psib-psoe.org\/mallorca\/wp-json\/wp\/v2\/posts\/24443\/revisions"}],"wp:featuredmedia":[{"embeddable":true,"href":"https:\/\/www.psib-psoe.org\/mallorca\/wp-json\/wp\/v2\/media\/24444"}],"wp:attachment":[{"href":"https:\/\/www.psib-psoe.org\/mallorca\/wp-json\/wp\/v2\/media?parent=24443"}],"wp:term":[{"taxonomy":"category","embeddable":true,"href":"https:\/\/www.psib-psoe.org\/mallorca\/wp-json\/wp\/v2\/categories?post=24443"},{"taxonomy":"post_tag","embeddable":true,"href":"https:\/\/www.psib-psoe.org\/mallorca\/wp-json\/wp\/v2\/tags?post=24443"}],"curies":[{"name":"wp","href":"https:\/\/api.w.org\/{rel}","templated":true}]}}