{"id":24452,"date":"2019-09-22T10:30:13","date_gmt":"2019-09-22T08:30:13","guid":{"rendered":"http:\/\/www.psib-psoe.org\/mallorca\/el-psib-psoe-condemna-i-rebutja-lassassinat-masclista-duna-dona-a-la-colonia-de-sant-jordi\/"},"modified":"2020-01-08T14:37:12","modified_gmt":"2020-01-08T12:37:12","slug":"el-psib-psoe-condemna-i-rebutja-lassassinat-masclista-duna-dona-a-la-colonia-de-sant-jordi","status":"publish","type":"post","link":"https:\/\/www.psib-psoe.org\/mallorca\/el-psib-psoe-condemna-i-rebutja-lassassinat-masclista-duna-dona-a-la-colonia-de-sant-jordi\/","title":{"rendered":"El PSIB-PSOE condemna i rebutja l\u2019assassinat masclista d\u2019una dona a la Col\u00f2nia de Sant Jordi"},"content":{"rendered":"<div class=\"row wpb_row row-fluid img_noticia\">\n<div class=\"wpb_column columns small-12 medium-12 thb-dark-column\">\n<div class=\"vc_column-inner  \">\n<div class=\"wpb_wrapper\">\n<div class=\"wpb_single_image wpb_content_element vc_align_center  vc_custom_1569140915605\">\n<figure class=\"wpb_wrapper vc_figure\">\n<div class=\"vc_single_image-wrapper   vc_box_border_grey\"><img loading=\"lazy\" decoding=\"async\" width=\"981\" height=\"1000\" src=\"http:\/\/www.psib-psoe.org\/wp-content\/uploads\/Aturem-les-viol\u00e8ncies-masclistes.jpg\" class=\"vc_single_image-img attachment-full\" alt=\"\" \/><\/div>\n<\/figure><\/div>\n<\/div>\n<\/div>\n<\/div>\n<\/div>\n<div class=\"row wpb_row row-fluid intro full-width-row vc_custom_1558336094678\">\n<div class=\"col_izq wpb_column columns small-12 medium-12 thb-dark-column\">\n<div class=\"vc_column-inner  \">\n<div class=\"wpb_wrapper\">\n<div class=\"wpb_text_column wpb_content_element  \">\n<div class=\"wpb_wrapper\">\n<p><em><u>Els socialistes insten a partits pol\u00edtics i societat a seguir treballant conjuntament fins a erradicar una xacra que avui s\u2019ha tornat a cobrar una v\u00edctima a les nostres illes. <\/u><\/em><\/p>\n<\/p><\/div><\/div>\n<\/div>\n<\/div>\n<\/div>\n<\/div>\n<div class=\"row wpb_row row-fluid full-width-row\">\n<div class=\"col_izq wpb_column columns small-12 medium-6 thb-dark-column\">\n<div class=\"vc_column-inner  \">\n<div class=\"wpb_wrapper\">\n<div class=\"wpb_text_column wpb_content_element  \">\n<div class=\"wpb_wrapper\">\n<p>Els Socialistes de les Illes Balears volen expressar el seu m\u00e9s absolut rebuig i condemna a l\u2019assassinat masclista d\u2019una dona de 59 anys a la Col\u00f2nia de Sant Jordi, a Mallorca.<\/p>\n<p>Des del PSIB-PSOE lamenten profundament aquest execrable succ\u00e9s i, des de la tristesa i la r\u00e0bia que suposa aquest nou assassinat masclista, volen expressar el seu condol i solidaritat als familiars i amics de la v\u00edctima.<\/p>\n<\/p><\/div><\/div>\n<\/div>\n<\/div>\n<\/div>\n<div class=\"col_dcha wpb_column columns small-12 medium-6 thb-dark-column\">\n<div class=\"vc_column-inner  \">\n<div class=\"wpb_wrapper\">\n<div class=\"wpb_text_column wpb_content_element  \">\n<div class=\"wpb_wrapper\">\n<p>Els socialistes participaran a tots els minuts de silenci i accions de rebuig contra aquest crim que es convoquin en els pr\u00f2xims dies i insten a tota la societat a tenir toler\u00e0ncia zero contra el maltractament.<\/p>\n<p>A m\u00e9s a m\u00e9s, des del PSIB-PSOE consideren fonamental enfortir la lluita contra la viol\u00e8ncia masclista, per la qual cosa insten a partits pol\u00edtics i societat a seguir treballant conjuntament fins a erradicar una xacra que avui s\u2019ha tornat a cobrar una v\u00edctima a les nostres illes.<\/p>\n<\/p><\/div><\/div>\n<\/div>\n<\/div>\n<\/div>\n<\/div>\n<p>Source: Federaci\u00f3 de Mallorca &#8211; Municipis<\/p>\n","protected":false},"excerpt":{"rendered":"<p>Els socialistes insten a partits pol\u00edtics i societat a seguir treballant conjuntament fins a erradicar una xacra que avui s\u2019ha tornat a cobrar una v\u00edctima a les nostres illes. Els Socialistes de les Illes Balears volen expressar el seu m\u00e9s absolut rebuig i condemna a l\u2019assassinat masclista d\u2019una dona de 59 anys a la Col\u00f2nia&hellip;<\/p>\n","protected":false},"author":1,"featured_media":24453,"comment_status":"closed","ping_status":"open","sticky":false,"template":"","format":"standard","meta":{"footnotes":""},"categories":[2,90],"tags":[],"class_list":["post-24452","post","type-post","status-publish","format-standard","has-post-thumbnail","hentry","category-federacio-de-mallorca","category-municipis"],"_links":{"self":[{"href":"https:\/\/www.psib-psoe.org\/mallorca\/wp-json\/wp\/v2\/posts\/24452"}],"collection":[{"href":"https:\/\/www.psib-psoe.org\/mallorca\/wp-json\/wp\/v2\/posts"}],"about":[{"href":"https:\/\/www.psib-psoe.org\/mallorca\/wp-json\/wp\/v2\/types\/post"}],"author":[{"embeddable":true,"href":"https:\/\/www.psib-psoe.org\/mallorca\/wp-json\/wp\/v2\/users\/1"}],"replies":[{"embeddable":true,"href":"https:\/\/www.psib-psoe.org\/mallorca\/wp-json\/wp\/v2\/comments?post=24452"}],"version-history":[{"count":0,"href":"https:\/\/www.psib-psoe.org\/mallorca\/wp-json\/wp\/v2\/posts\/24452\/revisions"}],"wp:featuredmedia":[{"embeddable":true,"href":"https:\/\/www.psib-psoe.org\/mallorca\/wp-json\/wp\/v2\/media\/24453"}],"wp:attachment":[{"href":"https:\/\/www.psib-psoe.org\/mallorca\/wp-json\/wp\/v2\/media?parent=24452"}],"wp:term":[{"taxonomy":"category","embeddable":true,"href":"https:\/\/www.psib-psoe.org\/mallorca\/wp-json\/wp\/v2\/categories?post=24452"},{"taxonomy":"post_tag","embeddable":true,"href":"https:\/\/www.psib-psoe.org\/mallorca\/wp-json\/wp\/v2\/tags?post=24452"}],"curies":[{"name":"wp","href":"https:\/\/api.w.org\/{rel}","templated":true}]}}