{"id":24461,"date":"2019-08-01T10:21:12","date_gmt":"2019-08-01T08:21:12","guid":{"rendered":"http:\/\/www.psib-psoe.org\/mallorca\/cosme-bonet-es-elegit-president-de-la-comissio-dhisenda-del-senat-i-susanna-moll-vicepresidenta-de-la-dindustria-turisme-i-comerc\/"},"modified":"2019-08-01T10:21:12","modified_gmt":"2019-08-01T08:21:12","slug":"cosme-bonet-es-elegit-president-de-la-comissio-dhisenda-del-senat-i-susanna-moll-vicepresidenta-de-la-dindustria-turisme-i-comerc","status":"publish","type":"post","link":"https:\/\/www.psib-psoe.org\/mallorca\/cosme-bonet-es-elegit-president-de-la-comissio-dhisenda-del-senat-i-susanna-moll-vicepresidenta-de-la-dindustria-turisme-i-comerc\/","title":{"rendered":"Cosme Bonet \u00e9s elegit president de la Comissi\u00f3 d\u2019Hisenda del Senat i Susanna Moll, vicepresidenta de la d\u2019Ind\u00fastria, Turisme i Comer\u00e7"},"content":{"rendered":"<div class=\"row wpb_row row-fluid img_noticia\">\n<div class=\"wpb_column columns small-12 medium-12 thb-dark-column\">\n<div class=\"vc_column-inner  \">\n<div class=\"wpb_wrapper\">\n<div class=\"wpb_single_image wpb_content_element vc_align_center  vc_custom_1564647557018\">\n<figure class=\"wpb_wrapper vc_figure\">\n<div class=\"vc_single_image-wrapper   vc_box_border_grey\"><img loading=\"lazy\" decoding=\"async\" width=\"910\" height=\"1000\" src=\"http:\/\/www.psib-psoe.org\/wp-content\/uploads\/Senadors-socialistes-2019.jpg\" class=\"vc_single_image-img attachment-full\" alt=\"\" \/><\/div>\n<\/figure><\/div>\n<\/div>\n<\/div>\n<\/div>\n<\/div>\n<div class=\"row wpb_row row-fluid intro full-width-row vc_custom_1558336094678\">\n<div class=\"col_izq wpb_column columns small-12 medium-12 thb-dark-column\">\n<div class=\"vc_column-inner  \">\n<div class=\"wpb_wrapper\">\n<div class=\"wpb_text_column wpb_content_element  \">\n<div class=\"wpb_wrapper\">\n<p><em><u>Patricia Abascal ser\u00e0 la portaveu socialista a la Comissi\u00f3 de Discapacitat de la cambra alta mentre que Carme Garc\u00eda ho ser\u00e0 a la d\u2019Economia i Empresa<\/u><\/em><\/p>\n<\/p><\/div><\/div>\n<\/div>\n<\/div>\n<\/div>\n<\/div>\n<div class=\"row wpb_row row-fluid full-width-row\">\n<div class=\"col_izq wpb_column columns small-12 medium-6 thb-dark-column\">\n<div class=\"vc_column-inner  \">\n<div class=\"wpb_wrapper\">\n<div class=\"wpb_text_column wpb_content_element  \">\n<div class=\"wpb_wrapper\">\n<p>El Senat ha constitu\u00eft les comissions de les quals els senadors i senadores socialistes de les illes en tendran un paper fonamental.<\/p>\n<p>D\u2019aquesta manera, el senador per Mallorca, Cosme Bonet, ha estat elegit president de la Comissi\u00f3 d\u2019Hisenda, avalat per l\u2019experi\u00e8ncia d\u2019aquests quatre darrers anys com a conseller d\u2019Economia, Hisenda i Turisme del Consell de Mallorca.<\/p>\n<p>A m\u00e9s a m\u00e9s, el senador socialista tamb\u00e9 ser\u00e0 vocal de les comissions d\u2019Assumptes Exteriors i de Peticions, a m\u00e9s de membre de la Diputaci\u00f3 Permanent del Senat.<\/p>\n<p>Pel que fa a la senadora per Mallorca, Susanna Moll, ha estat elegida vicepresidenta de la Comissi\u00f3 d\u2019Ind\u00fastria, Turisme i Comer\u00e7, clau en la defensa dels interessos de la principal ind\u00fastria de l\u2019illa, i vocal de les comissions d\u2019Assumptes Iberoamericans, d\u2019Incompatibilitats i de Sanitat, Consum i Benestar Social.<\/p>\n<\/p><\/div><\/div>\n<\/div>\n<\/div>\n<\/div>\n<div class=\"col_dcha wpb_column columns small-12 medium-6 thb-dark-column\">\n<div class=\"vc_column-inner  \">\n<div class=\"wpb_wrapper\">\n<div class=\"wpb_text_column wpb_content_element  \">\n<div class=\"wpb_wrapper\">\n<p>Patricia Abascal, senadora per Eivissa i Formentera, ser\u00e0 la portaveu del Grup Parlamentari Socialista del Senat a la Comissi\u00f3 de Discapacitat i vocal a les comissions Mixta de Seguretat Nacional, Treball, Migraci\u00f3 i Seguretat Social i a la Constitucional.<\/p>\n<p>Finalment, la senadora per Menorca, Carme Garcia Querol, ha estat elegida portaveu socialista de la Comissi\u00f3 d\u2019Economia i Empresa i vocal a les comissions de les Comunitats Aut\u00f2nomes, a la d\u2019Entitats Locals i a la de Funci\u00f3 P\u00fablica.<\/p>\n<p>Amb aquesta distribuci\u00f3, els senadors i senadores socialistes de les Illes Balears faran feina amb temes claus per al futur i els interessos de la nostra comunitat aut\u00f2noma, desenvolupant una tasca que es veur\u00e0 refor\u00e7ada amb la constituci\u00f3 del Grup Territorial de senadors socialistes de les Illes Balears, aprovada pel Consell Pol\u00edtic del PSIB-PSOE.<\/p>\n<\/p><\/div><\/div>\n<\/div>\n<\/div>\n<\/div>\n<\/div>\n<p>Source: Actualitat Fedaraci\u00f3 Mallorca<\/p>\n","protected":false},"excerpt":{"rendered":"<p>Patricia Abascal ser\u00e0 la portaveu socialista a la Comissi\u00f3 de Discapacitat de la cambra alta mentre que Carme Garc\u00eda ho ser\u00e0 a la d\u2019Economia i Empresa El Senat ha constitu\u00eft les comissions de les quals els senadors i senadores socialistes de les illes en tendran un paper fonamental. D\u2019aquesta manera, el senador per Mallorca, Cosme&hellip;<\/p>\n","protected":false},"author":1,"featured_media":24462,"comment_status":"false","ping_status":"open","sticky":false,"template":"","format":"standard","meta":{"footnotes":""},"categories":[2],"tags":[],"class_list":["post-24461","post","type-post","status-publish","format-standard","has-post-thumbnail","hentry","category-federacio-de-mallorca"],"_links":{"self":[{"href":"https:\/\/www.psib-psoe.org\/mallorca\/wp-json\/wp\/v2\/posts\/24461"}],"collection":[{"href":"https:\/\/www.psib-psoe.org\/mallorca\/wp-json\/wp\/v2\/posts"}],"about":[{"href":"https:\/\/www.psib-psoe.org\/mallorca\/wp-json\/wp\/v2\/types\/post"}],"author":[{"embeddable":true,"href":"https:\/\/www.psib-psoe.org\/mallorca\/wp-json\/wp\/v2\/users\/1"}],"replies":[{"embeddable":true,"href":"https:\/\/www.psib-psoe.org\/mallorca\/wp-json\/wp\/v2\/comments?post=24461"}],"version-history":[{"count":0,"href":"https:\/\/www.psib-psoe.org\/mallorca\/wp-json\/wp\/v2\/posts\/24461\/revisions"}],"wp:featuredmedia":[{"embeddable":true,"href":"https:\/\/www.psib-psoe.org\/mallorca\/wp-json\/wp\/v2\/media\/24462"}],"wp:attachment":[{"href":"https:\/\/www.psib-psoe.org\/mallorca\/wp-json\/wp\/v2\/media?parent=24461"}],"wp:term":[{"taxonomy":"category","embeddable":true,"href":"https:\/\/www.psib-psoe.org\/mallorca\/wp-json\/wp\/v2\/categories?post=24461"},{"taxonomy":"post_tag","embeddable":true,"href":"https:\/\/www.psib-psoe.org\/mallorca\/wp-json\/wp\/v2\/tags?post=24461"}],"curies":[{"name":"wp","href":"https:\/\/api.w.org\/{rel}","templated":true}]}}