{"id":24467,"date":"2019-01-18T12:20:49","date_gmt":"2019-01-18T10:20:49","guid":{"rendered":"http:\/\/www.psib-psoe.org\/mallorca\/catalina-cladera-presenta-als-militants-de-palma-la-seva-proposta-basada-en-el-municipalisme-per-a-la-institucio-insular\/"},"modified":"2020-01-08T14:58:14","modified_gmt":"2020-01-08T12:58:14","slug":"catalina-cladera-presenta-als-militants-de-palma-la-seva-proposta-basada-en-el-municipalisme-per-a-la-institucio-insular","status":"publish","type":"post","link":"https:\/\/www.psib-psoe.org\/mallorca\/catalina-cladera-presenta-als-militants-de-palma-la-seva-proposta-basada-en-el-municipalisme-per-a-la-institucio-insular\/","title":{"rendered":"Catalina Cladera presenta als militants de Palma la seva proposta \u201cbasada en el municipalisme\u201d per a la instituci\u00f3 insular"},"content":{"rendered":"<div class=\"row wpb_row row-fluid img_noticia\">\n<div class=\"wpb_column columns small-12 medium-12 thb-dark-column\">\n<div class=\"vc_column-inner  \">\n<div class=\"wpb_wrapper\">\n<div class=\"wpb_single_image wpb_content_element vc_align_center  vc_custom_1560767703671\">\n<figure class=\"wpb_wrapper vc_figure\">\n<div class=\"vc_single_image-wrapper   vc_box_border_grey\"><img loading=\"lazy\" decoding=\"async\" width=\"1000\" height=\"774\" src=\"http:\/\/www.psib-psoe.org\/wp-content\/uploads\/presentacio-a-palma-de-catalina-cladera-candidata-consell-gener-2019.jpeg\" class=\"vc_single_image-img attachment-full\" alt=\"\" \/><\/div>\n<\/figure><\/div>\n<\/div>\n<\/div>\n<\/div>\n<\/div>\n<div class=\"row wpb_row row-fluid intro full-width-row vc_custom_1558336094678\">\n<div class=\"col_izq wpb_column columns small-12 medium-12 thb-dark-column\">\n<div class=\"vc_column-inner  \">\n<div class=\"wpb_wrapper\">\n<div class=\"wpb_text_column wpb_content_element  \">\n<div class=\"wpb_wrapper\">\n<p><em><u>Catalina Cladera ha defensat la feina feta aquests 4 anys en la recuperaci\u00f3 de drets i prestacions socials i ha posat de relleu les \u201cinversions reals\u201d que han arribat a Palma fruit de la Llei de Capitalitat<\/u><\/em><\/p>\n<\/p><\/div><\/div>\n<\/div>\n<\/div>\n<\/div>\n<\/div>\n<div class=\"row wpb_row row-fluid full-width-row\">\n<div class=\"col_izq wpb_column columns small-12 medium-6 thb-dark-column\">\n<div class=\"vc_column-inner  \">\n<div class=\"wpb_wrapper\">\n<div class=\"wpb_text_column wpb_content_element  \">\n<div class=\"wpb_wrapper\">\n<p>La precandidata del PSIB-PSOE al Consell de Mallorca, Catalina Cladera, ha presentat a la milit\u00e0ncia socialista de Palma les seves propostes per a la instituci\u00f3 insular. Cladera ha comen\u00e7at la intervenci\u00f3 recordant la feina feta els darrers 4 anys, \u201cque ha servit per recuperar drets i prestacions socials per a tots els ciutadans de les Illes Balears\u201d, cosa que, ha recordat \u201cestam obligats a seguir lluitant perqu\u00e8 s\u00f3n aquests drets els que fan de la nostra societat un exemple d&#8217;igualtat d&#8217;oportunitats i no una societat classista, retr\u00f2grada i injusta\u201d.<\/p>\n<p>En aquest sentit, Cladera ha insistit en la necessitat de defensar aquests drets socials \u201cdels atacs de la dreta, m\u00e9s dreta que mai en els darrers 40 anys\u201d i ha apel\u00b7lat a la unitat del partit per fer front \u201cals perills que amenacen amb fer enrere totes aquests conquestes socials que hem assolit\u201d. \u201cEl nostre poder municipal encara \u00e9s m\u00e9s evident si ens mostram units contra la involuci\u00f3 democr\u00e0tica, els totalitarismes i les injust\u00edcies socials\u201d, ha remarcat Cladera.<\/p>\n<\/p><\/div><\/div>\n<\/div>\n<\/div>\n<\/div>\n<div class=\"col_dcha wpb_column columns small-12 medium-6 thb-dark-column\">\n<div class=\"vc_column-inner  \">\n<div class=\"wpb_wrapper\">\n<div class=\"wpb_text_column wpb_content_element  \">\n<div class=\"wpb_wrapper\">\n<p>Cladera tamb\u00e9 ha defensat la feina feta els darrers quatre anys, una feina que ha servit per recuperar drets i prestacions socials. Alhora ha remarcat que encap\u00e7ala aquest projecte \u201cper continuar amb les pol\u00edtiques que hem duit a terme aquesta legislatura, per seguir garantint la qualitat de vida dels ciutadans i per sortir de les pol\u00edtiques que varen malmenar l\u2019estat del benestar. \u00c9s aqu\u00ed cap a on hem de seguir fent feina\u201d, ha destacat.<\/p>\n<p>La precandidata al Consell de Mallorca tamb\u00e9 ha posat de relleu les inversions que aquesta legislatura han arribat a Palma fruit de la Llei de Capitalitat i ha insistit en la necessitat de continuar aquest cam\u00ed en la pr\u00f2xima legislatura. \u201cDes del Consell de Mallorca hem de fer feina plegats [amb Palma] en pol\u00edtiques de mobilitat, habitatge i serveis socials\u201d.<\/p>\n<\/p><\/div><\/div>\n<\/div>\n<\/div>\n<\/div>\n<\/div>\n<p>Source: Actualitat Fedaraci\u00f3 Mallorca<\/p>\n","protected":false},"excerpt":{"rendered":"<p>Catalina Cladera ha defensat la feina feta aquests 4 anys en la recuperaci\u00f3 de drets i prestacions socials i ha posat de relleu les \u201cinversions reals\u201d que han arribat a Palma fruit de la Llei de Capitalitat La precandidata del PSIB-PSOE al Consell de Mallorca, Catalina Cladera, ha presentat a la milit\u00e0ncia socialista de Palma&hellip;<\/p>\n","protected":false},"author":1,"featured_media":24468,"comment_status":"closed","ping_status":"open","sticky":false,"template":"","format":"standard","meta":{"footnotes":""},"categories":[2,90],"tags":[],"class_list":["post-24467","post","type-post","status-publish","format-standard","has-post-thumbnail","hentry","category-federacio-de-mallorca","category-municipis"],"_links":{"self":[{"href":"https:\/\/www.psib-psoe.org\/mallorca\/wp-json\/wp\/v2\/posts\/24467"}],"collection":[{"href":"https:\/\/www.psib-psoe.org\/mallorca\/wp-json\/wp\/v2\/posts"}],"about":[{"href":"https:\/\/www.psib-psoe.org\/mallorca\/wp-json\/wp\/v2\/types\/post"}],"author":[{"embeddable":true,"href":"https:\/\/www.psib-psoe.org\/mallorca\/wp-json\/wp\/v2\/users\/1"}],"replies":[{"embeddable":true,"href":"https:\/\/www.psib-psoe.org\/mallorca\/wp-json\/wp\/v2\/comments?post=24467"}],"version-history":[{"count":0,"href":"https:\/\/www.psib-psoe.org\/mallorca\/wp-json\/wp\/v2\/posts\/24467\/revisions"}],"wp:featuredmedia":[{"embeddable":true,"href":"https:\/\/www.psib-psoe.org\/mallorca\/wp-json\/wp\/v2\/media\/24468"}],"wp:attachment":[{"href":"https:\/\/www.psib-psoe.org\/mallorca\/wp-json\/wp\/v2\/media?parent=24467"}],"wp:term":[{"taxonomy":"category","embeddable":true,"href":"https:\/\/www.psib-psoe.org\/mallorca\/wp-json\/wp\/v2\/categories?post=24467"},{"taxonomy":"post_tag","embeddable":true,"href":"https:\/\/www.psib-psoe.org\/mallorca\/wp-json\/wp\/v2\/tags?post=24467"}],"curies":[{"name":"wp","href":"https:\/\/api.w.org\/{rel}","templated":true}]}}