{"id":24470,"date":"2019-05-01T16:25:59","date_gmt":"2019-05-01T14:25:59","guid":{"rendered":"http:\/\/www.psib-psoe.org\/mallorca\/armengol-demana-repetir-una-gran-mobilitzacio-el-26-de-maig-perque-amb-quatre-anys-de-governs-socialistes-aqui-i-a-madrid-podrem-avancar-moltissim-i-fer-els-nostres-somnis-realitat\/"},"modified":"2020-01-08T14:48:39","modified_gmt":"2020-01-08T12:48:39","slug":"armengol-demana-repetir-una-gran-mobilitzacio-el-26-de-maig-perque-amb-quatre-anys-de-governs-socialistes-aqui-i-a-madrid-podrem-avancar-moltissim-i-fer-els-nostres-somnis-realitat","status":"publish","type":"post","link":"https:\/\/www.psib-psoe.org\/mallorca\/armengol-demana-repetir-una-gran-mobilitzacio-el-26-de-maig-perque-amb-quatre-anys-de-governs-socialistes-aqui-i-a-madrid-podrem-avancar-moltissim-i-fer-els-nostres-somnis-realitat\/","title":{"rendered":"Armengol demana repetir una gran mobilitzaci\u00f3 el 26 de maig \u201cperqu\u00e8 amb quatre anys de governs socialistes aqu\u00ed i a Madrid podrem avan\u00e7ar molt\u00edssim i fer els nostres somnis realitat\u201d"},"content":{"rendered":"<div class=\"row wpb_row row-fluid img_noticia\">\n<div class=\"wpb_column columns small-12 medium-12 thb-dark-column\">\n<div class=\"vc_column-inner  \">\n<div class=\"wpb_wrapper\">\n<div class=\"wpb_single_image wpb_content_element vc_align_center  vc_custom_1559119394573\">\n<figure class=\"wpb_wrapper vc_figure\">\n<div class=\"vc_single_image-wrapper   vc_box_border_grey\"><img loading=\"lazy\" decoding=\"async\" width=\"1000\" height=\"750\" src=\"http:\/\/www.psib-psoe.org\/wp-content\/uploads\/190501_Sencelles.jpg\" class=\"vc_single_image-img attachment-full\" alt=\"\" \/><\/div>\n<\/figure><\/div>\n<\/div>\n<\/div>\n<\/div>\n<\/div>\n<div class=\"row wpb_row row-fluid intro full-width-row vc_custom_1558336094678\">\n<div class=\"col_izq wpb_column columns small-12 medium-12 thb-dark-column\">\n<div class=\"vc_column-inner  \">\n<div class=\"wpb_wrapper\">\n<div class=\"wpb_text_column wpb_content_element  \">\n<div class=\"wpb_wrapper\">\n<p><span style=\"text-decoration: underline\"><em>Unes 200 persones han participat a la presentaci\u00f3 de la candidatura de Sencelles, encap\u00e7alada per Tomeu Morro, que tampoc s\u2019han volgut perdre Mercedes Garrido i Francina Armengol<\/em><\/span><\/p>\n<\/p><\/div><\/div>\n<\/div>\n<\/div>\n<\/div>\n<\/div>\n<div class=\"row wpb_row row-fluid full-width-row\">\n<div class=\"col_izq wpb_column columns small-12 medium-6 thb-dark-column\">\n<div class=\"vc_column-inner  \">\n<div class=\"wpb_wrapper\">\n<div class=\"wpb_text_column wpb_content_element  \">\n<div class=\"wpb_wrapper\">\n<p>La Secret\u00e0ria General del PSIB-PSOE tamb\u00e9 ha agra\u00eft a la candidatura de Sencelles \u201cfer una passa valenta per treballar pel municipi\u201d i \u201cmantenir viu el socialisme a Sencelles, aconseguint que any rere any segueixi creixent\u201d.<\/p>\n<p>Els socialistes de Sencelles han presentat avui la seva candidatura per a les eleccions del pr\u00f2xim 26 de maig, encap\u00e7alada per Tomeu Morro, en un dinar amb prop de 200 persones al que han assistit la Secret\u00e0ria General del PSIB-PSOE i candidata al Govern de les Illes Balears, Francina Armengol, i la Secret\u00e0ria General dels i les Socialistes de Mallorca, Mercedes Garrido.<\/p>\n<p>Armengol ha aprofitat per agrair \u201cels magn\u00edfics resultats del Partit Socialista diumenge passat\u201d, assegurant que \u201cv\u00e0rem sortir a les urnes per triar una Espanya m\u00e9s coherent, m\u00e9s educada i m\u00e9s social, amb pol\u00edtics valents que posin les persones en el centre de les pol\u00edtiques\u201d.<\/p>\n<p>\u201cAquests 10 mesos amb governs socialistes aqu\u00ed i a Madrid hem avan\u00e7at molt\u00edssim\u201d, ha assegurat la candidata al Govern, afirmant que \u201csi jo s\u00f3c presidenta aqu\u00ed i Pedro S\u00e1nchez ho \u00e9s a Madrid, treballarem molt\u00edssim per fer realitat els somnis que tenim\u201d.<\/p>\n<p>Perqu\u00e8 aix\u00f2 sigui possible, per\u00f2, Armengol ha advertit que \u201cdia 26 de maig hem de repetir la mobilitzaci\u00f3 de diumenge passat, ja que \u201cens jugam quina educaci\u00f3, quina sanitat, quines pol\u00edtiques socials i quina ocupaci\u00f3 volem a les illes\u201d.<\/p>\n<p>En una data assenyalada com el Dia del Treballador, Armengol ha recordat que aquesta legislatura \u201chem creat m\u00e9s de 70.000 llocs de feina, millorat m\u00e9s de 24.000 contractes, afavorit els joves i aturats de llarga durada\u201d, per\u00f2 ha assegurat que \u201cqueda molt\u00edssim per fer\u201d i per aix\u00f2 \u201cnecessitam quatre anys m\u00e9s per donar continu\u00eftat a aquestes pol\u00edtiques\u201d.<\/p>\n<\/p><\/div><\/div>\n<\/div>\n<\/div>\n<\/div>\n<div class=\"col_dcha wpb_column columns small-12 medium-6 thb-dark-column\">\n<div class=\"vc_column-inner  \">\n<div class=\"wpb_wrapper\">\n<div class=\"wpb_text_column wpb_content_element  \">\n<div class=\"wpb_wrapper\">\n<p>En aquest sentit, ha destacat que el cap de llista senceller, Tomeu Morro, \u201cestima intensament el seu poble, i per aix\u00f2 far\u00e0 una feinada per aconseguir el millor pel municipi i per la gent que hi viu\u201d.<\/p>\n<p>En aquest punt ha coincidit amb la Secret\u00e0ria General dels i les Socialistes de Mallorca, Mercedes Garrido, que ha assegurat que Tomeu Morro \u201c\u00e9s una persona de confian\u00e7a, que representa el comprom\u00eds i les ganes d\u2019ajudar sempre els que ho necessiten\u201d i per aix\u00f2 \u201cSencelles tindr\u00e0 la sort de tornar-lo a tenir de batle a partir del 26 de maig.<\/p>\n<p><strong>Un projecte per a totes les edats a Sencelles<\/strong><\/p>\n<p>Per la seva banda, el candidat a la batlia de Sencelles, ha presentat una llista \u201cmescla d\u2019experi\u00e8ncia i joventut\u201d per\u00f2 \u201cplena de persones amb moltes ganes de donar continu\u00eftat a la feina que hem estat fent aquests darrers quatre anys\u201d.<\/p>\n<p>Morro ha explicat les l\u00ednies generals del seu programa, centrat en la mobilitat, l\u2019economia, la cultura i els joves, i ha assegurat que \u201cfarem feina per un Sencelles que es pugui viure a peu i que sigui un motor per atraure turisme en temporada baixa\u201d.<\/p>\n<p>Aix\u00ed mateix, el socialista s\u2019ha comprom\u00e8s a fer de Sencelles \u201cun poble amb projecte per als joves\u201d i aconseguir que el municipi sigui declarat amic de la inf\u00e0ncia i la joventut, a m\u00e9s d\u2019impulsar un programa d\u2019envelliment actiu que doni resposta a les necessitats de la gent gran.<\/p>\n<\/p><\/div><\/div>\n<\/div>\n<\/div>\n<\/div>\n<\/div>\n<p>Source: Federaci\u00f3 de Mallorca &#8211; Municipis<\/p>\n","protected":false},"excerpt":{"rendered":"<p>Unes 200 persones han participat a la presentaci\u00f3 de la candidatura de Sencelles, encap\u00e7alada per Tomeu Morro, que tampoc s\u2019han volgut perdre Mercedes Garrido i Francina Armengol La Secret\u00e0ria General del PSIB-PSOE tamb\u00e9 ha agra\u00eft a la candidatura de Sencelles \u201cfer una passa valenta per treballar pel municipi\u201d i \u201cmantenir viu el socialisme a Sencelles,&hellip;<\/p>\n","protected":false},"author":1,"featured_media":24471,"comment_status":"closed","ping_status":"open","sticky":false,"template":"","format":"standard","meta":{"footnotes":""},"categories":[2,90],"tags":[],"class_list":["post-24470","post","type-post","status-publish","format-standard","has-post-thumbnail","hentry","category-federacio-de-mallorca","category-municipis"],"_links":{"self":[{"href":"https:\/\/www.psib-psoe.org\/mallorca\/wp-json\/wp\/v2\/posts\/24470"}],"collection":[{"href":"https:\/\/www.psib-psoe.org\/mallorca\/wp-json\/wp\/v2\/posts"}],"about":[{"href":"https:\/\/www.psib-psoe.org\/mallorca\/wp-json\/wp\/v2\/types\/post"}],"author":[{"embeddable":true,"href":"https:\/\/www.psib-psoe.org\/mallorca\/wp-json\/wp\/v2\/users\/1"}],"replies":[{"embeddable":true,"href":"https:\/\/www.psib-psoe.org\/mallorca\/wp-json\/wp\/v2\/comments?post=24470"}],"version-history":[{"count":0,"href":"https:\/\/www.psib-psoe.org\/mallorca\/wp-json\/wp\/v2\/posts\/24470\/revisions"}],"wp:featuredmedia":[{"embeddable":true,"href":"https:\/\/www.psib-psoe.org\/mallorca\/wp-json\/wp\/v2\/media\/24471"}],"wp:attachment":[{"href":"https:\/\/www.psib-psoe.org\/mallorca\/wp-json\/wp\/v2\/media?parent=24470"}],"wp:term":[{"taxonomy":"category","embeddable":true,"href":"https:\/\/www.psib-psoe.org\/mallorca\/wp-json\/wp\/v2\/categories?post=24470"},{"taxonomy":"post_tag","embeddable":true,"href":"https:\/\/www.psib-psoe.org\/mallorca\/wp-json\/wp\/v2\/tags?post=24470"}],"curies":[{"name":"wp","href":"https:\/\/api.w.org\/{rel}","templated":true}]}}