{"id":24476,"date":"2019-05-13T13:22:21","date_gmt":"2019-05-13T11:22:21","guid":{"rendered":"http:\/\/www.psib-psoe.org\/mallorca\/meritxell-batet-ara-cal-anar-a-per-totes-el-26-de-maig-per-revalidar-els-resultats-del-28-dabril\/"},"modified":"2020-01-08T14:47:48","modified_gmt":"2020-01-08T12:47:48","slug":"meritxell-batet-ara-cal-anar-a-per-totes-el-26-de-maig-per-revalidar-els-resultats-del-28-dabril","status":"publish","type":"post","link":"https:\/\/www.psib-psoe.org\/mallorca\/meritxell-batet-ara-cal-anar-a-per-totes-el-26-de-maig-per-revalidar-els-resultats-del-28-dabril\/","title":{"rendered":"Meritxell Batet: \u201cAra cal anar a per totes el 26 de maig per revalidar els resultats del 28 d\u2019abril\u201d"},"content":{"rendered":"<div class=\"row wpb_row row-fluid img_noticia\">\n<div class=\"wpb_column columns small-12 medium-12 thb-dark-column\">\n<div class=\"vc_column-inner  \">\n<div class=\"wpb_wrapper\">\n<div class=\"wpb_single_image wpb_content_element vc_align_center  vc_custom_1559647521823\">\n<figure class=\"wpb_wrapper vc_figure\">\n<div class=\"vc_single_image-wrapper   vc_box_border_grey\"><img loading=\"lazy\" decoding=\"async\" width=\"1000\" height=\"526\" src=\"http:\/\/www.psib-psoe.org\/wp-content\/uploads\/francina-armengol-meritxell-batet-presentacio-candidats-municipals-maig-2019.jpg\" class=\"vc_single_image-img attachment-full\" alt=\"\" \/><\/div>\n<\/figure><\/div>\n<\/div>\n<\/div>\n<\/div>\n<\/div>\n<div class=\"row wpb_row row-fluid intro full-width-row vc_custom_1558336094678\">\n<div class=\"col_izq wpb_column columns small-12 medium-12 thb-dark-column\">\n<div class=\"vc_column-inner  \">\n<div class=\"wpb_wrapper\">\n<div class=\"wpb_text_column wpb_content_element  \">\n<div class=\"wpb_wrapper\">\n<p><em><u>El PSIB-PSOE ha presentat els candidats municipals en un acte en qu\u00e8 tamb\u00e9 ha participat la candidata a la presid\u00e8ncia del Govern de les Illes Balears, Francina Armengol, i la candidata al Parlament Europeu, Al\u00edcia Homs<\/u><\/em><\/p>\n<\/p><\/div><\/div>\n<\/div>\n<\/div>\n<\/div>\n<\/div>\n<div class=\"row wpb_row row-fluid full-width-row\">\n<div class=\"col_izq wpb_column columns small-12 medium-6 thb-dark-column\">\n<div class=\"vc_column-inner  \">\n<div class=\"wpb_wrapper\">\n<div class=\"wpb_text_column wpb_content_element  \">\n<div class=\"wpb_wrapper\">\n<p>La ministra en funcions de Pol\u00edtica Territorial i Funci\u00f3 P\u00fablica del Govern d\u2019Espanya, Meritxell Batet, ha fet costat al PSIB-PSOE en la presentaci\u00f3 dels candidats municipals en un acte celebrat a Llucmajor i al qual tamb\u00e9 ha assistit la candidata socialista al Govern de les Illes Balears, Francina Armengol.<\/p>\n<p>Batet ha demanat \u201canar a per totes\u201d el 26 de maig perqu\u00e8, ha dit, \u201ccal revalidar els resultats dels 28 d\u2019abril\u201d. \u201cSom el partit que aposta per la regeneraci\u00f3 democr\u00e0tica, la conviv\u00e8ncia i el progr\u00e9s\u201d, ha dit, just abans de recordar que \u201chem de tornar a omplir les urnes amb vots socialistes, perqu\u00e8 res no est\u00e0 fet i no ens podem confiar\u201d.<\/p>\n<p>La ministra en funcions ha enviat un missatge a tots els c\u00e0rrecs socialistes que aquesta legislatura han estat a les institucions i els ha agra\u00eft haver demostrat \u201cque el pacte, el di\u00e0leg i la capacitat d\u2019entendre\u2019s amb qui pensa diferent porta benestar i millora la vida de les persones, que \u00e9s el nostre objectiu\u201d.<\/p>\n<p>Respecte d\u2019aix\u00f2, Batet ha recordat com la vict\u00f2ria socialista del 28 d\u2019abril \u201cens va col\u00b7locar en una situaci\u00f3 de fortalesa\u201d i que aix\u00f2 \u00e9s degut al fet que \u201centenem aquest pa\u00eds des de la seva diversitat i la pluralitat, fet del qual ens sentim orgullosos\u201d.<\/p>\n<p>Europa tamb\u00e9 ha centrat part de la intervenci\u00f3 de Batet, qui ha destacat el paper d\u2019un socialisme \u201cm\u00e9s necessari que mai en un moment en el qual els populismes i l\u2019antieuropeisme creixen\u201d. \u201cHem de reivindicar els valors que feren possible construir la Uni\u00f3 Europea, i ning\u00fa no els encarna millor que el Partit Socialista\u201d, ha remarcat.<\/p>\n<p>En aquest sentit, Batet ha exposat com la millor manera \u201cd\u2019acabar amb la precarietat i la desigualtat\u201d \u00e9s amb la concurr\u00e8ncia de totes les administracions, \u201cper aix\u00f2 \u00e9s imprescindible que el Govern d\u2019Espanya estigui acompanyat per governs socialistes a totes les institucions\u201d, des d\u2019Europa fins als municipis.<\/p>\n<p>Aix\u00ed mateix, Batet s\u2019ha comprom\u00e8s a reprendre les negociacions de la part fiscal del R\u00e8gim Especial de Balears \u201ctan bon punt el Govern d\u2019Espanya estigui format i Francina Armengol, la millor defensora de les Illes Balears, torni a ser presidenta\u201d.<\/p>\n<p>Per la seva banda, la candidata socialista a la presid\u00e8ncia del Govern de les Illes Balears, Francina Armengol, ha agafat el testimoni de Batet per insistir en la necessitat \u201cd\u2019una vict\u00f2ria socialista el 26 de maig\u201d, perqu\u00e8, ha dit, \u201cno podem permetre que la dreta i l\u2019extrema dreta governin aquestes illes, ja que tot el que varen aconseguir els nostres avantpassats s\u2019ho enduran en un moment\u201d.<\/p>\n<\/p><\/div><\/div>\n<\/div>\n<\/div>\n<\/div>\n<div class=\"col_dcha wpb_column columns small-12 medium-6 thb-dark-column\">\n<div class=\"vc_column-inner  \">\n<div class=\"wpb_wrapper\">\n<div class=\"wpb_text_column wpb_content_element  \">\n<div class=\"wpb_wrapper\">\n<p>\u00c9s precisament per aix\u00f2 que Armengol ha demanat \u201cel vot entusiasta de tots els joves, les dones, els pensionistes, els treballadors&#8230;\u201d perqu\u00e8 \u201cno podem deixar que tornem ni una passa enrere, sin\u00f3 que hem d\u2019anar sempre endavant\u201d en la conquesta de drets i llibertats, \u201csobretot dels m\u00e9s vulnerables\u201d.<\/p>\n<p>Armengol s\u2019ha comprom\u00e8s a seguir amb les inversions iniciades aquesta legislatura en educaci\u00f3 i sanitat, a m\u00e9s de fer de l\u2019habitatge \u201cel cinqu\u00e8 pilar de l\u2019estat del benestar\u201d i ha recordat que nom\u00e9s el Partit Socialista ho podria fer, i no el PP \u201camb un candidat que va ser Conseller i que en termes d\u2019habitatge p\u00fablic t\u00e9 el seu marcador no a zero, sin\u00f3 a menys dos\u201d.<\/p>\n<p>En refer\u00e8ncia al sistema de salut, Armengol ha expressat el seu comprom\u00eds de convertir Can Misses, Verge del Toro i Son Dureta en els \u201cespais sociosanitaris de refer\u00e8ncia a les Balears\u201d i a qu\u00e8 \u201ctothom pugui ser at\u00e8s all\u00e0 on vulgui\u201d.<\/p>\n<p>\u201cAquests quatre anys hem posat les bases per garantir m\u00e9s drets, m\u00e9s serveis p\u00fablics i per pensar en el futur\u201d, ha expressat Armengol, \u201cunes pol\u00edtiques que se seguiran desenvolupant amb el suport del Govern d\u2019Espanya i nom\u00e9s si els socialistes governam a les Illes Balears, als Consells i als municipis\u201d.<\/p>\n<p>A l\u2019acte tamb\u00e9 ha participat Al\u00edcia Homs, candidata del PSIB-PSOE al Parlament Europeu, qui ha demanat el suport al Partit Socialista perqu\u00e8 \u201cel 26 de maig, Europa necessita que anem a votar per evitar l\u2019extrema dreta, que vol destruir el que ens ha costat tants d\u2019anys construir, i ho vol fer des de dins, que \u00e9s m\u00e9s perill\u00f3s encara\u201d.<\/p>\n<p>Per contra, Homs ha destacat que \u201cels socialistes ens presentam amb propostes valentes per construir una Europa m\u00e9s social, justa i cohesionada\u201d.<\/p>\n<p>Aquesta presentaci\u00f3 dels candidats municipals s\u2019ha celebrat en el Claustre de Sant Bonaventura de Llucmajor, on tamb\u00e9 ha intervingut el candidat a la reelecci\u00f3 a la batlia del municipi, Gori Estarellas, qui ha defensat que \u201cguanyarem les eleccions perqu\u00e8 tenim la for\u00e7a, la lleialtat i molt de seny, per\u00f2, sobretot, perqu\u00e8 ens queda molt per fer\u201d.<\/p>\n<\/p><\/div><\/div>\n<\/div>\n<\/div>\n<\/div>\n<\/div>\n<p>Source: Federaci\u00f3 de Mallorca &#8211; Municipis<\/p>\n","protected":false},"excerpt":{"rendered":"<p>El PSIB-PSOE ha presentat els candidats municipals en un acte en qu\u00e8 tamb\u00e9 ha participat la candidata a la presid\u00e8ncia del Govern de les Illes Balears, Francina Armengol, i la candidata al Parlament Europeu, Al\u00edcia Homs La ministra en funcions de Pol\u00edtica Territorial i Funci\u00f3 P\u00fablica del Govern d\u2019Espanya, Meritxell Batet, ha fet costat al&hellip;<\/p>\n","protected":false},"author":1,"featured_media":24477,"comment_status":"closed","ping_status":"open","sticky":false,"template":"","format":"standard","meta":{"footnotes":""},"categories":[2,90],"tags":[],"class_list":["post-24476","post","type-post","status-publish","format-standard","has-post-thumbnail","hentry","category-federacio-de-mallorca","category-municipis"],"_links":{"self":[{"href":"https:\/\/www.psib-psoe.org\/mallorca\/wp-json\/wp\/v2\/posts\/24476"}],"collection":[{"href":"https:\/\/www.psib-psoe.org\/mallorca\/wp-json\/wp\/v2\/posts"}],"about":[{"href":"https:\/\/www.psib-psoe.org\/mallorca\/wp-json\/wp\/v2\/types\/post"}],"author":[{"embeddable":true,"href":"https:\/\/www.psib-psoe.org\/mallorca\/wp-json\/wp\/v2\/users\/1"}],"replies":[{"embeddable":true,"href":"https:\/\/www.psib-psoe.org\/mallorca\/wp-json\/wp\/v2\/comments?post=24476"}],"version-history":[{"count":0,"href":"https:\/\/www.psib-psoe.org\/mallorca\/wp-json\/wp\/v2\/posts\/24476\/revisions"}],"wp:featuredmedia":[{"embeddable":true,"href":"https:\/\/www.psib-psoe.org\/mallorca\/wp-json\/wp\/v2\/media\/24477"}],"wp:attachment":[{"href":"https:\/\/www.psib-psoe.org\/mallorca\/wp-json\/wp\/v2\/media?parent=24476"}],"wp:term":[{"taxonomy":"category","embeddable":true,"href":"https:\/\/www.psib-psoe.org\/mallorca\/wp-json\/wp\/v2\/categories?post=24476"},{"taxonomy":"post_tag","embeddable":true,"href":"https:\/\/www.psib-psoe.org\/mallorca\/wp-json\/wp\/v2\/tags?post=24476"}],"curies":[{"name":"wp","href":"https:\/\/api.w.org\/{rel}","templated":true}]}}