{"id":24479,"date":"2019-05-03T12:00:18","date_gmt":"2019-05-03T10:00:18","guid":{"rendered":"http:\/\/www.psib-psoe.org\/mallorca\/els-set-parlamentaris-electes-del-psib-psoe-reben-les-seves-credencials-de-diputats-i-senadors\/"},"modified":"2020-01-08T14:48:21","modified_gmt":"2020-01-08T12:48:21","slug":"els-set-parlamentaris-electes-del-psib-psoe-reben-les-seves-credencials-de-diputats-i-senadors","status":"publish","type":"post","link":"https:\/\/www.psib-psoe.org\/mallorca\/els-set-parlamentaris-electes-del-psib-psoe-reben-les-seves-credencials-de-diputats-i-senadors\/","title":{"rendered":"Els set parlamentaris electes del PSIB-PSOE reben les seves credencials de diputats i senadors"},"content":{"rendered":"<div class=\"row wpb_row row-fluid img_noticia\">\n<div class=\"wpb_column columns small-12 medium-12 thb-dark-column\">\n<div class=\"vc_column-inner  \">\n<div class=\"wpb_wrapper\">\n<div class=\"wpb_single_image wpb_content_element vc_align_center  vc_custom_1559119685160\">\n<figure class=\"wpb_wrapper vc_figure\">\n<div class=\"vc_single_image-wrapper   vc_box_border_grey\"><img loading=\"lazy\" decoding=\"async\" width=\"1000\" height=\"750\" src=\"http:\/\/www.psib-psoe.org\/wp-content\/uploads\/190503_Credencials.jpg\" class=\"vc_single_image-img attachment-full\" alt=\"\" \/><\/div>\n<\/figure><\/div>\n<\/div>\n<\/div>\n<\/div>\n<\/div>\n<div class=\"row wpb_row row-fluid intro full-width-row vc_custom_1558336094678\">\n<div class=\"col_izq wpb_column columns small-12 medium-12 thb-dark-column\">\n<div class=\"vc_column-inner  \">\n<div class=\"wpb_wrapper\">\n<div class=\"wpb_text_column wpb_content_element  \">\n<div class=\"wpb_wrapper\">\n<p><span style=\"text-decoration: underline\"><em>La Junta Electoral ha expedit les credencials dels 3 diputats i 4 senadors del PSIB-PSOE, que \u201crepresenten l\u2019\u00e0mplia majoria que ha aconseguit el socialisme a les Corts Generals\u201d<\/em><\/span><\/p>\n<\/p><\/div><\/div>\n<\/div>\n<\/div>\n<\/div>\n<\/div>\n<div class=\"row wpb_row row-fluid full-width-row\">\n<div class=\"col_izq wpb_column columns small-12 medium-6 thb-dark-column\">\n<div class=\"vc_column-inner  \">\n<div class=\"wpb_wrapper\">\n<div class=\"wpb_text_column wpb_content_element  \">\n<div class=\"wpb_wrapper\">\n<p>La Junta Electoral ha expedit avui demat\u00ed les credencials dels\u00a0 diputats i senadors electes del PSIB-PSOE per a les corts generals, un total de 3 diputats i 4 senadors que van sortir de les urnes a les eleccions del 28 d\u2019abril, a les quals el PSOE fou la for\u00e7a m\u00e9s votada a Balears.<\/p>\n<p>D\u2019aquesta manera, Pere Joan Pons, Sof\u00eda Hernanz i Pau Morl\u00e0 ja tenen la seva acta de diputat, mentre que Cosme Bonet i Susanna Moll han sigut acreditats com a senadors per Mallorca, Carme Garc\u00eda Querol ho ha estat per Menorca, i Patricia Abascal per Eivissa.<\/p>\n<p>\u201cEl grup de Balears \u00e9s una mostra de l\u2019\u00e0mplia majoria que ha aconseguit el PSOE a les Corts Generals\u201d, ha declarat el diputat electe Pere Joan Pons, pel qual aquesta majoria \u201cservir\u00e0 per continuar amb l\u2019agenda inclusiva, verda, social i de progr\u00e9s que ha iniciat el PSOE aquests darrers 10 mesos i que hem aplicat a Balears els darrers quatre anys\u201d.<\/p>\n<\/p><\/div><\/div>\n<\/div>\n<\/div>\n<\/div>\n<div class=\"col_dcha wpb_column columns small-12 medium-6 thb-dark-column\">\n<div class=\"vc_column-inner  \">\n<div class=\"wpb_wrapper\">\n<div class=\"wpb_text_column wpb_content_element  \">\n<div class=\"wpb_wrapper\">\n<p>Pons ha destacat tamb\u00e9 que \u201cdavant una mesa de bloqueig que ten\u00edem la legislatura passada, l\u2019\u00e0mplia vict\u00f2ria dels socialistes ens permetr\u00e0 que les meses de les dues cambres siguin eines de progr\u00e9s, fent les cambres m\u00e9s \u00fatils per a la ciutadania\u201d.<\/p>\n<p>Ara, els diputats i senadors electes de les illes estan citats el proper 21 de maig a Madrid, on prendran possessi\u00f3 del seu c\u00e0rrec en el dia que es constituiran el nou Congr\u00e9s i Senat, donant inici a la XIII Legislatura de la democr\u00e0cia.<\/p>\n<\/p><\/div><\/div>\n<\/div>\n<\/div>\n<\/div>\n<\/div>\n<p>Source: Federaci\u00f3 de Mallorca &#8211; Municipis<\/p>\n","protected":false},"excerpt":{"rendered":"<p>La Junta Electoral ha expedit les credencials dels 3 diputats i 4 senadors del PSIB-PSOE, que \u201crepresenten l\u2019\u00e0mplia majoria que ha aconseguit el socialisme a les Corts Generals\u201d La Junta Electoral ha expedit avui demat\u00ed les credencials dels\u00a0 diputats i senadors electes del PSIB-PSOE per a les corts generals, un total de 3 diputats i&hellip;<\/p>\n","protected":false},"author":1,"featured_media":24480,"comment_status":"closed","ping_status":"open","sticky":false,"template":"","format":"standard","meta":{"footnotes":""},"categories":[2],"tags":[],"class_list":["post-24479","post","type-post","status-publish","format-standard","has-post-thumbnail","hentry","category-federacio-de-mallorca"],"_links":{"self":[{"href":"https:\/\/www.psib-psoe.org\/mallorca\/wp-json\/wp\/v2\/posts\/24479"}],"collection":[{"href":"https:\/\/www.psib-psoe.org\/mallorca\/wp-json\/wp\/v2\/posts"}],"about":[{"href":"https:\/\/www.psib-psoe.org\/mallorca\/wp-json\/wp\/v2\/types\/post"}],"author":[{"embeddable":true,"href":"https:\/\/www.psib-psoe.org\/mallorca\/wp-json\/wp\/v2\/users\/1"}],"replies":[{"embeddable":true,"href":"https:\/\/www.psib-psoe.org\/mallorca\/wp-json\/wp\/v2\/comments?post=24479"}],"version-history":[{"count":0,"href":"https:\/\/www.psib-psoe.org\/mallorca\/wp-json\/wp\/v2\/posts\/24479\/revisions"}],"wp:featuredmedia":[{"embeddable":true,"href":"https:\/\/www.psib-psoe.org\/mallorca\/wp-json\/wp\/v2\/media\/24480"}],"wp:attachment":[{"href":"https:\/\/www.psib-psoe.org\/mallorca\/wp-json\/wp\/v2\/media?parent=24479"}],"wp:term":[{"taxonomy":"category","embeddable":true,"href":"https:\/\/www.psib-psoe.org\/mallorca\/wp-json\/wp\/v2\/categories?post=24479"},{"taxonomy":"post_tag","embeddable":true,"href":"https:\/\/www.psib-psoe.org\/mallorca\/wp-json\/wp\/v2\/tags?post=24479"}],"curies":[{"name":"wp","href":"https:\/\/api.w.org\/{rel}","templated":true}]}}