{"id":24482,"date":"2019-04-29T13:27:09","date_gmt":"2019-04-29T11:27:09","guid":{"rendered":"http:\/\/www.psib-psoe.org\/mallorca\/el-psib-psoe-es-marca-com-a-objectiu-guanyar-les-eleccions-autonomiques-i-locals-despres-de-la-victoria-clara-i-contundent-a-les-generals\/"},"modified":"2020-01-08T14:48:58","modified_gmt":"2020-01-08T12:48:58","slug":"el-psib-psoe-es-marca-com-a-objectiu-guanyar-les-eleccions-autonomiques-i-locals-despres-de-la-victoria-clara-i-contundent-a-les-generals","status":"publish","type":"post","link":"https:\/\/www.psib-psoe.org\/mallorca\/el-psib-psoe-es-marca-com-a-objectiu-guanyar-les-eleccions-autonomiques-i-locals-despres-de-la-victoria-clara-i-contundent-a-les-generals\/","title":{"rendered":"El PSIB-PSOE es marca com a objectiu guanyar les eleccions auton\u00f2miques i locals despr\u00e9s de la vict\u00f2ria \u201cclara i contundent\u201d a les generals"},"content":{"rendered":"<div class=\"row wpb_row row-fluid img_noticia\">\n<div class=\"wpb_column columns small-12 medium-12 thb-dark-column\">\n<div class=\"vc_column-inner  \">\n<div class=\"wpb_wrapper\">\n<div class=\"wpb_single_image wpb_content_element vc_align_center  vc_custom_1559820505968\">\n<figure class=\"wpb_wrapper vc_figure\">\n<div class=\"vc_single_image-wrapper   vc_box_border_grey\"><img loading=\"lazy\" decoding=\"async\" width=\"1000\" height=\"644\" src=\"http:\/\/www.psib-psoe.org\/wp-content\/uploads\/comissio-executiva-psib-psoe-abril-2019.jpeg\" class=\"vc_single_image-img attachment-full\" alt=\"\" \/><\/div>\n<\/figure><\/div>\n<\/div>\n<\/div>\n<\/div>\n<\/div>\n<div class=\"row wpb_row row-fluid intro full-width-row vc_custom_1558336094678\">\n<div class=\"col_izq wpb_column columns small-12 medium-12 thb-dark-column\">\n<div class=\"vc_column-inner  \">\n<div class=\"wpb_wrapper\">\n<div class=\"wpb_text_column wpb_content_element  \">\n<div class=\"wpb_wrapper\">\n<p><em><u>La Comissi\u00f3 Executiva dels socialistes de les Illes Balears s\u2019ha reunit avui horabaixa per valorar els \u201chist\u00f2rics\u201d resultats de les eleccions generals d\u2019ahir i comen\u00e7ar a treballar de cara als comicis auton\u00f2mics, municipals i europeus que se celebren el pr\u00f2xim 26 de maig<\/u><\/em><\/p>\n<\/p><\/div><\/div>\n<\/div>\n<\/div>\n<\/div>\n<\/div>\n<div class=\"row wpb_row row-fluid full-width-row\">\n<div class=\"col_izq wpb_column columns small-12 medium-6 thb-dark-column\">\n<div class=\"vc_column-inner  \">\n<div class=\"wpb_wrapper\">\n<div class=\"wpb_text_column wpb_content_element  \">\n<div class=\"wpb_wrapper\">\n<p>El portaveu del PSIB-PSOE, Iago Negueruela, ha qualificat els resultats de les eleccions generals del 28 d\u2019abril com a \u201chist\u00f2rics\u201d per als socialistes de les Illes Balears, amb una vict\u00f2ria \u201cclara i contundent\u201d que evidencia que s\u2019ha aconseguit \u201cel primer objectiu d\u2019aquesta doble campanya, amb uns resultats amb els quals la ciutadania ha validat les nostres pol\u00edtiques de canvi\u201d.<\/p>\n<p>Aix\u00ed s\u2019ha referit Negueruela en acabar la Comissi\u00f3 Executiva del PSIB-PSOE, que s\u2019ha reunit avui horabaixa per valorar els resultats dels comicis nacionals d\u2019ahir, en els quals els socialistes han guanyat en vots i escons a totes les illes, recuperant el diputat per Menorca i els quatre senadors, cosa que \u201cdemostra l\u2019abast de la vict\u00f2ria\u201d, ha destacat Negueruela.<\/p>\n<p>Respecte d\u2019aquesta vict\u00f2ria, el portaveu socialista ha destacat que \u201crefor\u00e7a el nostre projecte, com tamb\u00e9 el lideratge de Francina Armengol\u201d i ha insistit en el fet que \u00e9s aquest el cam\u00ed que s\u2019ha de seguir per \u201cguanyar les eleccions auton\u00f2miques i poder continuar amb el progr\u00e9s a les nostres illes\u201d.<\/p>\n<p>Unes segones eleccions en el termini d\u2019un mes a les quals, ha emfasitzat Negueruela, \u201cens presentam per guanyar-les, com ja hem fet amb les primeres\u201d.<\/p>\n<p>No obstant aix\u00f2, el socialista ha recordat que \u201cencara no hi ha res guanyat\u201d i que per aix\u00f2 demana a la ciutadania \u201cque no ho donin per fet i es mobilitzin al m\u00e0xim\u201d, ja que s\u2019ha demostrat que \u201cs\u2019atura la dreta amb participaci\u00f3 i mobilitzaci\u00f3\u201d.<\/p>\n<\/p><\/div><\/div>\n<\/div>\n<\/div>\n<\/div>\n<div class=\"col_dcha wpb_column columns small-12 medium-6 thb-dark-column\">\n<div class=\"vc_column-inner  \">\n<div class=\"wpb_wrapper\">\n<div class=\"wpb_text_column wpb_content_element  \">\n<div class=\"wpb_wrapper\">\n<p>En aquest sentit, el socialista ha dit que des d\u2019avui ja s\u2019est\u00e0 fent feina intensament i que els resultats d\u2019ahir demostren que \u201cl\u2019estrat\u00e8gia ha estat l\u2019encertada\u201d, perqu\u00e8 els ciutadans i ciutadanes \u201cel que volen \u00e9s parlar de drets i oportunitats, i seguirem demostrant que som el millor partit per fer-ho, per qu\u00e8 l\u2019alternativa \u00e9s molt dura, amb una dreta sense model i amb propostes de retroc\u00e9s enormes\u201d.<\/p>\n<p>Com a exemple, Negueruela s\u2019ha referit a les pol\u00edtiques dutes a terme per Francina Armengol al capdavant del Govern de les Illes Balears aquesta legislatura, com tamb\u00e9 de Pedro S\u00e1nchez com a president del Govern d\u2019Espanya els \u00faltimsdeu mesos, \u201cretornant drets i prestacions retallades i construint uns pilars socials m\u00e9s necessaris que mai\u201d, ha asseverat.<\/p>\n<p>\u201cHa quedat clar que el t\u00e0ndem format per Francina Armengol i Pedro S\u00e1nchez funciona i \u00e9s el millor per defensar els interessos de les illes\u201d, ha ressaltat Negueruela, qui tamb\u00e9 ha expressat el seu desig perqu\u00e8 aquest t\u00e0ndem \u201csegueixi funcionant quatre anys m\u00e9s per poder seguir vetllant pels interessos de la ciutadania\u201d.<\/p>\n<p>Una ciutadania que, a parer del portaveu socialista, \u201cha apostat per l\u2019estabilitat, el progr\u00e9s i la valentia enfront de la por, el conformisme, la crispaci\u00f3, les retallades i la corrupci\u00f3\u201d.<\/p>\n<\/p><\/div><\/div>\n<\/div>\n<\/div>\n<\/div>\n<\/div>\n<p>Source: Federaci\u00f3 de Mallorca &#8211; Municipis<\/p>\n","protected":false},"excerpt":{"rendered":"<p>La Comissi\u00f3 Executiva dels socialistes de les Illes Balears s\u2019ha reunit avui horabaixa per valorar els \u201chist\u00f2rics\u201d resultats de les eleccions generals d\u2019ahir i comen\u00e7ar a treballar de cara als comicis auton\u00f2mics, municipals i europeus que se celebren el pr\u00f2xim 26 de maig El portaveu del PSIB-PSOE, Iago Negueruela, ha qualificat els resultats de les&hellip;<\/p>\n","protected":false},"author":1,"featured_media":24483,"comment_status":"closed","ping_status":"open","sticky":false,"template":"","format":"standard","meta":{"footnotes":""},"categories":[2],"tags":[],"class_list":["post-24482","post","type-post","status-publish","format-standard","has-post-thumbnail","hentry","category-federacio-de-mallorca"],"_links":{"self":[{"href":"https:\/\/www.psib-psoe.org\/mallorca\/wp-json\/wp\/v2\/posts\/24482"}],"collection":[{"href":"https:\/\/www.psib-psoe.org\/mallorca\/wp-json\/wp\/v2\/posts"}],"about":[{"href":"https:\/\/www.psib-psoe.org\/mallorca\/wp-json\/wp\/v2\/types\/post"}],"author":[{"embeddable":true,"href":"https:\/\/www.psib-psoe.org\/mallorca\/wp-json\/wp\/v2\/users\/1"}],"replies":[{"embeddable":true,"href":"https:\/\/www.psib-psoe.org\/mallorca\/wp-json\/wp\/v2\/comments?post=24482"}],"version-history":[{"count":0,"href":"https:\/\/www.psib-psoe.org\/mallorca\/wp-json\/wp\/v2\/posts\/24482\/revisions"}],"wp:featuredmedia":[{"embeddable":true,"href":"https:\/\/www.psib-psoe.org\/mallorca\/wp-json\/wp\/v2\/media\/24483"}],"wp:attachment":[{"href":"https:\/\/www.psib-psoe.org\/mallorca\/wp-json\/wp\/v2\/media?parent=24482"}],"wp:term":[{"taxonomy":"category","embeddable":true,"href":"https:\/\/www.psib-psoe.org\/mallorca\/wp-json\/wp\/v2\/categories?post=24482"},{"taxonomy":"post_tag","embeddable":true,"href":"https:\/\/www.psib-psoe.org\/mallorca\/wp-json\/wp\/v2\/tags?post=24482"}],"curies":[{"name":"wp","href":"https:\/\/api.w.org\/{rel}","templated":true}]}}