{"id":24485,"date":"2019-04-25T10:26:47","date_gmt":"2019-04-25T08:26:47","guid":{"rendered":"http:\/\/www.psib-psoe.org\/mallorca\/el-psib-psoe-referma-el-seu-compromis-amb-el-feminisme-i-demana-a-totes-les-dones-que-facin-historia-el-28-dabril-com-la-varen-fer-el-8-de-marc\/"},"modified":"2020-01-08T14:50:45","modified_gmt":"2020-01-08T12:50:45","slug":"el-psib-psoe-referma-el-seu-compromis-amb-el-feminisme-i-demana-a-totes-les-dones-que-facin-historia-el-28-dabril-com-la-varen-fer-el-8-de-marc","status":"publish","type":"post","link":"https:\/\/www.psib-psoe.org\/mallorca\/el-psib-psoe-referma-el-seu-compromis-amb-el-feminisme-i-demana-a-totes-les-dones-que-facin-historia-el-28-dabril-com-la-varen-fer-el-8-de-marc\/","title":{"rendered":"El PSIB-PSOE referma el seu comprom\u00eds amb el feminisme i demana a totes les dones \u201cque facin hist\u00f2ria el 28 d\u2019abril com la varen fer el 8 de mar\u00e7\u201d"},"content":{"rendered":"<div class=\"row wpb_row row-fluid img_noticia\">\n<div class=\"wpb_column columns small-12 medium-12 thb-dark-column\">\n<div class=\"vc_column-inner  \">\n<div class=\"wpb_wrapper\">\n<div class=\"wpb_single_image wpb_content_element vc_align_center  vc_custom_1560155330464\">\n<figure class=\"wpb_wrapper vc_figure\">\n<div class=\"vc_single_image-wrapper   vc_box_border_grey\"><img loading=\"lazy\" decoding=\"async\" width=\"1000\" height=\"750\" src=\"http:\/\/www.psib-psoe.org\/wp-content\/uploads\/francina-armengol-pere-joan-pons-dones-candidatures-abril-2019.jpeg\" class=\"vc_single_image-img attachment-full\" alt=\"\" \/><\/div>\n<\/figure><\/div>\n<\/div>\n<\/div>\n<\/div>\n<\/div>\n<div class=\"row wpb_row row-fluid intro full-width-row vc_custom_1558336094678\">\n<div class=\"col_izq wpb_column columns small-12 medium-12 thb-dark-column\">\n<div class=\"vc_column-inner  \">\n<div class=\"wpb_wrapper\">\n<div class=\"wpb_text_column wpb_content_element  \">\n<div class=\"wpb_wrapper\">\n<p><em><u>Pere Joan Pons i Francina Armengol han acompanyat un nombr\u00f3s grup de dones socialistes candidates a les diferents institucions a repartir material informatiu sobre les pol\u00edtiques feministes de la formaci\u00f3<\/u><\/em><\/p>\n<\/p><\/div><\/div>\n<\/div>\n<\/div>\n<\/div>\n<\/div>\n<div class=\"row wpb_row row-fluid full-width-row\">\n<div class=\"col_izq wpb_column columns small-12 medium-6 thb-dark-column\">\n<div class=\"vc_column-inner  \">\n<div class=\"wpb_wrapper\">\n<div class=\"wpb_text_column wpb_content_element  \">\n<div class=\"wpb_wrapper\">\n<p>\u201cDeman el vot entusiasta per al Partit Socialista i que les dones tornem a fer hist\u00f2ria el 28 d\u2019abril com tamb\u00e9 la v\u00e0rem fer el 8 de mar\u00e7\u201d. Aix\u00ed \u00e9s com s\u2019ha expressat la candidata al Govern de les Illes Balears, Francina Armengol, durant la passejada que ha fet amb un grup de dones candidates per repartir material informatiu sobre les pol\u00edtiques d\u2019igualtat.<\/p>\n<p>La candidata socialista ha demanat el vot per fer front \u201cal trio de dretes que t\u00e9 una obsessi\u00f3 clara en frenar la igualtat i tornar a ficar les dones a casa\u201d i s\u2019ha referit al fet que la \u201cigualtat \u00e9s legal, per\u00f2 encara no \u00e9s real\u201d.<\/p>\n<p>En aquest sentit, Armengol ha destacat que \u201ces necessiten pol\u00edtiques valentes i compromeses, i els socialistes ho assumim, amb mesures com continuar amb el pacte contra la viol\u00e8ncia masclista i, especialment, amb una llei per evitar la bretxa salarial\u201d.<\/p>\n<p>Pel que fa a les pol\u00edtiques ja executades a les Balears i a Espanya, ha destacat la Llei d\u2019Igualtat, el mateix Pacte contra la Viol\u00e8ncia Masclista, les pol\u00edtiques de coeducaci\u00f3 i la inversi\u00f3 en serveis p\u00fablics i millores socials, \u201cque sempre redunden en benefici de les dones o el retorn a la seguretat social de les dones cuidadores\u201d.<\/p>\n<p>\u201cLes dones tenim una responsabilitat major el 28 d\u2019abril, i \u00e9s votar per a nosaltres mateixes i per a una societat m\u00e9s igualit\u00e0ria i lliure\u201d, ha concl\u00f2s Armengol.<\/p>\n<\/p><\/div><\/div>\n<\/div>\n<\/div>\n<\/div>\n<div class=\"col_dcha wpb_column columns small-12 medium-6 thb-dark-column\">\n<div class=\"vc_column-inner  \">\n<div class=\"wpb_wrapper\">\n<div class=\"wpb_text_column wpb_content_element  \">\n<div class=\"wpb_wrapper\">\n<p>Pere Joan Pons, candidat al Congr\u00e9s dels Diputats, tamb\u00e9 ha acompanyat la comitiva de dones socialistes, i ha dit sentir-se \u201corgull\u00f3s com a socialista\u201d del fet que tant el Govern de les Illes Balears com el de Pedro S\u00e1nchez estiguin formats per una majoria de dones.<\/p>\n<p>Pons ha volgut destacar algunes de les mesures que el govern de Pedro S\u00e1nchez tirar\u00e0 endavant a partir del 28 d\u2019abril i ha exposat que \u201cla llei contra la discriminaci\u00f3 de tracte entre homes i dones ser\u00e0 una de les primeres lleis que esper que es puguin aprovar\u201d i ha posat de relleu que un dels altres objectius \u00e9s \u201crompre la bretxa salarial\u201d.<\/p>\n<p>Aix\u00ed mateix, el candidat socialista ha dit que, mentre altres formacions defensen els ventres de lloguer, \u201cnosaltres lluitarem en contra i impulsarem plans d\u2019igualtat en les empreses\u201d duent \u201cla igualtat i el feminisme al lloc m\u00e9s alt de l\u2019agenda\u201d i apostant per \u201clleis com la que volem posar en marxa per lluitar contra el tr\u00e0fic i l\u2019explotaci\u00f3 sexual i per abolir la prostituci\u00f3\u201d.<\/p>\n<p>Per acabar, Pons s\u2019ha referit a l\u2019onada feminista iniciada els darrers anys i ha apuntat que \u201cel 8 de mar\u00e7 demostra que la pr\u00f2xima legislatura ser\u00e0 la legislatura de les dones\u201d per concloure que \u201cel vot de les dones ser\u00e0 decisiu diumenge\u201d.<\/p>\n<\/p><\/div><\/div>\n<\/div>\n<\/div>\n<\/div>\n<\/div>\n<p>Source: Federaci\u00f3 de Mallorca &#8211; Municipis<\/p>\n","protected":false},"excerpt":{"rendered":"<p>Pere Joan Pons i Francina Armengol han acompanyat un nombr\u00f3s grup de dones socialistes candidates a les diferents institucions a repartir material informatiu sobre les pol\u00edtiques feministes de la formaci\u00f3 \u201cDeman el vot entusiasta per al Partit Socialista i que les dones tornem a fer hist\u00f2ria el 28 d\u2019abril com tamb\u00e9 la v\u00e0rem fer el&hellip;<\/p>\n","protected":false},"author":1,"featured_media":24486,"comment_status":"closed","ping_status":"open","sticky":false,"template":"","format":"standard","meta":{"footnotes":""},"categories":[2,90],"tags":[],"class_list":["post-24485","post","type-post","status-publish","format-standard","has-post-thumbnail","hentry","category-federacio-de-mallorca","category-municipis"],"_links":{"self":[{"href":"https:\/\/www.psib-psoe.org\/mallorca\/wp-json\/wp\/v2\/posts\/24485"}],"collection":[{"href":"https:\/\/www.psib-psoe.org\/mallorca\/wp-json\/wp\/v2\/posts"}],"about":[{"href":"https:\/\/www.psib-psoe.org\/mallorca\/wp-json\/wp\/v2\/types\/post"}],"author":[{"embeddable":true,"href":"https:\/\/www.psib-psoe.org\/mallorca\/wp-json\/wp\/v2\/users\/1"}],"replies":[{"embeddable":true,"href":"https:\/\/www.psib-psoe.org\/mallorca\/wp-json\/wp\/v2\/comments?post=24485"}],"version-history":[{"count":0,"href":"https:\/\/www.psib-psoe.org\/mallorca\/wp-json\/wp\/v2\/posts\/24485\/revisions"}],"wp:featuredmedia":[{"embeddable":true,"href":"https:\/\/www.psib-psoe.org\/mallorca\/wp-json\/wp\/v2\/media\/24486"}],"wp:attachment":[{"href":"https:\/\/www.psib-psoe.org\/mallorca\/wp-json\/wp\/v2\/media?parent=24485"}],"wp:term":[{"taxonomy":"category","embeddable":true,"href":"https:\/\/www.psib-psoe.org\/mallorca\/wp-json\/wp\/v2\/categories?post=24485"},{"taxonomy":"post_tag","embeddable":true,"href":"https:\/\/www.psib-psoe.org\/mallorca\/wp-json\/wp\/v2\/tags?post=24485"}],"curies":[{"name":"wp","href":"https:\/\/api.w.org\/{rel}","templated":true}]}}