{"id":24488,"date":"2019-04-02T13:24:56","date_gmt":"2019-04-02T11:24:56","guid":{"rendered":"http:\/\/www.psib-psoe.org\/mallorca\/els-socialistes-de-felanitx-presenten-la-seva-candidatura-preparats-per-guanyar-les-eleccions\/"},"modified":"2019-12-20T13:09:49","modified_gmt":"2019-12-20T11:09:49","slug":"els-socialistes-de-felanitx-presenten-la-seva-candidatura-preparats-per-guanyar-les-eleccions","status":"publish","type":"post","link":"https:\/\/www.psib-psoe.org\/mallorca\/els-socialistes-de-felanitx-presenten-la-seva-candidatura-preparats-per-guanyar-les-eleccions\/","title":{"rendered":"Els Socialistes de Felanitx presenten la seva candidatura preparats \u201cper guanyar les eleccions\u201d"},"content":{"rendered":"<div class=\"row wpb_row row-fluid img_noticia\">\n<div class=\"wpb_column columns small-12 medium-12 thb-dark-column\">\n<div class=\"vc_column-inner  \">\n<div class=\"wpb_wrapper\">\n<div class=\"wpb_single_image wpb_content_element vc_align_center  vc_custom_1560166007951\">\n<figure class=\"wpb_wrapper vc_figure\">\n<div class=\"vc_single_image-wrapper   vc_box_border_grey\"><img loading=\"lazy\" decoding=\"async\" width=\"1000\" height=\"667\" src=\"http:\/\/www.psib-psoe.org\/wp-content\/uploads\/mercedes-garrido-sixco-duarte-candidatura-socialistes-felanitx-abril-2019.jpeg\" class=\"vc_single_image-img attachment-full\" alt=\"\" \/><\/div>\n<\/figure><\/div>\n<\/div>\n<\/div>\n<\/div>\n<\/div>\n<div class=\"row wpb_row row-fluid intro full-width-row vc_custom_1558336094678\">\n<div class=\"col_izq wpb_column columns small-12 medium-12 thb-dark-column\">\n<div class=\"vc_column-inner  \">\n<div class=\"wpb_wrapper\">\n<div class=\"wpb_text_column wpb_content_element  \">\n<div class=\"wpb_wrapper\">\n<p><em><u>Xisco Duarte encap\u00e7alar\u00e0 el projecte socialista de marcat car\u00e0cter \u201csocial i integrador\u201d i amb l\u2019objectiu de consolidar la tasca iniciada el 2015<\/u><\/em><\/p>\n<\/p><\/div><\/div>\n<\/div>\n<\/div>\n<\/div>\n<\/div>\n<div class=\"row wpb_row row-fluid full-width-row\">\n<div class=\"col_izq wpb_column columns small-12 medium-6 thb-dark-column\">\n<div class=\"vc_column-inner  \">\n<div class=\"wpb_wrapper\">\n<div class=\"wpb_text_column wpb_content_element  \">\n<div class=\"wpb_wrapper\">\n<p>L\u2019Agrupaci\u00f3 Socialista de Felanitx ha presentat la seva candidatura per a les eleccions municipals del 26 de maig, un projecte que torna a encap\u00e7alar Xisco Duarte i que ja est\u00e0 \u201cpreparat per guanyar les eleccions\u201d. \u201cSom l\u2019\u00fanic partit pol\u00edtic amb un objectiu clar i un projecte social i integrador on hi caben tots i totes\u201d, han destacat les i els socialistes felanitxers.<\/p>\n<p>Xisco Duarte, ha estat primer tinent de batle aquesta legislatura i es presenta de nou per \u201cconsolidar el projecte iniciat l\u2019any 2015\u201d en qu\u00e8 s\u2019han revertit \u201cles males pr\u00e0ctiques amb qu\u00e8 el PP va sotmetre el poble de Felanitx durant 12 anys\u201d. En aquest sentit, Duarte ha destacat la feina en pol\u00edtiques socials i en promoci\u00f3 de la cultura.<\/p>\n<p>A les llistes socialistes acompanyaran Duarte noves incorporacions i companys que tornen a l\u2019activitat pol\u00edtica i que representen un ampli ventall d\u2019edats i sectors.<\/p>\n<\/p><\/div><\/div>\n<\/div>\n<\/div>\n<\/div>\n<div class=\"col_dcha wpb_column columns small-12 medium-6 thb-dark-column\">\n<div class=\"vc_column-inner  \">\n<div class=\"wpb_wrapper\">\n<div class=\"wpb_text_column wpb_content_element  \">\n<div class=\"wpb_wrapper\">\n<p><strong>CANDIDATURA SOCIALISTA A LES ELECCIONS MUNICIPALS DE 26 DE MAIG DE 2019 A L\u2019AJUNTAMENT DE FELANITX<\/strong><\/p>\n<ol>\n<li>FRANCISCO DUARTE BARCELO<\/li>\n<li>GRACIA GONZALEZ LOPEZ<\/li>\n<li>JUAN AZNAR HERNANDEZ<\/li>\n<li>DAMIANA MASSUTI GOMEZ<\/li>\n<li>JUAN ANDRES GARCIA ROMERO<\/li>\n<li>MERCEDES PARAPAR ESTEVEZ<\/li>\n<li>JAUME MAIMO VAQUER<\/li>\n<li>ELENA CARRILLO HERNANDEZ<\/li>\n<li>JOAN RIGO OBRADOR<\/li>\n<li>MARIA DEL MAR ALMODOVAR PASTOR<\/li>\n<li>JAUME BINNIMELIS MANRESA<\/li>\n<li>ANA MARIA RUIZ MOLINA<\/li>\n<li>CARLOS CASILLA PARIS<\/li>\n<li>PILAR ROMERO GUTIERREZ<\/li>\n<li>PERE MASSUTI NICOLAU<\/li>\n<li>MERCEDES GARRIDO RODRIGUEZ<\/li>\n<li>MIQUEL RIERA NADAL<\/li>\n<\/ol>\n<p>SUPLENT 1: MARIA SOLEDAD ROMERO GUTIERREZ<br \/>\nSUPLENT 2: ALEJANDRO MARTIN GUZMAN<\/p>\n<\/p><\/div><\/div>\n<\/div>\n<\/div>\n<\/div>\n<\/div>\n<p>Source: Federaci\u00f3 de Mallorca &#8211; Municipis<\/p>\n","protected":false},"excerpt":{"rendered":"<p>Xisco Duarte encap\u00e7alar\u00e0 el projecte socialista de marcat car\u00e0cter \u201csocial i integrador\u201d i amb l\u2019objectiu de consolidar la tasca iniciada el 2015 L\u2019Agrupaci\u00f3 Socialista de Felanitx ha presentat la seva candidatura per a les eleccions municipals del 26 de maig, un projecte que torna a encap\u00e7alar Xisco Duarte i que ja est\u00e0 \u201cpreparat per guanyar&hellip;<\/p>\n","protected":false},"author":1,"featured_media":24489,"comment_status":"closed","ping_status":"open","sticky":false,"template":"","format":"standard","meta":{"footnotes":""},"categories":[90],"tags":[],"class_list":["post-24488","post","type-post","status-publish","format-standard","has-post-thumbnail","hentry","category-municipis"],"_links":{"self":[{"href":"https:\/\/www.psib-psoe.org\/mallorca\/wp-json\/wp\/v2\/posts\/24488"}],"collection":[{"href":"https:\/\/www.psib-psoe.org\/mallorca\/wp-json\/wp\/v2\/posts"}],"about":[{"href":"https:\/\/www.psib-psoe.org\/mallorca\/wp-json\/wp\/v2\/types\/post"}],"author":[{"embeddable":true,"href":"https:\/\/www.psib-psoe.org\/mallorca\/wp-json\/wp\/v2\/users\/1"}],"replies":[{"embeddable":true,"href":"https:\/\/www.psib-psoe.org\/mallorca\/wp-json\/wp\/v2\/comments?post=24488"}],"version-history":[{"count":0,"href":"https:\/\/www.psib-psoe.org\/mallorca\/wp-json\/wp\/v2\/posts\/24488\/revisions"}],"wp:featuredmedia":[{"embeddable":true,"href":"https:\/\/www.psib-psoe.org\/mallorca\/wp-json\/wp\/v2\/media\/24489"}],"wp:attachment":[{"href":"https:\/\/www.psib-psoe.org\/mallorca\/wp-json\/wp\/v2\/media?parent=24488"}],"wp:term":[{"taxonomy":"category","embeddable":true,"href":"https:\/\/www.psib-psoe.org\/mallorca\/wp-json\/wp\/v2\/categories?post=24488"},{"taxonomy":"post_tag","embeddable":true,"href":"https:\/\/www.psib-psoe.org\/mallorca\/wp-json\/wp\/v2\/tags?post=24488"}],"curies":[{"name":"wp","href":"https:\/\/api.w.org\/{rel}","templated":true}]}}