{"id":24494,"date":"2019-04-16T10:58:41","date_gmt":"2019-04-16T08:58:41","guid":{"rendered":"http:\/\/www.psib-psoe.org\/mallorca\/pere-joan-pons-la-primera-prioritat-del-govern-de-pedro-sanchez-es-locupacio\/"},"modified":"2020-01-08T14:52:18","modified_gmt":"2020-01-08T12:52:18","slug":"pere-joan-pons-la-primera-prioritat-del-govern-de-pedro-sanchez-es-locupacio","status":"publish","type":"post","link":"https:\/\/www.psib-psoe.org\/mallorca\/pere-joan-pons-la-primera-prioritat-del-govern-de-pedro-sanchez-es-locupacio\/","title":{"rendered":"Pere Joan Pons: \u201cLa primera prioritat del govern de Pedro S\u00e1nchez \u00e9s l\u2019ocupaci\u00f3\u201d"},"content":{"rendered":"<div class=\"row wpb_row row-fluid img_noticia\">\n<div class=\"wpb_column columns small-12 medium-12 thb-dark-column\">\n<div class=\"vc_column-inner  \">\n<div class=\"wpb_wrapper\">\n<div class=\"wpb_single_image wpb_content_element vc_align_center  vc_custom_1560157193326\">\n<figure class=\"wpb_wrapper vc_figure\">\n<div class=\"vc_single_image-wrapper   vc_box_border_grey\"><img loading=\"lazy\" decoding=\"async\" width=\"1000\" height=\"750\" src=\"http:\/\/www.psib-psoe.org\/wp-content\/uploads\/pere-joan-pons-susanna-moll-mercat-pere-garau-palma-abril-2019.jpeg\" class=\"vc_single_image-img attachment-full\" alt=\"\" \/><\/div>\n<\/figure><\/div>\n<\/div>\n<\/div>\n<\/div>\n<\/div>\n<div class=\"row wpb_row row-fluid intro full-width-row vc_custom_1558336094678\">\n<div class=\"col_izq wpb_column columns small-12 medium-12 thb-dark-column\">\n<div class=\"vc_column-inner  \">\n<div class=\"wpb_wrapper\">\n<div class=\"wpb_text_column wpb_content_element  \">\n<div class=\"wpb_wrapper\">\n<p><em><u>El candidat socialista al Congr\u00e9s dels Diputats ha destacat que \u201cel t\u00e0ndem Armengol \u2013 S\u00e1nchez ha aconseguit 70.000 nous llocs de feina que es complementen amb una pujada del salari m\u00ednim que beneficia 56.000 treballadors i treballadores de les Illes Balears\u201d<\/u><\/em><\/p>\n<\/p><\/div><\/div>\n<\/div>\n<\/div>\n<\/div>\n<\/div>\n<div class=\"row wpb_row row-fluid full-width-row\">\n<div class=\"col_izq wpb_column columns small-12 medium-6 thb-dark-column\">\n<div class=\"vc_column-inner  \">\n<div class=\"wpb_wrapper\">\n<div class=\"wpb_text_column wpb_content_element  \">\n<div class=\"wpb_wrapper\">\n<p>Un grup de companys i companyes socialistes, amb el candidat al Congr\u00e9s dels Diputats, Pere Joan Pons, i la candidata al Senat per Mallorca, Susanna Moll, al capdavant, ha visitat avui demat\u00ed el mercat municipal de Pere Garau, on hi havia instal\u00b7lada una taula informativa amb material de campanya.<\/p>\n<p>Durant la visita al mercat, el candidat socialista ha pogut explicar als ve\u00efnats i ve\u00efnades de Pere Garau les pol\u00edtiques d\u2019ocupaci\u00f3 desenvolupades pels socialistes, com tamb\u00e9 les mesures en aquesta mat\u00e8ria que proposen de cara a les eleccions dels 28 d\u2019abril i que s\u00f3n \u201cla primera prioritat del govern de S\u00e1nchez\u201d.<\/p>\n<p>Pons ha posat d\u2019exemple la tasca feta pel govern de Francina Armengol a les Illes Balears des de 2015, una tasca \u201cque s\u2019ha plasmat a Espanya durant aquests 10 mesos\u201d i que mostra, \u201cclarament quina \u00e9s la voluntat per als pr\u00f2xims anys\u201d per als socialistes.<\/p>\n<p>En particular, el candidat socialista ha exposat com \u201cel t\u00e0ndem S\u00e1nchez \u2013 Armengol ha aconseguit 70.000 nous llocs de feina\u201d i que, a m\u00e9s, \u201ces complement\u00e9s amb una pujada del salari m\u00ednim que ja afecta 56.000 treballadors i treballadores de les Illes Balears.\u201d<\/p>\n<\/p><\/div><\/div>\n<\/div>\n<\/div>\n<\/div>\n<div class=\"col_dcha wpb_column columns small-12 medium-6 thb-dark-column\">\n<div class=\"vc_column-inner  \">\n<div class=\"wpb_wrapper\">\n<div class=\"wpb_text_column wpb_content_element  \">\n<div class=\"wpb_wrapper\">\n<p>En aquesta l\u00ednia, Pons tamb\u00e9 ha volgut fer \u00e8mfasi en el pla de lluita contra la precarietat laboral impulsat aquesta legislatura i que ha aconseguit \u201cla transformaci\u00f3 de 25.000 llocs de feina de temporals a indefinits\u201d. Respecte dels salaris del sector de l\u2019hostaleria, Pons ha recordat tamb\u00e9 que \u201ca partir del di\u00e0leg entre el govern i els agents socials\u201d, s\u2019han pogut \u201caugmentar els salaris un 17%\u201d.<\/p>\n<p>En darrer terme, el candidat socialista tamb\u00e9 ha posat de relleu la feina feta pel Govern de les Illes Balears a trav\u00e9s del programa SOIB Dona, que fins al moment ha beneficiat 139 dones v\u00edctimes de la viol\u00e8ncia masclista, que seran prop de 200 en el termini d\u2019un mes.<\/p>\n<p>Despr\u00e9s del mercat de Pere Garau s\u2019ha visitat tamb\u00e9 el mercat municipal de Santa Catalina.<\/p>\n<\/p><\/div><\/div>\n<\/div>\n<\/div>\n<\/div>\n<\/div>\n<p>Source: Federaci\u00f3 de Mallorca &#8211; Municipis<\/p>\n","protected":false},"excerpt":{"rendered":"<p>El candidat socialista al Congr\u00e9s dels Diputats ha destacat que \u201cel t\u00e0ndem Armengol \u2013 S\u00e1nchez ha aconseguit 70.000 nous llocs de feina que es complementen amb una pujada del salari m\u00ednim que beneficia 56.000 treballadors i treballadores de les Illes Balears\u201d Un grup de companys i companyes socialistes, amb el candidat al Congr\u00e9s dels Diputats,&hellip;<\/p>\n","protected":false},"author":1,"featured_media":24495,"comment_status":"closed","ping_status":"open","sticky":false,"template":"","format":"standard","meta":{"footnotes":""},"categories":[2,90],"tags":[],"class_list":["post-24494","post","type-post","status-publish","format-standard","has-post-thumbnail","hentry","category-federacio-de-mallorca","category-municipis"],"_links":{"self":[{"href":"https:\/\/www.psib-psoe.org\/mallorca\/wp-json\/wp\/v2\/posts\/24494"}],"collection":[{"href":"https:\/\/www.psib-psoe.org\/mallorca\/wp-json\/wp\/v2\/posts"}],"about":[{"href":"https:\/\/www.psib-psoe.org\/mallorca\/wp-json\/wp\/v2\/types\/post"}],"author":[{"embeddable":true,"href":"https:\/\/www.psib-psoe.org\/mallorca\/wp-json\/wp\/v2\/users\/1"}],"replies":[{"embeddable":true,"href":"https:\/\/www.psib-psoe.org\/mallorca\/wp-json\/wp\/v2\/comments?post=24494"}],"version-history":[{"count":0,"href":"https:\/\/www.psib-psoe.org\/mallorca\/wp-json\/wp\/v2\/posts\/24494\/revisions"}],"wp:featuredmedia":[{"embeddable":true,"href":"https:\/\/www.psib-psoe.org\/mallorca\/wp-json\/wp\/v2\/media\/24495"}],"wp:attachment":[{"href":"https:\/\/www.psib-psoe.org\/mallorca\/wp-json\/wp\/v2\/media?parent=24494"}],"wp:term":[{"taxonomy":"category","embeddable":true,"href":"https:\/\/www.psib-psoe.org\/mallorca\/wp-json\/wp\/v2\/categories?post=24494"},{"taxonomy":"post_tag","embeddable":true,"href":"https:\/\/www.psib-psoe.org\/mallorca\/wp-json\/wp\/v2\/tags?post=24494"}],"curies":[{"name":"wp","href":"https:\/\/api.w.org\/{rel}","templated":true}]}}