{"id":24497,"date":"2019-03-30T11:09:29","date_gmt":"2019-03-30T09:09:29","guid":{"rendered":"http:\/\/www.psib-psoe.org\/mallorca\/gori-estarellas-hem-estat-el-partit-que-mes-feina-ha-fet-per-llucmajor-aquests-quatre-anys\/"},"modified":"2019-12-20T13:11:07","modified_gmt":"2019-12-20T11:11:07","slug":"gori-estarellas-hem-estat-el-partit-que-mes-feina-ha-fet-per-llucmajor-aquests-quatre-anys","status":"publish","type":"post","link":"https:\/\/www.psib-psoe.org\/mallorca\/gori-estarellas-hem-estat-el-partit-que-mes-feina-ha-fet-per-llucmajor-aquests-quatre-anys\/","title":{"rendered":"Gori Estarellas: \u201cHem estat el partit que m\u00e9s feina ha fet per Llucmajor aquests quatre anys\u201d"},"content":{"rendered":"<div class=\"row wpb_row row-fluid img_noticia\">\n<div class=\"wpb_column columns small-12 medium-12 thb-dark-column\">\n<div class=\"vc_column-inner  \">\n<div class=\"wpb_wrapper\">\n<div class=\"wpb_single_image wpb_content_element vc_align_center  vc_custom_1560244243884\">\n<figure class=\"wpb_wrapper vc_figure\">\n<div class=\"vc_single_image-wrapper   vc_box_border_grey\"><img loading=\"lazy\" decoding=\"async\" width=\"1000\" height=\"668\" src=\"http:\/\/www.psib-psoe.org\/wp-content\/uploads\/presentacio-candidat-llucmajor-gori-estarellas-a-badies.jpeg\" class=\"vc_single_image-img attachment-full\" alt=\"\" \/><\/div>\n<\/figure><\/div>\n<\/div>\n<\/div>\n<\/div>\n<\/div>\n<div class=\"row wpb_row row-fluid intro full-width-row vc_custom_1558336094678\">\n<div class=\"col_izq wpb_column columns small-12 medium-12 thb-dark-column\">\n<div class=\"vc_column-inner  \">\n<div class=\"wpb_wrapper\">\n<div class=\"wpb_text_column wpb_content_element  \">\n<div class=\"wpb_wrapper\">\n<p><em><u>Les urbanitzacions del municipi de Llucmajor han estat el lloc escollit per Estarellas i el seu equip per retre comptes de la feina feta i explicar els eixos b\u00e0sics en qu\u00e8 pivotar\u00e0 el projecte socialista per als pr\u00f2xims quatre anys<\/u><\/em><\/p>\n<\/p><\/div><\/div>\n<\/div>\n<\/div>\n<\/div>\n<\/div>\n<div class=\"row wpb_row row-fluid full-width-row\">\n<div class=\"col_izq wpb_column columns small-12 medium-6 thb-dark-column\">\n<div class=\"vc_column-inner  \">\n<div class=\"wpb_wrapper\">\n<div class=\"wpb_text_column wpb_content_element  \">\n<div class=\"wpb_wrapper\">\n<p>Els Socialistes de Llucmajor han presentat el seu candidat a revalidar la batlia del poble, Gori Estarellas, en un acte celebrat a les urbanitzacions del municipi i al qual tamb\u00e9 ha assistit el diputat del Grup Parlamentari Socialista, vicepresident del Parlament de les Illes Balears i candidat del PSIB-PSOE a la cambra auton\u00f2mica, Vicen\u00e7 Thom\u00e0s.<\/p>\n<p>L\u2019acte ha servit a Gori Estarellas i al seu equip per retre comptes dels quatre anys de legislatura, que ha resumit el candidat socialista d\u2019una manera ben directa: \u201chem estat el partit que m\u00e9s feina ha fet per Llucmajor aquests quatre anys\u201d.<\/p>\n<p>Lucia Escribano, regidora encarregada de les \u00e0rees de turisme i atenci\u00f3 ciutadana en aquesta legislatura, ha destacat la gesti\u00f3 dels socialistes en aquest nucli llucmajorer. \u201cLi hem donat a les urbanitzacions la import\u00e0ncia que es mereixen\u201d, ha asseverat.<\/p>\n<\/p><\/div><\/div>\n<\/div>\n<\/div>\n<\/div>\n<div class=\"col_dcha wpb_column columns small-12 medium-6 thb-dark-column\">\n<div class=\"vc_column-inner  \">\n<div class=\"wpb_wrapper\">\n<div class=\"wpb_text_column wpb_content_element  \">\n<div class=\"wpb_wrapper\">\n<p>Per la seva banda, Vicen\u00e7 Thom\u00e0s ha dit d\u2019Estarellas que \u201cha estat un exemple\u201d, ja que \u201cha fet desapar\u00e8ixer el deute de 40 milions d\u2019euros\u201d que va deixar el PP, \u201ci aix\u00f2 sense danyar les persones amb pol\u00edtiques de retallades\u201d, ha destacat el diputat.<\/p>\n<p>En aquest sentit, Estarellas ha explicat que no nom\u00e9s s\u2019ha fet desapar\u00e8ixer aquest deute, que era del cent per cent del pressupost municipal, sin\u00f3 que \u201chem aconseguit acabar la legislatura amb un benefici de 6,5 milions d\u2019euros\u201d. \u201cEl deute no ens ha impossibilitat seguir fent feina per millorar la vida de la gent del poble, perqu\u00e8 els socialistes duim l\u2019educaci\u00f3, la sanitat i els drets socials en els gens\u201d, ha concl\u00f2s el candidat.<\/p>\n<p>Aix\u00ed mateix, la presentaci\u00f3 ha servit a Estarellas per explicar als assistents quins seran els eixos del programa electoral dels socialistes per a la pr\u00f2xima legislatura, remarcant que seran els serveis socials un dels \u00e0mbits que es prioritzaran.<\/p>\n<\/p><\/div><\/div>\n<\/div>\n<\/div>\n<\/div>\n<\/div>\n<p>Source: Federaci\u00f3 de Mallorca &#8211; Municipis<\/p>\n","protected":false},"excerpt":{"rendered":"<p>Les urbanitzacions del municipi de Llucmajor han estat el lloc escollit per Estarellas i el seu equip per retre comptes de la feina feta i explicar els eixos b\u00e0sics en qu\u00e8 pivotar\u00e0 el projecte socialista per als pr\u00f2xims quatre anys Els Socialistes de Llucmajor han presentat el seu candidat a revalidar la batlia del poble,&hellip;<\/p>\n","protected":false},"author":1,"featured_media":24498,"comment_status":"closed","ping_status":"open","sticky":false,"template":"","format":"standard","meta":{"footnotes":""},"categories":[90],"tags":[],"class_list":["post-24497","post","type-post","status-publish","format-standard","has-post-thumbnail","hentry","category-municipis"],"_links":{"self":[{"href":"https:\/\/www.psib-psoe.org\/mallorca\/wp-json\/wp\/v2\/posts\/24497"}],"collection":[{"href":"https:\/\/www.psib-psoe.org\/mallorca\/wp-json\/wp\/v2\/posts"}],"about":[{"href":"https:\/\/www.psib-psoe.org\/mallorca\/wp-json\/wp\/v2\/types\/post"}],"author":[{"embeddable":true,"href":"https:\/\/www.psib-psoe.org\/mallorca\/wp-json\/wp\/v2\/users\/1"}],"replies":[{"embeddable":true,"href":"https:\/\/www.psib-psoe.org\/mallorca\/wp-json\/wp\/v2\/comments?post=24497"}],"version-history":[{"count":0,"href":"https:\/\/www.psib-psoe.org\/mallorca\/wp-json\/wp\/v2\/posts\/24497\/revisions"}],"wp:featuredmedia":[{"embeddable":true,"href":"https:\/\/www.psib-psoe.org\/mallorca\/wp-json\/wp\/v2\/media\/24498"}],"wp:attachment":[{"href":"https:\/\/www.psib-psoe.org\/mallorca\/wp-json\/wp\/v2\/media?parent=24497"}],"wp:term":[{"taxonomy":"category","embeddable":true,"href":"https:\/\/www.psib-psoe.org\/mallorca\/wp-json\/wp\/v2\/categories?post=24497"},{"taxonomy":"post_tag","embeddable":true,"href":"https:\/\/www.psib-psoe.org\/mallorca\/wp-json\/wp\/v2\/tags?post=24497"}],"curies":[{"name":"wp","href":"https:\/\/api.w.org\/{rel}","templated":true}]}}