{"id":24502,"date":"2019-12-12T16:22:03","date_gmt":"2019-12-12T14:22:03","guid":{"rendered":"http:\/\/www.psib-psoe.org\/mallorca\/?p=24502"},"modified":"2019-12-12T16:22:03","modified_gmt":"2019-12-12T14:22:03","slug":"aprovada-la-proposta-socialista-per-la-implantacio-de-lagenda-2030","status":"publish","type":"post","link":"https:\/\/www.psib-psoe.org\/mallorca\/aprovada-la-proposta-socialista-per-la-implantacio-de-lagenda-2030\/","title":{"rendered":"Aprovada la proposta socialista per la implantaci\u00f3 de l\u2019Agenda 2030"},"content":{"rendered":"<div class=\"wpb-content-wrapper\">[vc_row el_class=&#8221;img_noticia&#8221;][vc_column][vc_single_image image=&#8221;24503&#8243; img_size=&#8221;full&#8221;][\/vc_column][\/vc_row][vc_row el_class=&#8221;intro&#8221;][vc_column][vc_column_text]<i><span style=\"font-weight: 400;\">Tamb\u00e9 queda aprovat per unanimitat la continu\u00eftat del conveni de l\u2019hip\u00f2drom de Manacor<\/span><\/i>[\/vc_column_text][\/vc_column][\/vc_row][vc_row][vc_column width=&#8221;1\/2&#8243;][vc_column_text]<span style=\"font-weight: 400;\">El ple del Consell de Mallorca ha aprovat aquest dijous la implantaci\u00f3 de l\u2019Agenda 2030 i la promoci\u00f3 del pla d\u2019acci\u00f3 que es basa en 17 Objectius de Desenvolupament Sostenible (ODS). Una moci\u00f3 presentada pel PSIB-PSOE i els socis de govern Unides Podem i M\u00e9s per Mallorca que defensa una Mallorca sostenible tan econ\u00f2mica, social com mediambientalment.\u00a0<\/span><\/p>\n<p>&nbsp;<\/p>\n<p><span style=\"font-weight: 400;\">L&#8217;agenda 2030 \u00e9s un instrument per aconseguir el repte d&#8217;un planeta m\u00e9s igualitari i sostenible, amb una planificaci\u00f3 estrat\u00e8gica coherent i transversal que permeti retre comptes a la ciutadania de l&#8217;actuaci\u00f3 institucional davant les evid\u00e8ncies cient\u00edfiques avalades per l&#8217;informe d&#8217;Avaluaci\u00f3 Global sobre la Biodiversitat (IPBES) que reconeixen el cam\u00ed de la reducci\u00f3 de les emissions com a forma per protegir l&#8217;exist\u00e8ncia d&#8217;un futur per al planeta.<\/span><\/p>\n<p>&nbsp;<\/p>\n<p><span style=\"font-weight: 400;\">El portaveu del Grup Socialista del Consell de Mallorca, Andreu Alcover, ha lamentat que \u201cla negativa de Vox impossibilit\u00e0s aprovar aquest acord com declaraci\u00f3 institucional\u201d. A m\u00e9s ha afegit que \u201cVOX s\u2019ha desmarcat amb els dos temes que fins ara hi havien estan consensuats amb totes les forces pol\u00edtiques com \u00e9s la viol\u00e8ncia de g\u00e8nere i la lluita del canvi clim\u00e0tic, per\u00f2 la majoria del plenari li donar\u00e0 suport i ser\u00e0 molt benefici\u00f3s per l&#8217;illa de Mallorca\u201d.<\/span><\/p>\n[\/vc_column_text][\/vc_column][vc_column width=&#8221;1\/2&#8243;][vc_column_text]<b>Hip\u00f2drom de Manacor<\/b><\/p>\n<p>&nbsp;<\/p>\n<p><span style=\"font-weight: 400;\">A m\u00e9s, el ple ordinari ha aprovat per unanimitat la continu\u00eftat del conveni de l\u2019hip\u00f2drom de Manacor amb el Consell de Mallorca, l\u2019Ajuntament de Manacor i l&#8217;Institut H\u00edpic. Un acord que permet una passa endavant en la gesti\u00f3 d\u2019aquesta infraestructura que rebr\u00e0 una inversi\u00f3 de 240.000 euros.\u00a0<\/span><\/p>\n<p>&nbsp;<\/p>\n<p><span style=\"font-weight: 400;\">La presidenta del Consell de Mallorca, Catalina Cladera, ha explicat que \u201c\u00e9s una inversi\u00f3 que permetr\u00e0 continuar impulsant el trot, una activitat molt lligada hist\u00f2ricament al Llevant de Mallorca i a Manacor\u201d.<\/span><\/p>\n[\/vc_column_text][\/vc_column][\/vc_row]\n<\/div>","protected":false},"excerpt":{"rendered":"<p>[vc_row el_class=&#8221;img_noticia&#8221;][vc_column][vc_single_image image=&#8221;24503&#8243; img_size=&#8221;full&#8221;][\/vc_column][\/vc_row][vc_row el_class=&#8221;intro&#8221;][vc_column][vc_column_text]Tamb\u00e9 queda aprovat per unanimitat la continu\u00eftat del conveni de l\u2019hip\u00f2drom de Manacor[\/vc_column_text][\/vc_column][\/vc_row][vc_row][vc_column width=&#8221;1\/2&#8243;][vc_column_text]El ple del Consell de Mallorca ha aprovat aquest dijous la implantaci\u00f3 de l\u2019Agenda 2030 i la promoci\u00f3 del pla d\u2019acci\u00f3 que es basa en 17 Objectius de Desenvolupament Sostenible (ODS). Una moci\u00f3 presentada pel PSIB-PSOE i els&hellip;<\/p>\n","protected":false},"author":3,"featured_media":24503,"comment_status":"open","ping_status":"open","sticky":false,"template":"","format":"standard","meta":{"footnotes":""},"categories":[89,92],"tags":[],"class_list":["post-24502","post","type-post","status-publish","format-standard","has-post-thumbnail","hentry","category-consell-de-mallorca","category-portada"],"_links":{"self":[{"href":"https:\/\/www.psib-psoe.org\/mallorca\/wp-json\/wp\/v2\/posts\/24502"}],"collection":[{"href":"https:\/\/www.psib-psoe.org\/mallorca\/wp-json\/wp\/v2\/posts"}],"about":[{"href":"https:\/\/www.psib-psoe.org\/mallorca\/wp-json\/wp\/v2\/types\/post"}],"author":[{"embeddable":true,"href":"https:\/\/www.psib-psoe.org\/mallorca\/wp-json\/wp\/v2\/users\/3"}],"replies":[{"embeddable":true,"href":"https:\/\/www.psib-psoe.org\/mallorca\/wp-json\/wp\/v2\/comments?post=24502"}],"version-history":[{"count":0,"href":"https:\/\/www.psib-psoe.org\/mallorca\/wp-json\/wp\/v2\/posts\/24502\/revisions"}],"wp:featuredmedia":[{"embeddable":true,"href":"https:\/\/www.psib-psoe.org\/mallorca\/wp-json\/wp\/v2\/media\/24503"}],"wp:attachment":[{"href":"https:\/\/www.psib-psoe.org\/mallorca\/wp-json\/wp\/v2\/media?parent=24502"}],"wp:term":[{"taxonomy":"category","embeddable":true,"href":"https:\/\/www.psib-psoe.org\/mallorca\/wp-json\/wp\/v2\/categories?post=24502"},{"taxonomy":"post_tag","embeddable":true,"href":"https:\/\/www.psib-psoe.org\/mallorca\/wp-json\/wp\/v2\/tags?post=24502"}],"curies":[{"name":"wp","href":"https:\/\/api.w.org\/{rel}","templated":true}]}}