{"id":24506,"date":"2019-12-13T12:54:47","date_gmt":"2019-12-13T10:54:47","guid":{"rendered":"http:\/\/www.psib-psoe.org\/mallorca\/?p=24506"},"modified":"2020-01-08T12:28:44","modified_gmt":"2020-01-08T10:28:44","slug":"els-socialistes-de-mallorca-defensen-que-la-millor-manera-de-combatre-la-ultradreta-es-amb-un-pacte-progressista-al-govern-despanya","status":"publish","type":"post","link":"https:\/\/www.psib-psoe.org\/mallorca\/els-socialistes-de-mallorca-defensen-que-la-millor-manera-de-combatre-la-ultradreta-es-amb-un-pacte-progressista-al-govern-despanya\/","title":{"rendered":"Els Socialistes de Mallorca defensen que la millor manera de combatre la ultradreta \u00e9s amb un pacte progressista al Govern d\u2019Espanya"},"content":{"rendered":"<div class=\"wpb-content-wrapper\">[vc_row el_class=&#8221;img_noticia&#8221;][vc_column][vc_single_image image=&#8221;24507&#8243; img_size=&#8221;full&#8221;][\/vc_column][\/vc_row][vc_row el_class=&#8221;intro&#8221;][vc_column][vc_column_text]<i><span style=\"font-weight: 400;\">Pons: \u201cEl PSIB-PSOE ha estat el partit m\u00e9s votat a les tres convocat\u00f2ries electorals i ha sabut mantenir el lideratge en respecte a les altres formacions pol\u00edtiques\u201d.<\/span><\/i>[\/vc_column_text][\/vc_column][\/vc_row][vc_row][vc_column width=&#8221;1\/2&#8243;][vc_column_text]<span style=\"font-weight: 400;\">L&#8217;Agrupaci\u00f3 Socialista de Palma Nord ha organitzat un debat obert amb el diputat per Balears Pere Joan Pons, el senador per Mallorca Cosme Bonet i la secret\u00e0ria general de la Federaci\u00f3 Socialista de Mallorca, Mercedes Garrido, per tractar i debatre diferents temes com la formaci\u00f3 d&#8217;un Govern progressista a Espanya o l&#8217;actualitat pol\u00edtica a Balears conjuntament amb la milit\u00e0ncia.<\/span><\/p>\n<p>&nbsp;<\/p>\n<p><span style=\"font-weight: 400;\">D&#8217;aquesta manera, una de les q\u00fcestions m\u00e9s comentades ha estat l&#8217;any electoral, que ha comptat amb tres comicis, i els possibles pactes de govern per aconseguir un executiu progressista que es faran en l&#8217;\u00e0mbit estatal despr\u00e9s de les passades eleccions del 10 de novembre.<\/span><\/p>\n<p>&nbsp;<\/p>\n<p><span style=\"font-weight: 400;\">Sobre aquests assumptes, Pons ha destacat que &#8220;els socialistes de les Illes Balears han d&#8217;estar contents amb el resultat que ha aconseguit el PSIB-PSOE&#8221;. A m\u00e9s, ha subratllat que &#8220;el nostre partit ha estat el m\u00e9s votat a les tres convocat\u00f2ries i ha sabut mantenir el lideratge en respecte a les altres formacions pol\u00edtiques&#8221;.<\/span><\/p>\n<p>&nbsp;<\/p>\n<p><span style=\"font-weight: 400;\">Tot seguit, el diputat conjuntament amb el senador per Mallorca Bonet han analitzat l&#8217;acord que s&#8217;est\u00e0 forjant amb Unides Podem. &#8220;Un acord clarament progressista i d&#8217;esquerres que \u00e9s el que sempre hem defensat al PSIB-PSOE perqu\u00e8 va en conson\u00e0ncia amb el pacte que tenim en l&#8217;\u00e0mbit de les Illes Balears&#8221;, han explicat Pons i Bonet.<\/span><\/p>\n<p>&nbsp;<\/p>\n<p><span style=\"font-weight: 400;\">Pel que fa al senador, Bonet ha exposat que &#8220;la ciutadania despr\u00e9s de la moci\u00f3 de censura es va il\u00b7lusionar amb el canvi de pol\u00edtiques despr\u00e9s de set anys de govern de retroc\u00e9s quant a pol\u00edtiques de benestar i retallades en serveis socials i p\u00fablics&#8221;. Per tant, ha explicat el senador que &#8220;fou aquesta il\u00b7lusi\u00f3 la que ens va dur a la vict\u00f2ria a l&#8217;\u00e0mbit estatal i es va mantenir perqu\u00e8 el PSOE va obtenir resultats semblants al novembre&#8221;.<\/span>[\/vc_column_text][\/vc_column][vc_column width=&#8221;1\/2&#8243;][vc_column_text]<span style=\"font-weight: 400;\">Per la seva part, Garrido ha analitzat la situaci\u00f3 pol\u00edtica a escala auton\u00f2mica i ha defensat que &#8220;el PSIB-PSOE est\u00e0 fent pol\u00edtiques d&#8217;esquerres gr\u00e0cies al pacte s\u00f2lid que ha de ser un exemple per l&#8217;Estat de cara al pr\u00f2xim pacte de govern&#8221;. A m\u00e9s, ha valorat la bona feina per part dels socialistes que s&#8217;est\u00e0 duent a terme des del Govern balear i el Parlament&#8221;.<\/span><\/p>\n<p>&nbsp;<\/p>\n<p><b>Pol\u00edtiques progressistes per evitar l&#8217;avan\u00e7 de la ultradreta<\/b><\/p>\n<p>&nbsp;<\/p>\n<p><span style=\"font-weight: 400;\">Una altra q\u00fcesti\u00f3 que ha sorgit al debat ha estat l&#8217;avan\u00e7 de la ultradreta a Espanya, Bonet ha explicat que &#8220;la millor resposta als missatges demag\u00f2gics de la ultra dreta \u00e9s combatre&#8217;ls amb pol\u00edtiques d&#8217;esquerres progressistes que desmenteixin tots aquells invents, <\/span><i><span style=\"font-weight: 400;\">fake news<\/span><\/i><span style=\"font-weight: 400;\"> i missatges simplistes que utilitzen per avan\u00e7ar electoralment.<\/span><\/p>\n<p>&nbsp;<\/p>\n<p><span style=\"font-weight: 400;\">Aix\u00ed, el senador ha explicat que \u201cla responsabilitat m\u00e9s immediata que tenim els socialistes \u00e9s aconseguir que la ultradreta no guanyi m\u00e9s terreny al panorama pol\u00edtic, per aix\u00f2 hem d&#8217;aconseguir un pacte d&#8217;esquerres s\u00f2lid a Espanya\u201d.<\/span><\/p>\n<p>&nbsp;<\/p>\n<p><span style=\"font-weight: 400;\">Per concloure, Garrido, Pons i Bonet han agra\u00eft tota la feina feta i la implicaci\u00f3 dels militants socialistes per donar resposta a l&#8217;organitzaci\u00f3 en totes les convocat\u00f2ries electorals que hi ha hagut aquest any.<\/span>[\/vc_column_text][\/vc_column][\/vc_row]\n<\/div>","protected":false},"excerpt":{"rendered":"<p>[vc_row el_class=&#8221;img_noticia&#8221;][vc_column][vc_single_image image=&#8221;24507&#8243; img_size=&#8221;full&#8221;][\/vc_column][\/vc_row][vc_row el_class=&#8221;intro&#8221;][vc_column][vc_column_text]Pons: \u201cEl PSIB-PSOE ha estat el partit m\u00e9s votat a les tres convocat\u00f2ries electorals i ha sabut mantenir el lideratge en respecte a les altres formacions pol\u00edtiques\u201d.[\/vc_column_text][\/vc_column][\/vc_row][vc_row][vc_column width=&#8221;1\/2&#8243;][vc_column_text]L&#8217;Agrupaci\u00f3 Socialista de Palma Nord ha organitzat un debat obert amb el diputat per Balears Pere Joan Pons, el senador per Mallorca Cosme Bonet&hellip;<\/p>\n","protected":false},"author":3,"featured_media":24507,"comment_status":"open","ping_status":"open","sticky":false,"template":"","format":"standard","meta":{"footnotes":""},"categories":[2,90,92],"tags":[],"class_list":["post-24506","post","type-post","status-publish","format-standard","has-post-thumbnail","hentry","category-federacio-de-mallorca","category-municipis","category-portada"],"_links":{"self":[{"href":"https:\/\/www.psib-psoe.org\/mallorca\/wp-json\/wp\/v2\/posts\/24506"}],"collection":[{"href":"https:\/\/www.psib-psoe.org\/mallorca\/wp-json\/wp\/v2\/posts"}],"about":[{"href":"https:\/\/www.psib-psoe.org\/mallorca\/wp-json\/wp\/v2\/types\/post"}],"author":[{"embeddable":true,"href":"https:\/\/www.psib-psoe.org\/mallorca\/wp-json\/wp\/v2\/users\/3"}],"replies":[{"embeddable":true,"href":"https:\/\/www.psib-psoe.org\/mallorca\/wp-json\/wp\/v2\/comments?post=24506"}],"version-history":[{"count":0,"href":"https:\/\/www.psib-psoe.org\/mallorca\/wp-json\/wp\/v2\/posts\/24506\/revisions"}],"wp:featuredmedia":[{"embeddable":true,"href":"https:\/\/www.psib-psoe.org\/mallorca\/wp-json\/wp\/v2\/media\/24507"}],"wp:attachment":[{"href":"https:\/\/www.psib-psoe.org\/mallorca\/wp-json\/wp\/v2\/media?parent=24506"}],"wp:term":[{"taxonomy":"category","embeddable":true,"href":"https:\/\/www.psib-psoe.org\/mallorca\/wp-json\/wp\/v2\/categories?post=24506"},{"taxonomy":"post_tag","embeddable":true,"href":"https:\/\/www.psib-psoe.org\/mallorca\/wp-json\/wp\/v2\/tags?post=24506"}],"curies":[{"name":"wp","href":"https:\/\/api.w.org\/{rel}","templated":true}]}}