{"id":24510,"date":"2019-12-18T10:47:16","date_gmt":"2019-12-18T08:47:16","guid":{"rendered":"http:\/\/www.psib-psoe.org\/mallorca\/el-psib-psoe-liderara-les-politiques-turistiques-i-lagenda-2030-de-la-femp\/"},"modified":"2019-12-20T11:18:58","modified_gmt":"2019-12-20T09:18:58","slug":"el-psib-psoe-liderara-les-politiques-turistiques-i-lagenda-2030-de-la-femp","status":"publish","type":"post","link":"https:\/\/www.psib-psoe.org\/mallorca\/el-psib-psoe-liderara-les-politiques-turistiques-i-lagenda-2030-de-la-femp\/","title":{"rendered":"El PSIB-PSOE liderar\u00e0 les pol\u00edtiques tur\u00edstiques i l\u2019Agenda 2030 de la FEMP"},"content":{"rendered":"<div class=\"row wpb_row row-fluid img_noticia\">\n<div class=\"wpb_column columns small-12 medium-12 thb-dark-column\">\n<div class=\"vc_column-inner  \">\n<div class=\"wpb_wrapper\">\n<div class=\"wpb_single_image wpb_content_element vc_align_center  vc_custom_1576658709809\">\n<figure class=\"wpb_wrapper vc_figure\">\n<div class=\"vc_single_image-wrapper   vc_box_border_grey\"><img loading=\"lazy\" decoding=\"async\" width=\"3717\" height=\"2556\" src=\"http:\/\/www.psib-psoe.org\/wp-content\/uploads\/20190921_XII-PLENARI-FEMP.jpg\" class=\"vc_single_image-img attachment-full\" alt=\"\" \/><\/div>\n<\/figure><\/div>\n<\/div>\n<\/div>\n<\/div>\n<\/div>\n<div class=\"row wpb_row row-fluid intro full-width-row vc_custom_1558336094678\">\n<div class=\"col_izq wpb_column columns small-12 medium-12 thb-dark-column\">\n<div class=\"vc_column-inner  \">\n<div class=\"wpb_wrapper\">\n<div class=\"wpb_text_column wpb_content_element  \">\n<div class=\"wpb_wrapper\">\n<p><em><u>Alfonso Rodr\u00edguez presidir\u00e0 la comissi\u00f3 de Turisme i Jos\u00e9 Hila la nova comissi\u00f3 de la Xarxa ODS i Agenda 2030<\/u><\/em><\/p>\n<\/p><\/div><\/div>\n<\/div>\n<\/div>\n<\/div>\n<\/div>\n<div class=\"row wpb_row row-fluid full-width-row\">\n<div class=\"col_izq wpb_column columns small-12 medium-6 thb-dark-column\">\n<div class=\"vc_column-inner  \">\n<div class=\"wpb_wrapper\">\n<div class=\"wpb_text_column wpb_content_element  \">\n<div class=\"wpb_wrapper\">\n<p>Els socialistes Alfonso Rodr\u00edguez, batle de Calvi\u00e0, i Jos\u00e9 Hila, batle de Palma, estaran al capdavant de les pol\u00edtiques de Turisme i per al Desenvolupament Sostenible i l\u2019Agenda 2030 de la Federaci\u00f3 Espanyola de Municipis i Prov\u00edncies (FEMP), ja que han estat nomenats presidents de les respectives comissions.<\/p>\n<p>Es tracta de dues \u00e0rees de transcendent import\u00e0ncia per als ciutadans i ciutadanes de les Illes Balears, ja que versen sobre dos dels principals reptes a qu\u00e8 ha de fer front la nostra societat: el turisme com a principal motor econ\u00f2mic de l\u2019arxip\u00e8lag i l\u2019Agenda 2030 per adaptar la totalitat de les pol\u00edtiques p\u00fabliques -tamb\u00e9 les tur\u00edstiques- als Objectius de Desenvolupament Sostenible marcats per l\u2019ONU.<\/p>\n<p>En aquest sentit, el batle de Palma, Jos\u00e9 Hila ha destacat que el repte d\u2019encaminar la societat cap a la sostenibilitat global \u00e9s \u201cinajornable\u201d i que ser\u00e0, precisament, des de l\u2019\u00e0mbit local des d\u2019on \u201cs\u2019ha de donar exemple i el donarem\u201d. \u201cEls ajuntaments serem un motor de transformaci\u00f3 per a un desenvolupament sostenible just i per a la lluita contra el canvi clim\u00e0tic\u201d, ha asseverat el socialista.<\/p>\n<p>Per la seva banda, el batle de Calvi\u00e0, Alfonso Rodr\u00edguez, s\u2019ha mostrat \u201cil\u00b7lusionat pel repte de fer feina des del municipalisme per la ind\u00fastria tur\u00edstica\u201d. Aix\u00ed mateix, ha considerat aquesta nova etapa \u201cuna oportunitat i una responsabilitat\u201d, sobretot pel fet que suposa desenvolupar aquesta tasca des de la \u201csostenibilitat social, mediambiental i econ\u00f2mica\u201d.<\/p>\n<\/p><\/div><\/div>\n<\/div>\n<\/div>\n<\/div>\n<div class=\"col_dcha wpb_column columns small-12 medium-6 thb-dark-column\">\n<div class=\"vc_column-inner  \">\n<div class=\"wpb_wrapper\">\n<div class=\"wpb_text_column wpb_content_element  \">\n<div class=\"wpb_wrapper\">\n<p>Cal destacar que Alfonso Rodr\u00edguez substituir\u00e0 Jos\u00e9 Hila en la presid\u00e8ncia de la Comissi\u00f3 de Turisme, la qual cosa fa m\u00e9s pal\u00e8s encara el lideratge que han desenvolupat les Illes Balears en aquest \u00e0mbit des que el socialista Abel Caballero presideix la FEMP.<\/p>\n<p>Amb aquestes dues presid\u00e8ncies dins el m\u00e0xim \u00f2rgan estatal de representaci\u00f3 municipal, els socialistes refermen el seu comprom\u00eds tant amb el turisme com amb la sostenibilitat, per\u00f2 aquesta entesa no nom\u00e9s com a sostenibilitat ambiental, sin\u00f3 tamb\u00e9 econ\u00f2mica i social.<\/p>\n<p><strong>Constituci\u00f3 del Consell Territorial<\/strong><\/p>\n<p>La FEMP tamb\u00e9 ha constitu\u00eft el Consell Territorial de l\u2019entitat, del qual hi formen part els socialistes Catalina Cladera, presidenta del Consell de Mallorca, i Rafa Ruiz, batle d\u2019Eivissa.<\/p>\n<p>Els dos han defensat la necessitat de modificar la regla de despesa de les entitats locals perqu\u00e8 els consells insulars i els ajuntaments de les illes puguin disposar dels super\u00e0vits respectius i poder desenvolupar aix\u00ed pol\u00edtiques que reverteixen en millores per als ciutadans i ciutadanes de les Balears.<\/p>\n<p>Cal recordar que aquest super\u00e0vit ja se situa al voltant dels 600 milions d\u2019euros nom\u00e9s a les Illes Balears.<\/p>\n<\/p><\/div><\/div>\n<\/div>\n<\/div>\n<\/div>\n<\/div>\n<p>Source: Federaci\u00f3 de Mallorca &#8211; Municipis<\/p>\n","protected":false},"excerpt":{"rendered":"<p>Alfonso Rodr\u00edguez presidir\u00e0 la comissi\u00f3 de Turisme i Jos\u00e9 Hila la nova comissi\u00f3 de la Xarxa ODS i Agenda 2030 Els socialistes Alfonso Rodr\u00edguez, batle de Calvi\u00e0, i Jos\u00e9 Hila, batle de Palma, estaran al capdavant de les pol\u00edtiques de Turisme i per al Desenvolupament Sostenible i l\u2019Agenda 2030 de la Federaci\u00f3 Espanyola de Municipis&hellip;<\/p>\n","protected":false},"author":1,"featured_media":24511,"comment_status":"closed","ping_status":"open","sticky":false,"template":"","format":"standard","meta":{"footnotes":""},"categories":[90,92],"tags":[],"class_list":["post-24510","post","type-post","status-publish","format-standard","has-post-thumbnail","hentry","category-municipis","category-portada"],"_links":{"self":[{"href":"https:\/\/www.psib-psoe.org\/mallorca\/wp-json\/wp\/v2\/posts\/24510"}],"collection":[{"href":"https:\/\/www.psib-psoe.org\/mallorca\/wp-json\/wp\/v2\/posts"}],"about":[{"href":"https:\/\/www.psib-psoe.org\/mallorca\/wp-json\/wp\/v2\/types\/post"}],"author":[{"embeddable":true,"href":"https:\/\/www.psib-psoe.org\/mallorca\/wp-json\/wp\/v2\/users\/1"}],"replies":[{"embeddable":true,"href":"https:\/\/www.psib-psoe.org\/mallorca\/wp-json\/wp\/v2\/comments?post=24510"}],"version-history":[{"count":0,"href":"https:\/\/www.psib-psoe.org\/mallorca\/wp-json\/wp\/v2\/posts\/24510\/revisions"}],"wp:featuredmedia":[{"embeddable":true,"href":"https:\/\/www.psib-psoe.org\/mallorca\/wp-json\/wp\/v2\/media\/24511"}],"wp:attachment":[{"href":"https:\/\/www.psib-psoe.org\/mallorca\/wp-json\/wp\/v2\/media?parent=24510"}],"wp:term":[{"taxonomy":"category","embeddable":true,"href":"https:\/\/www.psib-psoe.org\/mallorca\/wp-json\/wp\/v2\/categories?post=24510"},{"taxonomy":"post_tag","embeddable":true,"href":"https:\/\/www.psib-psoe.org\/mallorca\/wp-json\/wp\/v2\/tags?post=24510"}],"curies":[{"name":"wp","href":"https:\/\/api.w.org\/{rel}","templated":true}]}}